{"id":189160,"date":"2014-09-12T00:08:21","date_gmt":"2014-09-12T05:08:21","guid":{"rendered":"http:\/\/www.diarioimagen.net\/?p=189160"},"modified":"2014-09-12T03:17:29","modified_gmt":"2014-09-12T08:17:29","slug":"coacalco-inaugura-su-segunda-feria-del-empleo","status":"publish","type":"post","link":"https:\/\/www.diarioimagen.net\/?p=189160","title":{"rendered":"Coacalco inaugura su Segunda Feria del Empleo"},"content":{"rendered":"<ul>\n<li><strong><em>Participan empresas y dependencias gubernamentales<\/em><\/strong><\/li>\n<\/ul>\n<div id=\"attachment_189176\" style=\"width: 250px\" class=\"wp-caption alignleft\"><a href=\"http:\/\/www.diarioimagen.net\/wp-content\/uploads\/2014\/09\/COACALCO-2442.jpg\"><img loading=\"lazy\" decoding=\"async\" aria-describedby=\"caption-attachment-189176\" class=\"size-medium wp-image-189176\" src=\"http:\/\/www.diarioimagen.net\/wp-content\/uploads\/2014\/09\/COACALCO-2442-240x180.jpg\" alt=\"Arranc\u00f3 la Segunda Feria del Empleo, con la participaci\u00f3n de los principales grupos empresariales que venden bienes y servicios en este municipio.\" width=\"240\" height=\"180\" srcset=\"https:\/\/www.diarioimagen.net\/wp-content\/uploads\/2014\/09\/COACALCO-2442-240x180.jpg 240w, https:\/\/www.diarioimagen.net\/wp-content\/uploads\/2014\/09\/COACALCO-2442-420x315.jpg 420w, https:\/\/www.diarioimagen.net\/wp-content\/uploads\/2014\/09\/COACALCO-2442.jpg 500w\" sizes=\"auto, (max-width: 240px) 100vw, 240px\" \/><\/a><p id=\"caption-attachment-189176\" class=\"wp-caption-text\">Arranc\u00f3 la Segunda Feria del Empleo, con la participaci\u00f3n de los principales grupos empresariales que venden bienes y servicios en este municipio.<\/p><\/div>\n<p><strong>Coacalco, Estado de M\u00e9xico<\/strong>.- El gobierno de Coacalco de Berrioz\u00e1bal, con el prop\u00f3sito de mejorar la econom\u00eda familiar, inaugur\u00f3 la segunda feria municipal del empleo en el auditorio del mismo.<\/p>\n<p>Este evento cont\u00f3 con la participaci\u00f3n de m\u00faltiples empresas privadas como, Grupo Porvenir, Nextel, Soriana, Grupo Gayosso, Polic\u00eda Federal, Secretar\u00eda del Trabajo, Banamex, entre otras; y dependencias gubernamentales, las cuales presentaron diferentes vacantes para los coacalquenses.<\/p>\n<p>En representaci\u00f3n del presidente municipal, David S\u00e1nchez Isidoro, la secretaria del ayuntamiento, Laura Nallily Gonz\u00e1lez Garc\u00eda, asegur\u00f3 que la importancia del mandatario es la seguridad social y el ingreso propio de las familias.<\/p>\n<p>Agreg\u00f3 que este a\u00f1o se cuenta con la presencia de m\u00e1s del 60 por ciento de empresas, en comparaci\u00f3n al anterior y que el 15 por ciento de los coacalquenses lograron ocupar un puesto, por lo que hoy se espera un aproximado del 30 por ciento sean contratados.<\/p>\n<p>Por su parte, la directora general de Desarrollo y Fomento Econ\u00f3mico, Gabriela Riva Palacios, resalt\u00f3 que se espera una asistencia de mil personas y que las empresas participantes cuentan con mil 900 vacantes.<\/p>\n<p>Asimismo, subray\u00f3 la preocupaci\u00f3n de esta administraci\u00f3n por apoyar al emprendedor y microempresario para aquellas personas que busquen autoemplearse.<\/p>\n<p>El evento finaliz\u00f3 con un recorrido por los 40 stands donde los asistentes podr\u00e1n pedir informes.<\/p>\n<p>Se cont\u00f3 con la presencia de la directora de la Escuela de Artes y Oficios en Coacalco, Josefina Nava; los representantes del sector empresarial Crece M\u00e9xico, Javier Licea P\u00e9rez y de la regional del empleo en Ecatepec, Marisol Rubio \u00c1lvarez.<\/p>\n<p>Esta segunda feria del empleo municipal estar\u00e1 solamente el d\u00eda 10 de septiembre, de nueve de la ma\u00f1ana a cuatro de la tarde.<\/p>\n","protected":false},"excerpt":{"rendered":"<p>El gobierno de Coacalco de Berrioz\u00e1bal, con el prop\u00f3sito de mejorar la econom\u00eda familiar, inaugur\u00f3 la segunda feria municipal del empleo en el auditorio del mismo.<\/p>\n","protected":false},"author":3,"featured_media":189176,"comment_status":"open","ping_status":"open","sticky":false,"template":"","format":"standard","meta":{"_monsterinsights_skip_tracking":false,"_monsterinsights_sitenote_active":false,"_monsterinsights_sitenote_note":"","_monsterinsights_sitenote_category":0,"footnotes":""},"categories":[5],"tags":[579,43675,1573],"class_list":["post-189160","post","type-post","status-publish","format-standard","has-post-thumbnail","hentry","category-estado-de-mexico","tag-coacalco","tag-estado-de-mexico","tag-feria-del-empleo"],"_links":{"self":[{"href":"https:\/\/www.diarioimagen.net\/index.php?rest_route=\/wp\/v2\/posts\/189160","targetHints":{"allow":["GET"]}}],"collection":[{"href":"https:\/\/www.diarioimagen.net\/index.php?rest_route=\/wp\/v2\/posts"}],"about":[{"href":"https:\/\/www.diarioimagen.net\/index.php?rest_route=\/wp\/v2\/types\/post"}],"author":[{"embeddable":true,"href":"https:\/\/www.diarioimagen.net\/index.php?rest_route=\/wp\/v2\/users\/3"}],"replies":[{"embeddable":true,"href":"https:\/\/www.diarioimagen.net\/index.php?rest_route=%2Fwp%2Fv2%2Fcomments&post=189160"}],"version-history":[{"count":0,"href":"https:\/\/www.diarioimagen.net\/index.php?rest_route=\/wp\/v2\/posts\/189160\/revisions"}],"wp:featuredmedia":[{"embeddable":true,"href":"https:\/\/www.diarioimagen.net\/index.php?rest_route=\/wp\/v2\/media\/189176"}],"wp:attachment":[{"href":"https:\/\/www.diarioimagen.net\/index.php?rest_route=%2Fwp%2Fv2%2Fmedia&parent=189160"}],"wp:term":[{"taxonomy":"category","embeddable":true,"href":"https:\/\/www.diarioimagen.net\/index.php?rest_route=%2Fwp%2Fv2%2Fcategories&post=189160"},{"taxonomy":"post_tag","embeddable":true,"href":"https:\/\/www.diarioimagen.net\/index.php?rest_route=%2Fwp%2Fv2%2Ftags&post=189160"}],"curies":[{"name":"wp","href":"https:\/\/api.w.org\/{rel}","templated":true}]}}