{"id":189277,"date":"2014-09-15T00:06:34","date_gmt":"2014-09-15T05:06:34","guid":{"rendered":"http:\/\/www.diarioimagen.net\/?p=189277"},"modified":"2014-09-17T02:00:27","modified_gmt":"2014-09-17T07:00:27","slug":"embajador-de-china-reconoce-el-desarrollo-economico-del-edomex","status":"publish","type":"post","link":"https:\/\/www.diarioimagen.net\/?p=189277","title":{"rendered":"Embajador de China reconoce el desarrollo econ\u00f3mico del Edomex"},"content":{"rendered":"<ul>\n<li><strong><em>Qiu Xiaoqui reiter\u00f3 la disposici\u00f3n de trabajar conjuntamente para aprovechar los nichos de oportunidad que se abren en la entidad<\/em><\/strong><\/li>\n<\/ul>\n<div id=\"attachment_189326\" style=\"width: 250px\" class=\"wp-caption alignleft\"><a href=\"http:\/\/www.diarioimagen.net\/wp-content\/uploads\/2014\/09\/eruviel-2443.jpg\"><img loading=\"lazy\" decoding=\"async\" aria-describedby=\"caption-attachment-189326\" class=\"size-medium wp-image-189326\" src=\"http:\/\/www.diarioimagen.net\/wp-content\/uploads\/2014\/09\/eruviel-2443-240x135.jpg\" alt=\"Como una oportunidad para fortalecer los v\u00ednculos de amistad, trabajo, comerciales, culturales, acad\u00e9micos, entre otros, el gobernador Eruviel \u00c1vila Villegas sostuvo un encuentro con el embajador de la Rep\u00fablica Popular China en M\u00e9xico, Qiu Xiaoqi, donde el diplom\u00e1tico reconoci\u00f3 el crecimiento econ\u00f3mico del Estado de M\u00e9xico, as\u00ed como su desarrollo en diversas \u00e1reas.\" width=\"240\" height=\"135\" srcset=\"https:\/\/www.diarioimagen.net\/wp-content\/uploads\/2014\/09\/eruviel-2443-240x135.jpg 240w, https:\/\/www.diarioimagen.net\/wp-content\/uploads\/2014\/09\/eruviel-2443-420x236.jpg 420w, https:\/\/www.diarioimagen.net\/wp-content\/uploads\/2014\/09\/eruviel-2443-235x132.jpg 235w, https:\/\/www.diarioimagen.net\/wp-content\/uploads\/2014\/09\/eruviel-2443-202x114.jpg 202w, https:\/\/www.diarioimagen.net\/wp-content\/uploads\/2014\/09\/eruviel-2443-350x196.jpg 350w, https:\/\/www.diarioimagen.net\/wp-content\/uploads\/2014\/09\/eruviel-2443-220x123.jpg 220w, https:\/\/www.diarioimagen.net\/wp-content\/uploads\/2014\/09\/eruviel-2443-237x132.jpg 237w, https:\/\/www.diarioimagen.net\/wp-content\/uploads\/2014\/09\/eruviel-2443.jpg 480w\" sizes=\"auto, (max-width: 240px) 100vw, 240px\" \/><\/a><p id=\"caption-attachment-189326\" class=\"wp-caption-text\">Como una oportunidad para fortalecer los v\u00ednculos de amistad, trabajo, comerciales, culturales, acad\u00e9micos, entre otros, el gobernador Eruviel \u00c1vila Villegas sostuvo un encuentro con el embajador de la Rep\u00fablica Popular China en M\u00e9xico, Qiu Xiaoqi, donde el diplom\u00e1tico reconoci\u00f3 el crecimiento econ\u00f3mico del Estado de M\u00e9xico, as\u00ed como su desarrollo en diversas \u00e1reas.<\/p><\/div>\n<p><strong>Toluca, Estado de M\u00e9xico<\/strong>.- El gobernador Eruviel \u00c1vila Villegas sostuvo aqu\u00ed un encuentro\u00a0 con el embajador de la Rep\u00fablica Popular China en M\u00e9xico, Qiu Xiaoqi, donde el diplom\u00e1tico reconoci\u00f3 el crecimiento econ\u00f3mico del Estado de M\u00e9xico y su desarrollo en diversas \u00e1reas, por lo que reiter\u00f3 su disposici\u00f3n de trabajar de manera conjunta para aprovechar los nichos de oportunidad y aumentar las relaciones e intercambios.<\/p>\n<p>\u201cChina presta mucha importancia a nuestras relaciones con M\u00e9xico, eso es a nivel nacional, y a nivel estatal estamos tambi\u00e9n dispuestos a trabajar estrechamente con usted, se\u00f1or gobernador, con el gobierno estatal mexiquense, hemos conocido con esta visita que su estado est\u00e1 en una etapa de r\u00e1pido desarrollo econ\u00f3mico y que tiene muchos avances en las diversas \u00e1reas, a mi juicio existen muchas posibilidades, muchas potencialidades, para nuestra cooperaci\u00f3n y tenemos que estrecharla, ampliarla y profundizarla\u201d, explic\u00f3, Qiu Xiaoqi.<\/p>\n<p>Por su parte el gobernador dijo al embajador que su presencia en territorio mexiquense abre la oportunidad de fortalecer los v\u00ednculos existentes y agradeci\u00f3 su disposici\u00f3n para mantener comunicaci\u00f3n permanente y aprovechar la excelente relaci\u00f3n que existe entre M\u00e9xico y China.<\/p>\n<p>\u201cHago votos para que esta visita, este encuentro, se traduzca en beneficios concretos para ambos pa\u00edses y, especialmente, para el Estado de M\u00e9xico, quiero que sepa se\u00f1or embajador que aqu\u00ed tiene a un amigo, tiene a un aliado que estar\u00e1 haciendo la parte que nos corresponda para fortalecer esta relaci\u00f3n, esta vinculaci\u00f3n. Esta es una relaci\u00f3n de sociedad, de hermandad, de fortalecimiento mutuo y los estados sub nacionales, los estados locales, las entidades federativas como el Estado de M\u00e9xico podemos aportar mucho\u201d, expres\u00f3 el gobernador mexiquense.<\/p>\n<p>En este encuentro de acercamiento e intercambio, se alcanzaron acuerdos como la pr\u00f3xima instalaci\u00f3n de un aula denominada Confucio, en una instituci\u00f3n de educaci\u00f3n superior, con el prop\u00f3sito de ense\u00f1ar el idioma chino; la impartici\u00f3n de una conferencia por parte del diplom\u00e1tico a empresarios mexiquenses; estrechar el intercambio en los rubros de amistad y trabajo, as\u00ed como el intercambio comercial, cultural, acad\u00e9mico, entre otros rubros.<\/p>\n<p>Respecto a la conferencia magistral que ofrecer\u00e1 Qiu Xiaoqi al sector empresarial y comercial de la entidad, Eruviel \u00c1vila detall\u00f3 que tiene como objetivo dar a conocer las potencialidades de China para fortalecer v\u00ednculos entre empresarios de ambas naciones, as\u00ed como el intercambio comercial.<\/p>\n<p>Subray\u00f3 el inter\u00e9s que existe por parte del Gobierno del Estado de M\u00e9xico para que alumnos mexiquenses visiten el pa\u00eds asi\u00e1tico para prepararse acad\u00e9micamente, al mismo tiempo de recibir a estudiantes chinos.<\/p>\n","protected":false},"excerpt":{"rendered":"<p>El gobernador Eruviel \u00c1vila Villegas sostuvo aqu\u00ed un encuentro  con el embajador de la Rep\u00fablica Popular China en M\u00e9xico, Qiu Xiaoqi, donde el diplom\u00e1tico reconoci\u00f3 el crecimiento econ\u00f3mico del Estado de M\u00e9xico y su desarrollo en diversas \u00e1reas, por lo que reiter\u00f3 su disposici\u00f3n de trabajar de manera conjunta para aprovechar los nichos de oportunidad y aumentar las relaciones e intercambios.<\/p>\n","protected":false},"author":3,"featured_media":189326,"comment_status":"open","ping_status":"open","sticky":false,"template":"","format":"standard","meta":{"_monsterinsights_skip_tracking":false,"_monsterinsights_sitenote_active":false,"_monsterinsights_sitenote_note":"","_monsterinsights_sitenote_category":0,"footnotes":""},"categories":[5],"tags":[43675,23506,452],"class_list":["post-189277","post","type-post","status-publish","format-standard","has-post-thumbnail","hentry","category-estado-de-mexico","tag-estado-de-mexico","tag-republica-popular-china","tag-toluca"],"_links":{"self":[{"href":"https:\/\/www.diarioimagen.net\/index.php?rest_route=\/wp\/v2\/posts\/189277","targetHints":{"allow":["GET"]}}],"collection":[{"href":"https:\/\/www.diarioimagen.net\/index.php?rest_route=\/wp\/v2\/posts"}],"about":[{"href":"https:\/\/www.diarioimagen.net\/index.php?rest_route=\/wp\/v2\/types\/post"}],"author":[{"embeddable":true,"href":"https:\/\/www.diarioimagen.net\/index.php?rest_route=\/wp\/v2\/users\/3"}],"replies":[{"embeddable":true,"href":"https:\/\/www.diarioimagen.net\/index.php?rest_route=%2Fwp%2Fv2%2Fcomments&post=189277"}],"version-history":[{"count":0,"href":"https:\/\/www.diarioimagen.net\/index.php?rest_route=\/wp\/v2\/posts\/189277\/revisions"}],"wp:featuredmedia":[{"embeddable":true,"href":"https:\/\/www.diarioimagen.net\/index.php?rest_route=\/wp\/v2\/media\/189326"}],"wp:attachment":[{"href":"https:\/\/www.diarioimagen.net\/index.php?rest_route=%2Fwp%2Fv2%2Fmedia&parent=189277"}],"wp:term":[{"taxonomy":"category","embeddable":true,"href":"https:\/\/www.diarioimagen.net\/index.php?rest_route=%2Fwp%2Fv2%2Fcategories&post=189277"},{"taxonomy":"post_tag","embeddable":true,"href":"https:\/\/www.diarioimagen.net\/index.php?rest_route=%2Fwp%2Fv2%2Ftags&post=189277"}],"curies":[{"name":"wp","href":"https:\/\/api.w.org\/{rel}","templated":true}]}}