{"id":189284,"date":"2014-09-15T00:07:39","date_gmt":"2014-09-15T05:07:39","guid":{"rendered":"http:\/\/www.diarioimagen.net\/?p=189284"},"modified":"2014-09-15T04:37:25","modified_gmt":"2014-09-15T09:37:25","slug":"vigilaran-3130-policias-las-fiestas-patrias-en-df","status":"publish","type":"post","link":"https:\/\/www.diarioimagen.net\/?p=189284","title":{"rendered":"Vigilar\u00e1n 3,130 polic\u00edas las fiestas patrias en DF"},"content":{"rendered":"<ul>\n<li><strong><em>Los agentes contar\u00e1n con la ayuda de 304 veh\u00edculos, entre patrullas, motocicletas, camionetas y helic\u00f3pteros<\/em><\/strong><\/li>\n<\/ul>\n<div id=\"attachment_189382\" style=\"width: 250px\" class=\"wp-caption alignleft\"><a href=\"http:\/\/www.diarioimagen.net\/wp-content\/uploads\/2014\/09\/FIESTAS-2443.jpg\"><img loading=\"lazy\" decoding=\"async\" aria-describedby=\"caption-attachment-189382\" class=\"size-medium wp-image-189382\" src=\"http:\/\/www.diarioimagen.net\/wp-content\/uploads\/2014\/09\/FIESTAS-2443-240x135.jpg\" alt=\"Las acciones para dar seguridad a los capitalinos durante las fiestas patrias ya son puestas en marcha por las autoridades.\" width=\"240\" height=\"135\" srcset=\"https:\/\/www.diarioimagen.net\/wp-content\/uploads\/2014\/09\/FIESTAS-2443-240x135.jpg 240w, https:\/\/www.diarioimagen.net\/wp-content\/uploads\/2014\/09\/FIESTAS-2443-420x236.jpg 420w, https:\/\/www.diarioimagen.net\/wp-content\/uploads\/2014\/09\/FIESTAS-2443-235x132.jpg 235w, https:\/\/www.diarioimagen.net\/wp-content\/uploads\/2014\/09\/FIESTAS-2443-202x114.jpg 202w, https:\/\/www.diarioimagen.net\/wp-content\/uploads\/2014\/09\/FIESTAS-2443-350x196.jpg 350w, https:\/\/www.diarioimagen.net\/wp-content\/uploads\/2014\/09\/FIESTAS-2443-220x123.jpg 220w, https:\/\/www.diarioimagen.net\/wp-content\/uploads\/2014\/09\/FIESTAS-2443-237x132.jpg 237w, https:\/\/www.diarioimagen.net\/wp-content\/uploads\/2014\/09\/FIESTAS-2443.jpg 480w\" sizes=\"auto, (max-width: 240px) 100vw, 240px\" \/><\/a><p id=\"caption-attachment-189382\" class=\"wp-caption-text\">Las acciones para dar seguridad a los capitalinos durante las fiestas patrias ya son puestas en marcha por las autoridades.<\/p><\/div>\n<p>La Secretar\u00eda de Seguridad P\u00fablica del DF (SSPDF) destinar\u00e1 m\u00e1s de 3 mil elementos para resguardar la seguridad de los asistentes a la celebraci\u00f3n del Grito de Independencia y al Desfile Militar.<\/p>\n<p>A trav\u00e9s de un comunicado, la SSPDF dio a conocer que el lunes 15 de septiembre los 3 mil 130 uniformados comenzar\u00e1n las labores de vigilancia a partir de las 06:00 am y hasta el t\u00e9rmino de \u00e9stas.<\/p>\n<p>Para evitar la alteraci\u00f3n del orden p\u00fablico y la comisi\u00f3n de delitos, los polic\u00edas contar\u00e1n con 304 veh\u00edculos, entre patrullas, moto patrullas, camionetas y helic\u00f3pteros, e instalar\u00e1n tres cinturones de seguridad en calles como Belisario Dom\u00ednguez, Rep\u00fablica de Venezuela, Del Carmen y Correo Mayor, entre otras.<\/p>\n<p>De igual manera, los elementos de la corporaci\u00f3n vigilar\u00e1n las estaciones del Metro Chabacano, San Antonio Abad, Pino Su\u00e1rez, Isabel La Cat\u00f3lica, Salto del Agua, Z\u00f3calo, Allende y Bellas Artes.<\/p>\n<p>Mientras que el martes 16, ser\u00e1n desplegados 3 mil 373 elementos para el desfile. Las acciones preventivas de los uniformados comenzar\u00e1n desde las 03:00 am, pese a que el acto comenzar\u00e1 a las 11:00 horas.<\/p>\n<p>Los elementos que participar\u00e1n en el operativo de seguridad ser\u00e1n de la Polic\u00eda de Proximidad, Metropolitana, Auxiliar, Bancar\u00eda e Industrial, a la Subsecretar\u00eda de Control de Tr\u00e1nsito, Escuadr\u00f3n de Rescate y Urgencias M\u00e9dicas (ERUM).<\/p>\n<p>La dependencia destac\u00f3 que el objetivo del operativo es evitar la venta y consumo del alcohol en la v\u00eda p\u00fablica, as\u00ed como la detecci\u00f3n de artefactos explosivos.<\/p>\n<p>El dispositivo vial para el ingreso a la Plaza de la Constituci\u00f3n abarcar\u00e1 las calles: Rep\u00fablica de Per\u00fa a Jes\u00fas Mar\u00eda, Jos\u00e9 Mar\u00eda Izazaga y Eje Central L\u00e1zaro C\u00e1rdenas,el Eje 1 Norte Ray\u00f3n, Eje 1 Oriente Fray Servando Teresa de Mier hasta el Eje Central L\u00e1zaro C\u00e1rdenas.<\/p>\n","protected":false},"excerpt":{"rendered":"<p>La Secretar\u00eda de Seguridad P\u00fablica del DF (SSPDF) destinar\u00e1 m\u00e1s de 3 mil elementos para resguardar la seguridad de los asistentes a la celebraci\u00f3n del Grito de Independencia y al Desfile Militar.<\/p>\n","protected":false},"author":3,"featured_media":189382,"comment_status":"open","ping_status":"open","sticky":false,"template":"","format":"standard","meta":{"_monsterinsights_skip_tracking":false,"_monsterinsights_sitenote_active":false,"_monsterinsights_sitenote_note":"","_monsterinsights_sitenote_category":0,"footnotes":""},"categories":[6],"tags":[204,12358,384,12164,12200,1126],"class_list":["post-189284","post","type-post","status-publish","format-standard","has-post-thumbnail","hentry","category-cd-de-mexico","tag-ciudad-de-mexico","tag-desfile-militar","tag-df","tag-fiestas-patrias","tag-grito-de-independencia","tag-policias"],"_links":{"self":[{"href":"https:\/\/www.diarioimagen.net\/index.php?rest_route=\/wp\/v2\/posts\/189284","targetHints":{"allow":["GET"]}}],"collection":[{"href":"https:\/\/www.diarioimagen.net\/index.php?rest_route=\/wp\/v2\/posts"}],"about":[{"href":"https:\/\/www.diarioimagen.net\/index.php?rest_route=\/wp\/v2\/types\/post"}],"author":[{"embeddable":true,"href":"https:\/\/www.diarioimagen.net\/index.php?rest_route=\/wp\/v2\/users\/3"}],"replies":[{"embeddable":true,"href":"https:\/\/www.diarioimagen.net\/index.php?rest_route=%2Fwp%2Fv2%2Fcomments&post=189284"}],"version-history":[{"count":0,"href":"https:\/\/www.diarioimagen.net\/index.php?rest_route=\/wp\/v2\/posts\/189284\/revisions"}],"wp:featuredmedia":[{"embeddable":true,"href":"https:\/\/www.diarioimagen.net\/index.php?rest_route=\/wp\/v2\/media\/189382"}],"wp:attachment":[{"href":"https:\/\/www.diarioimagen.net\/index.php?rest_route=%2Fwp%2Fv2%2Fmedia&parent=189284"}],"wp:term":[{"taxonomy":"category","embeddable":true,"href":"https:\/\/www.diarioimagen.net\/index.php?rest_route=%2Fwp%2Fv2%2Fcategories&post=189284"},{"taxonomy":"post_tag","embeddable":true,"href":"https:\/\/www.diarioimagen.net\/index.php?rest_route=%2Fwp%2Fv2%2Ftags&post=189284"}],"curies":[{"name":"wp","href":"https:\/\/api.w.org\/{rel}","templated":true}]}}