{"id":189301,"date":"2014-09-15T00:09:48","date_gmt":"2014-09-15T05:09:48","guid":{"rendered":"http:\/\/www.diarioimagen.net\/?p=189301"},"modified":"2014-09-15T04:38:15","modified_gmt":"2014-09-15T09:38:15","slug":"ya-son-16-los-trenes-del-stc-metro-rehabilitados","status":"publish","type":"post","link":"https:\/\/www.diarioimagen.net\/?p=189301","title":{"rendered":"Ya son 16 los trenes del STC Metro rehabilitados"},"content":{"rendered":"<ul>\n<li><strong><em>La reparaci\u00f3n del convoy nombrado Daniel Cos\u00edo Villegas tuvo un costo de 29 millones 887 mil pesos<\/em><\/strong><\/li>\n<\/ul>\n<div id=\"attachment_189385\" style=\"width: 250px\" class=\"wp-caption alignleft\"><a href=\"http:\/\/www.diarioimagen.net\/wp-content\/uploads\/2014\/09\/METRO-2443.jpg\"><img loading=\"lazy\" decoding=\"async\" aria-describedby=\"caption-attachment-189385\" class=\"size-medium wp-image-189385\" src=\"http:\/\/www.diarioimagen.net\/wp-content\/uploads\/2014\/09\/METRO-2443-240x137.jpg\" alt=\"El tren rehabilitado n\u00famero 16 del STC Metro fue puesto en operaci\u00f3n en la L\u00ednea 3 y se lo nombr\u00f3 Daniel Cos\u00edo Villegas.\" width=\"240\" height=\"137\" srcset=\"https:\/\/www.diarioimagen.net\/wp-content\/uploads\/2014\/09\/METRO-2443-240x137.jpg 240w, https:\/\/www.diarioimagen.net\/wp-content\/uploads\/2014\/09\/METRO-2443-420x241.jpg 420w, https:\/\/www.diarioimagen.net\/wp-content\/uploads\/2014\/09\/METRO-2443-202x114.jpg 202w, https:\/\/www.diarioimagen.net\/wp-content\/uploads\/2014\/09\/METRO-2443.jpg 500w\" sizes=\"auto, (max-width: 240px) 100vw, 240px\" \/><\/a><p id=\"caption-attachment-189385\" class=\"wp-caption-text\">El tren rehabilitado n\u00famero 16 del STC Metro fue puesto en operaci\u00f3n en la L\u00ednea 3 y se lo nombr\u00f3 Daniel Cos\u00edo Villegas.<\/p><\/div>\n<p>El Sistema de Transporte Colectivo Metro puso ayer en operaci\u00f3n en la L\u00ednea 3 el convoy rehabilitado n\u00famero 16, el cual fue nombrado Daniel Cos\u00edo Villegas y tuvo un costo de 29 millones 887 mil pesos.<\/p>\n<p>El convoy motrices M303\u00ad\/M304, fue recuperado por trabajadores del Metro, y entra al servicio de la L\u00ednea 3, que va de Indios Verdes a Universidad.<\/p>\n<p>El decimosexto tren recuperado, de los 22 que es la meta m\u00ednima para este a\u00f1o, es un modelo NM 79, adquirido entre 1981 y 1984, con tecnolog\u00eda \u201cChopper japon\u00e9s\u201d y forma parte de la flota de 49 convoys asignados a la L\u00ednea 3.<\/p>\n<p>Esa l\u00ednea transport\u00f3 en el segundo trimestre de este a\u00f1o a 57 millones 948 mil 356 usuarios, por lo que fue el tercer lugar en afluencia luego de las L\u00edneas 2 y 1, que ocupan el primero y segundo sitios en cuanto a demanda de servicio, respectivamente.<\/p>\n<p>Por medio de sus 23 kil\u00f3metros y 21 estaciones, la L\u00ednea 3 lleva en d\u00edas laborables a miles de j\u00f3venes usuarios a sus clases en Ciudad Universitaria, a la que arriban por medio de las estaciones Universidad y Copilco; tambi\u00e9n pasa por dos de los principales centros hospitalarios del pa\u00eds, el Hospital General de M\u00e9xico y el Centro M\u00e9dico Nacional Siglo XXI.<\/p>\n<p>Con la puesta en operaci\u00f3n de dicho convoy, STC rinde homenaje al historiador Daniel Cos\u00edo Villegas, quien naci\u00f3 en la ciudad de M\u00e9xico el 23 de julio de 1898 y muri\u00f3 el 10 de marzo de 1976, tambi\u00e9n en la capital mexicana. Curs\u00f3 la carrera de abogado en la Universidad Nacional y desde 1919 escrib\u00eda en el peri\u00f3dico<em> Exc\u00e9lsior<\/em>, adem\u00e1s de colaborar con Jos\u00e9 Vasconcelos en la revista<em> La Antorcha<\/em>, la cual tambi\u00e9n dirigi\u00f3.<\/p>\n<p>Abogado (1925) por la Universidad Nacional, con anterioridad se hab\u00eda iniciado en el periodismo (<em>Exc\u00e9lsior<\/em>, 1919), la c\u00e1tedra (sociolog\u00eda y econom\u00eda pol\u00edtica en la Escuela de Jurisprudencia, 1920) y la creaci\u00f3n literaria (<em>Nuestro pobre amigo, novela<\/em>, 1924). Colabor\u00f3 con Jos\u00e9 Vasconcelos en <em>La Antorcha<\/em> y m\u00e1s tarde dirigi\u00f3 esta revista.<\/p>\n<p>Se le otorg\u00f3 el Premio Nacional de Letras en 1971 y form\u00f3 parte del Colegio Nacional desde el 2 de abril de 1951.<\/p>\n","protected":false},"excerpt":{"rendered":"<p>El Sistema de Transporte Colectivo Metro puso ayer en operaci\u00f3n en la L\u00ednea 3 el convoy rehabilitado n\u00famero 16, el cual fue nombrado Daniel Cos\u00edo Villegas y tuvo un costo de 29 millones 887 mil pesos.<\/p>\n","protected":false},"author":3,"featured_media":189385,"comment_status":"open","ping_status":"open","sticky":false,"template":"","format":"standard","meta":{"_monsterinsights_skip_tracking":false,"_monsterinsights_sitenote_active":false,"_monsterinsights_sitenote_note":"","_monsterinsights_sitenote_category":0,"footnotes":""},"categories":[6],"tags":[204,163],"class_list":["post-189301","post","type-post","status-publish","format-standard","has-post-thumbnail","hentry","category-cd-de-mexico","tag-ciudad-de-mexico","tag-metro"],"_links":{"self":[{"href":"https:\/\/www.diarioimagen.net\/index.php?rest_route=\/wp\/v2\/posts\/189301","targetHints":{"allow":["GET"]}}],"collection":[{"href":"https:\/\/www.diarioimagen.net\/index.php?rest_route=\/wp\/v2\/posts"}],"about":[{"href":"https:\/\/www.diarioimagen.net\/index.php?rest_route=\/wp\/v2\/types\/post"}],"author":[{"embeddable":true,"href":"https:\/\/www.diarioimagen.net\/index.php?rest_route=\/wp\/v2\/users\/3"}],"replies":[{"embeddable":true,"href":"https:\/\/www.diarioimagen.net\/index.php?rest_route=%2Fwp%2Fv2%2Fcomments&post=189301"}],"version-history":[{"count":0,"href":"https:\/\/www.diarioimagen.net\/index.php?rest_route=\/wp\/v2\/posts\/189301\/revisions"}],"wp:featuredmedia":[{"embeddable":true,"href":"https:\/\/www.diarioimagen.net\/index.php?rest_route=\/wp\/v2\/media\/189385"}],"wp:attachment":[{"href":"https:\/\/www.diarioimagen.net\/index.php?rest_route=%2Fwp%2Fv2%2Fmedia&parent=189301"}],"wp:term":[{"taxonomy":"category","embeddable":true,"href":"https:\/\/www.diarioimagen.net\/index.php?rest_route=%2Fwp%2Fv2%2Fcategories&post=189301"},{"taxonomy":"post_tag","embeddable":true,"href":"https:\/\/www.diarioimagen.net\/index.php?rest_route=%2Fwp%2Fv2%2Ftags&post=189301"}],"curies":[{"name":"wp","href":"https:\/\/api.w.org\/{rel}","templated":true}]}}