{"id":189332,"date":"2014-09-15T00:08:01","date_gmt":"2014-09-15T05:08:01","guid":{"rendered":"http:\/\/www.diarioimagen.net\/?p=189332"},"modified":"2014-09-15T04:19:57","modified_gmt":"2014-09-15T09:19:57","slug":"la-uaem-crea-centro-de-investigacion","status":"publish","type":"post","link":"https:\/\/www.diarioimagen.net\/?p=189332","title":{"rendered":"La UAEM crea centro de investigaci\u00f3n"},"content":{"rendered":"<ul>\n<li><strong><em>Ciencias biol\u00f3gicas aplicadas<\/em><\/strong><\/li>\n<\/ul>\n<div id=\"attachment_189346\" style=\"width: 250px\" class=\"wp-caption alignleft\"><a href=\"http:\/\/www.diarioimagen.net\/wp-content\/uploads\/2014\/09\/uaem-2443.jpg\"><img loading=\"lazy\" decoding=\"async\" aria-describedby=\"caption-attachment-189346\" class=\"size-medium wp-image-189346\" src=\"http:\/\/www.diarioimagen.net\/wp-content\/uploads\/2014\/09\/uaem-2443-240x135.jpg\" alt=\"El rector de la UAEM, Jorge Olvera Garc\u00eda, firm\u00f3 el decreto de creaci\u00f3n del centro de investigaci\u00f3n en ciencias biol\u00f3gicas aplicadas.\" width=\"240\" height=\"135\" srcset=\"https:\/\/www.diarioimagen.net\/wp-content\/uploads\/2014\/09\/uaem-2443-240x135.jpg 240w, https:\/\/www.diarioimagen.net\/wp-content\/uploads\/2014\/09\/uaem-2443-420x236.jpg 420w, https:\/\/www.diarioimagen.net\/wp-content\/uploads\/2014\/09\/uaem-2443-235x132.jpg 235w, https:\/\/www.diarioimagen.net\/wp-content\/uploads\/2014\/09\/uaem-2443-202x114.jpg 202w, https:\/\/www.diarioimagen.net\/wp-content\/uploads\/2014\/09\/uaem-2443-350x196.jpg 350w, https:\/\/www.diarioimagen.net\/wp-content\/uploads\/2014\/09\/uaem-2443-220x123.jpg 220w, https:\/\/www.diarioimagen.net\/wp-content\/uploads\/2014\/09\/uaem-2443-237x132.jpg 237w, https:\/\/www.diarioimagen.net\/wp-content\/uploads\/2014\/09\/uaem-2443.jpg 480w\" sizes=\"auto, (max-width: 240px) 100vw, 240px\" \/><\/a><p id=\"caption-attachment-189346\" class=\"wp-caption-text\">El rector de la UAEM, Jorge Olvera Garc\u00eda, firm\u00f3 el decreto de creaci\u00f3n del centro de investigaci\u00f3n en ciencias biol\u00f3gicas aplicadas.<\/p><\/div>\n<p><strong>Toluca, Estado de M\u00e9xico<\/strong>.- El rector de la Universidad Aut\u00f3noma del Estado de M\u00e9xico, Jorge Olvera Garc\u00eda, firm\u00f3 el decreto de Creaci\u00f3n del Centro de Investigaci\u00f3n en Ciencias Biol\u00f3gicas Aplicadas, primero en su tipo en una instituci\u00f3n p\u00fablica de educaci\u00f3n superior mexicana, cuya tarea ser\u00e1 desarrollar investigaci\u00f3n y tecnolog\u00eda en las \u00e1reas de Biolog\u00eda de la Conservaci\u00f3n, manejo de recursos naturales y biotecnolog\u00eda.<\/p>\n<p>Lo anterior, en el marco de la Firma del Acuerdo Operativo de Colaboraci\u00f3n entre la UAEM, representada por el rector, y la Secretar\u00eda del Medio Ambiente, por su titular, Cruz Juvenal Roa S\u00e1nchez, a trav\u00e9s de la Comisi\u00f3n Estatal de Parques Naturales y de la Fauna (CEPANAF), encabezada por Anna Sof\u00eda Manzur Garc\u00eda Maass, y la Facultad de Medicina Veterinaria y Zootecnia.<\/p>\n<p>En el evento, al que asisti\u00f3 el director de dicha facultad, Jos\u00e9 Mauro Victoria Mora, Jorge Olvera Garc\u00eda reconoci\u00f3 el compromiso, voluntad y sensibilidad del secretario del Medio Ambiente, quien apoya la consolidaci\u00f3n de este proyecto universitario.<\/p>\n<p>En la Sala \u201cBenito Ju\u00e1rez\u201d del Edificio de Rector\u00eda, asever\u00f3 que la creaci\u00f3n de este v\u00ednculo entre dicha facultad y la CEPANAF abre un nuevo camino para alcanzar el bienestar de la flora y fauna de espacios como el Zool\u00f3gico de Zacango, que con sus m\u00e1s de 850 especies es uno de los espacios con mayor biodiversidad en el pa\u00eds.<\/p>\n<p>Consider\u00f3 que instituciones p\u00fablicas como la UAEM deben generar los programas y proyectos que permitan contrarrestar fen\u00f3menos negativos que afectan a la sociedad; en el Centro de Investigaci\u00f3n en Ciencias Biol\u00f3gicas Aplicadas, abund\u00f3 Olvera Garc\u00eda, en particular en el Laboratorio de Venenos, la UAEM trabajar\u00e1 en el entendimiento de los procesos fisiopatol\u00f3gicos que se producen ante la mordedura de animales t\u00f3xicos, se evaluar\u00e1 la potencia neutralizante de los antivenenos, atendiendo con ello un problema que afecta a la entidad y el pa\u00eds.<\/p>\n<p>Por su parte, Cruz Juvenal Roa S\u00e1nchez enfatiz\u00f3 que de la mano de la M\u00e1xima Casa de Estudios mexiquense, el gobierno de la entidad contin\u00faa haciendo historia, ahora con la creaci\u00f3n de la Comisi\u00f3n Intersecretarial de Cambio Clim\u00e1tico, presidida por el gobernador Eruviel \u00c1vila Villegas, as\u00ed como con la creaci\u00f3n del Instituto Estatal de Energ\u00eda y Cambio Clim\u00e1tico, a cargo de Omar Olvera Herreros.<\/p>\n<p>El servidor p\u00fablico indic\u00f3 que la creaci\u00f3n, por parte de la UAEM, del Centro de Investigaci\u00f3n en Ciencias Biol\u00f3gicas Aplicadas, mediante el establecimiento de lazos de colaboraci\u00f3n, coloca a la entidad a la vanguardia y es ejemplo de que la suma de voluntades y el trabajo coordinado generan buenos resultados en beneficio de la poblaci\u00f3n.<\/p>\n","protected":false},"excerpt":{"rendered":"<p>El rector de la Universidad Aut\u00f3noma del Estado de M\u00e9xico, Jorge Olvera Garc\u00eda, firm\u00f3 el decreto de Creaci\u00f3n del Centro de Investigaci\u00f3n en Ciencias Biol\u00f3gicas Aplicadas, primero en su tipo en una instituci\u00f3n p\u00fablica de educaci\u00f3n superior mexicana, cuya tarea ser\u00e1 desarrollar investigaci\u00f3n y tecnolog\u00eda en las \u00e1reas de Biolog\u00eda de la Conservaci\u00f3n, manejo de recursos naturales y biotecnolog\u00eda.<\/p>\n","protected":false},"author":3,"featured_media":189346,"comment_status":"open","ping_status":"open","sticky":false,"template":"","format":"standard","meta":{"_monsterinsights_skip_tracking":false,"_monsterinsights_sitenote_active":false,"_monsterinsights_sitenote_note":"","_monsterinsights_sitenote_category":0,"footnotes":""},"categories":[5],"tags":[43675,452,1490],"class_list":["post-189332","post","type-post","status-publish","format-standard","has-post-thumbnail","hentry","category-estado-de-mexico","tag-estado-de-mexico","tag-toluca","tag-universidad-autonoma-del-estado-de-mexico"],"_links":{"self":[{"href":"https:\/\/www.diarioimagen.net\/index.php?rest_route=\/wp\/v2\/posts\/189332","targetHints":{"allow":["GET"]}}],"collection":[{"href":"https:\/\/www.diarioimagen.net\/index.php?rest_route=\/wp\/v2\/posts"}],"about":[{"href":"https:\/\/www.diarioimagen.net\/index.php?rest_route=\/wp\/v2\/types\/post"}],"author":[{"embeddable":true,"href":"https:\/\/www.diarioimagen.net\/index.php?rest_route=\/wp\/v2\/users\/3"}],"replies":[{"embeddable":true,"href":"https:\/\/www.diarioimagen.net\/index.php?rest_route=%2Fwp%2Fv2%2Fcomments&post=189332"}],"version-history":[{"count":0,"href":"https:\/\/www.diarioimagen.net\/index.php?rest_route=\/wp\/v2\/posts\/189332\/revisions"}],"wp:featuredmedia":[{"embeddable":true,"href":"https:\/\/www.diarioimagen.net\/index.php?rest_route=\/wp\/v2\/media\/189346"}],"wp:attachment":[{"href":"https:\/\/www.diarioimagen.net\/index.php?rest_route=%2Fwp%2Fv2%2Fmedia&parent=189332"}],"wp:term":[{"taxonomy":"category","embeddable":true,"href":"https:\/\/www.diarioimagen.net\/index.php?rest_route=%2Fwp%2Fv2%2Fcategories&post=189332"},{"taxonomy":"post_tag","embeddable":true,"href":"https:\/\/www.diarioimagen.net\/index.php?rest_route=%2Fwp%2Fv2%2Ftags&post=189332"}],"curies":[{"name":"wp","href":"https:\/\/api.w.org\/{rel}","templated":true}]}}