{"id":189369,"date":"2014-09-15T00:04:31","date_gmt":"2014-09-15T05:04:31","guid":{"rendered":"http:\/\/www.diarioimagen.net\/?p=189369"},"modified":"2014-09-15T04:46:45","modified_gmt":"2014-09-15T09:46:45","slug":"la-violencia-deja-siete-muertos-en-morelos","status":"publish","type":"post","link":"https:\/\/www.diarioimagen.net\/?p=189369","title":{"rendered":"La violencia deja siete muertos en Morelos"},"content":{"rendered":"<ul>\n<li><strong><em>En cuatro municipios del estado<\/em><\/strong><\/li>\n<\/ul>\n<div id=\"attachment_189395\" style=\"width: 250px\" class=\"wp-caption alignleft\"><a href=\"http:\/\/www.diarioimagen.net\/wp-content\/uploads\/2014\/09\/seguridad-2443.jpg\"><img loading=\"lazy\" decoding=\"async\" aria-describedby=\"caption-attachment-189395\" class=\"size-medium wp-image-189395\" src=\"http:\/\/www.diarioimagen.net\/wp-content\/uploads\/2014\/09\/seguridad-2443-240x159.jpg\" alt=\"Siete cad\u00e1veres\u00a0fueron localizados en cuatro municipios del estado de Morelos.\" width=\"240\" height=\"159\" srcset=\"https:\/\/www.diarioimagen.net\/wp-content\/uploads\/2014\/09\/seguridad-2443-240x159.jpg 240w, https:\/\/www.diarioimagen.net\/wp-content\/uploads\/2014\/09\/seguridad-2443-420x279.jpg 420w, https:\/\/www.diarioimagen.net\/wp-content\/uploads\/2014\/09\/seguridad-2443.jpg 500w\" sizes=\"auto, (max-width: 240px) 100vw, 240px\" \/><\/a><p id=\"caption-attachment-189395\" class=\"wp-caption-text\">Siete cad\u00e1veres\u00a0fueron localizados en cuatro municipios del estado de Morelos.<\/p><\/div>\n<p><strong>Cuernavaca, Morelos.-<\/strong> Autoridades policiacas reportaron ayer que durante el fin de semana fueron asesinadas siete personas en distintos puntos de la entidad, cinco de ellas durante la ma\u00f1ana de ayer.<\/p>\n<p>Alrededor de las 7:00 horas, en la calle Orqu\u00eddea de la comunidad Acatlipa, en el municipio de Temixco, fueron localizados tres cad\u00e1veres.<\/p>\n<p>Seg\u00fan los primeros reportes policiacos, los tres hombres fueron asesinados a balazos en la v\u00eda p\u00fablica.<\/p>\n<p>Alrededor de las 8:30 horas, fue reportado el homicidio de dos personas m\u00e1s en el municipio de Yautepec. Seg\u00fan las corporaciones policiacas, sobre los dos cad\u00e1veres fue encontrado un mensaje del crimen organizado.<\/p>\n<p>Uno de los cuerpos ten\u00eda un destornillador clavado en la cabeza y ambos estaban atados de pies y manos.<\/p>\n<p>El s\u00e1bado, alrededor de las 21:00 horas, un hombre fue asesinado a machetazos en la colonia Loma Bonita del municipio de Jiutepec.<\/p>\n<p>La noche del viernes, los cuerpos de emergencia reportaron el hallazgo de una mujer decapitada en Xochitepec, al sur de Cuernavaca.<\/p>\n","protected":false},"excerpt":{"rendered":"<p>Autoridades policiacas reportaron ayer que durante el fin de semana fueron asesinadas siete personas en distintos puntos de la entidad, cinco de ellas durante la ma\u00f1ana de ayer.<\/p>\n","protected":false},"author":3,"featured_media":189395,"comment_status":"open","ping_status":"open","sticky":false,"template":"","format":"standard","meta":{"_monsterinsights_skip_tracking":false,"_monsterinsights_sitenote_active":false,"_monsterinsights_sitenote_note":"","_monsterinsights_sitenote_category":0,"footnotes":""},"categories":[7],"tags":[835,836,2135,43677,5066],"class_list":["post-189369","post","type-post","status-publish","format-standard","has-post-thumbnail","hentry","category-seguridad","tag-cuernavaca","tag-morelos","tag-muertos","tag-seguridad","tag-violencia"],"_links":{"self":[{"href":"https:\/\/www.diarioimagen.net\/index.php?rest_route=\/wp\/v2\/posts\/189369","targetHints":{"allow":["GET"]}}],"collection":[{"href":"https:\/\/www.diarioimagen.net\/index.php?rest_route=\/wp\/v2\/posts"}],"about":[{"href":"https:\/\/www.diarioimagen.net\/index.php?rest_route=\/wp\/v2\/types\/post"}],"author":[{"embeddable":true,"href":"https:\/\/www.diarioimagen.net\/index.php?rest_route=\/wp\/v2\/users\/3"}],"replies":[{"embeddable":true,"href":"https:\/\/www.diarioimagen.net\/index.php?rest_route=%2Fwp%2Fv2%2Fcomments&post=189369"}],"version-history":[{"count":0,"href":"https:\/\/www.diarioimagen.net\/index.php?rest_route=\/wp\/v2\/posts\/189369\/revisions"}],"wp:featuredmedia":[{"embeddable":true,"href":"https:\/\/www.diarioimagen.net\/index.php?rest_route=\/wp\/v2\/media\/189395"}],"wp:attachment":[{"href":"https:\/\/www.diarioimagen.net\/index.php?rest_route=%2Fwp%2Fv2%2Fmedia&parent=189369"}],"wp:term":[{"taxonomy":"category","embeddable":true,"href":"https:\/\/www.diarioimagen.net\/index.php?rest_route=%2Fwp%2Fv2%2Fcategories&post=189369"},{"taxonomy":"post_tag","embeddable":true,"href":"https:\/\/www.diarioimagen.net\/index.php?rest_route=%2Fwp%2Fv2%2Ftags&post=189369"}],"curies":[{"name":"wp","href":"https:\/\/api.w.org\/{rel}","templated":true}]}}