{"id":189412,"date":"2014-09-16T00:30:10","date_gmt":"2014-09-16T05:30:10","guid":{"rendered":"http:\/\/www.diarioimagen.net\/?p=189412"},"modified":"2014-09-17T02:01:01","modified_gmt":"2014-09-17T07:01:01","slug":"celebran-en-toluca-con-espectaculo-multimedia-el-204-aniversario-del-inicio-de-la-independencia-de-mexico","status":"publish","type":"post","link":"https:\/\/www.diarioimagen.net\/?p=189412","title":{"rendered":"Celebran en Toluca con espect\u00e1culo multimedia el 204 aniversario del inicio de la Independencia de M\u00e9xico"},"content":{"rendered":"<ul>\n<li><strong><em>Asisten m\u00e1s de 50 mil personas a disfrutar de espect\u00e1culo multimedia en el centro de Toluca<\/em><\/strong><\/li>\n<\/ul>\n<div id=\"attachment_189413\" style=\"width: 430px\" class=\"wp-caption aligncenter\"><a href=\"http:\/\/www.diarioimagen.net\/wp-content\/uploads\/2014\/09\/eruviel-grito.jpg\"><img loading=\"lazy\" decoding=\"async\" aria-describedby=\"caption-attachment-189413\" class=\"size-large wp-image-189413\" src=\"http:\/\/www.diarioimagen.net\/wp-content\/uploads\/2014\/09\/eruviel-grito-420x420.jpg\" alt=\"el gobernador Eruviel \u00c1vila Villegas sali\u00f3 en punto de las 23:00 horas al balc\u00f3n central de Palacio de Gobierno, para dar el tradicional grito y recordar a los h\u00e9roes que hace 204 a\u00f1os dieron al pa\u00eds patria y libertad.\" width=\"420\" height=\"420\" srcset=\"https:\/\/www.diarioimagen.net\/wp-content\/uploads\/2014\/09\/eruviel-grito-420x420.jpg 420w, https:\/\/www.diarioimagen.net\/wp-content\/uploads\/2014\/09\/eruviel-grito-150x150.jpg 150w, https:\/\/www.diarioimagen.net\/wp-content\/uploads\/2014\/09\/eruviel-grito-240x240.jpg 240w, https:\/\/www.diarioimagen.net\/wp-content\/uploads\/2014\/09\/eruviel-grito-50x50.jpg 50w, https:\/\/www.diarioimagen.net\/wp-content\/uploads\/2014\/09\/eruviel-grito-75x75.jpg 75w, https:\/\/www.diarioimagen.net\/wp-content\/uploads\/2014\/09\/eruviel-grito-70x70.jpg 70w, https:\/\/www.diarioimagen.net\/wp-content\/uploads\/2014\/09\/eruviel-grito.jpg 512w\" sizes=\"auto, (max-width: 420px) 100vw, 420px\" \/><\/a><p id=\"caption-attachment-189413\" class=\"wp-caption-text\">El gobernador Eruviel \u00c1vila Villegas sali\u00f3 en punto de las 23:00 horas al balc\u00f3n central de Palacio de Gobierno, para dar el tradicional G<em>rito<\/em> y recordar a los h\u00e9roes que hace 204 a\u00f1os dieron al pa\u00eds patria y libertad.<\/p><\/div>\n<p><strong>Toluca, Estado de M\u00e9xico<\/strong>.- Con un espect\u00e1culo multimedia con representaciones de la historia, tradiciones y folclor de M\u00e9xico, alrededor de 50 mil personas se congregaron en la Plaza de los M\u00e1rtires para celebrar el 204 aniversario del Inicio de la Independencia, festejo que estuvo engalanado con un juegos pirot\u00e9cnicos y la presentaci\u00f3n musical de artistas como Banda el Recodo, Pepe Aguilar y Lupillo Rivera.<\/p>\n<p>La Plaza de los M\u00e1rtires luc\u00eda llena de vida y entusiasmo cuando el gobernador Eruviel \u00c1vila Villegas sali\u00f3 en punto de las 23:00 horas al balc\u00f3n central de Palacio de Gobierno, para dar el tradicional grito y recordar a los h\u00e9roes que hace 204 a\u00f1os dieron al pa\u00eds patria y libertad.<\/p>\n<p>El video mapping en tercera dimensi\u00f3n, proyectado sobre la fachada del Palacio de Gobierno, tuvo una duraci\u00f3n de 10 minutos, momento en que los espectadores se entusiasmaron al ver reflejados im\u00e1genes y cuadros con luces multicolores los s\u00edmbolos patrios y aquellos que nos dan identidad mexiquense, como la Pir\u00e1mide de El Sol y el Cosmovitral.<\/p>\n<p>Previamente, y como parte de los actos oficiales de esta ceremonia, el gobernador Eruviel \u00c1vila recibi\u00f3 la bandera nacional de manos de la alcaldesa de Toluca, Martha Hilda Gonz\u00e1lez Calder\u00f3n, para inmediatamente dirigirse al balc\u00f3n central de la sede del Poder Ejecutivo, donde dio el tradicional grito de Independencia y dar inicio a los festejos conmemorativos de esta fecha hist\u00f3rica.<\/p>\n<p>Uno a uno, se escucharon los nombres de Miguel Hidalgo y Costilla, Jos\u00e9 Mar\u00eda Morelos y Pav\u00f3n, Ignacio Allende, Josefa Ortiz de Dom\u00ednguez y Vicente Guerrero, seguidos del \u00a1Viva M\u00e9xico! exclamado por miles de personas presentes en la explanada de la Plaza de los M\u00e1rtires, as\u00ed como del replicar de la campana y ondeo de la bandera nacional, por parte del gobernador.<\/p>\n<p>El gobernador Eruviel \u00c1vila, acompa\u00f1ado por sus hijos Montserrat, Eruviel, Ra\u00fal e Isis, presidenta honoraria del DIF estatal; se dirigi\u00f3 al patio central del Palacio de Gobierno, donde abri\u00f3 el baile con sus hijas y convivi\u00f3 con los invitados.<\/p>\n<p>El gobernador estuvo acompa\u00f1ado por los presidentes de la Junta de Coordinaci\u00f3n Pol\u00edtica y de la Directiva de la LVIII Legislatura local, y del Tribunal Superior de Justicia, Aar\u00f3n Urbina Bedolla, Alonso Adri\u00e1n Ju\u00e1rez Jim\u00e9nez y Baruch Delgado Carbajal, respectivamente; y de los integrantes del gabinete legal y ampliado del Estado de M\u00e9xico.<\/p>\n<p>Como parte de esta conmemoraci\u00f3n, el gobernador depositar\u00e1 una ofrenda floral y montar\u00e1 guardia de honor frente al monumento a Miguel Hidalgo y Costilla, en la Plaza de los M\u00e1rtires, junto a los representantes de los poderes Legislativo y Judicial; posteriormente encabezar\u00e1 el desfile c\u00edvico-militar.<\/p>\n","protected":false},"excerpt":{"rendered":"<p>Con un espect\u00e1culo multimedia con representaciones de la historia, tradiciones y folclor de M\u00e9xico, alrededor de 50 mil personas se congregaron en la Plaza de los M\u00e1rtires para celebrar el 204 aniversario del Inicio de la Independencia, festejo que estuvo engalanado con un juegos pirot\u00e9cnicos y la presentaci\u00f3n musical de artistas como Banda el Recodo, Pepe Aguilar y Lupillo Rivera. La Plaza de los M\u00e1rtires luc\u00eda llena de vida y entusiasmo cuando el gobernador Eruviel \u00c1vila Villegas sali\u00f3 en punto de las 23:00 horas al balc\u00f3n central de Palacio de Gobierno, para dar el tradicional grito y recordar a los h\u00e9roes que hace 204 a\u00f1os dieron al pa\u00eds patria y libertad.<\/p>\n","protected":false},"author":1,"featured_media":189414,"comment_status":"open","ping_status":"open","sticky":false,"template":"","format":"standard","meta":{"_monsterinsights_skip_tracking":false,"_monsterinsights_sitenote_active":false,"_monsterinsights_sitenote_note":"","_monsterinsights_sitenote_category":0,"footnotes":""},"categories":[5],"tags":[28262,43675],"class_list":["post-189412","post","type-post","status-publish","format-standard","has-post-thumbnail","hentry","category-estado-de-mexico","tag-el-grito-de-independencia","tag-estado-de-mexico"],"_links":{"self":[{"href":"https:\/\/www.diarioimagen.net\/index.php?rest_route=\/wp\/v2\/posts\/189412","targetHints":{"allow":["GET"]}}],"collection":[{"href":"https:\/\/www.diarioimagen.net\/index.php?rest_route=\/wp\/v2\/posts"}],"about":[{"href":"https:\/\/www.diarioimagen.net\/index.php?rest_route=\/wp\/v2\/types\/post"}],"author":[{"embeddable":true,"href":"https:\/\/www.diarioimagen.net\/index.php?rest_route=\/wp\/v2\/users\/1"}],"replies":[{"embeddable":true,"href":"https:\/\/www.diarioimagen.net\/index.php?rest_route=%2Fwp%2Fv2%2Fcomments&post=189412"}],"version-history":[{"count":0,"href":"https:\/\/www.diarioimagen.net\/index.php?rest_route=\/wp\/v2\/posts\/189412\/revisions"}],"wp:featuredmedia":[{"embeddable":true,"href":"https:\/\/www.diarioimagen.net\/index.php?rest_route=\/wp\/v2\/media\/189414"}],"wp:attachment":[{"href":"https:\/\/www.diarioimagen.net\/index.php?rest_route=%2Fwp%2Fv2%2Fmedia&parent=189412"}],"wp:term":[{"taxonomy":"category","embeddable":true,"href":"https:\/\/www.diarioimagen.net\/index.php?rest_route=%2Fwp%2Fv2%2Fcategories&post=189412"},{"taxonomy":"post_tag","embeddable":true,"href":"https:\/\/www.diarioimagen.net\/index.php?rest_route=%2Fwp%2Fv2%2Ftags&post=189412"}],"curies":[{"name":"wp","href":"https:\/\/api.w.org\/{rel}","templated":true}]}}