{"id":189466,"date":"2014-09-17T00:06:01","date_gmt":"2014-09-17T05:06:01","guid":{"rendered":"http:\/\/www.diarioimagen.net\/?p=189466"},"modified":"2014-09-18T05:56:30","modified_gmt":"2014-09-18T10:56:30","slug":"las-fiestas-patrias-dejaron-saldo-blanco-en-edomex-eruviel-avila","status":"publish","type":"post","link":"https:\/\/www.diarioimagen.net\/?p=189466","title":{"rendered":"Las fiestas patrias dejaron saldo blanco en Edomex: Eruviel \u00c1vila"},"content":{"rendered":"<ul>\n<li><strong><em>El gobernador mexiquense coloc\u00f3 una ofrenda floral y mont\u00f3 una guardia de honor frente al monumento a Miguel Hidalgo y Costilla<\/em><\/strong><\/li>\n<\/ul>\n<div id=\"attachment_189513\" style=\"width: 250px\" class=\"wp-caption alignleft\"><a href=\"http:\/\/www.diarioimagen.net\/wp-content\/uploads\/2014\/09\/eruviel-2444.jpg\"><img loading=\"lazy\" decoding=\"async\" aria-describedby=\"caption-attachment-189513\" class=\"size-medium wp-image-189513\" src=\"http:\/\/www.diarioimagen.net\/wp-content\/uploads\/2014\/09\/eruviel-2444-240x135.jpg\" alt=\"Desde el balc\u00f3n central del Palacio de Gobierno,\u00a0 el gobernador Eruviel \u00c1vila Villegas presenci\u00f3 el desfile c\u00edvico-militar\u00a0 en el que participaron banderas, veh\u00edculos, j\u00f3venes del Servicio Militar Nacional, estudiantes, carros aleg\u00f3ricos, representantes de las cinco etnias originarias de la entidad, charros y helic\u00f3pteros.\" width=\"240\" height=\"135\" srcset=\"https:\/\/www.diarioimagen.net\/wp-content\/uploads\/2014\/09\/eruviel-2444-240x135.jpg 240w, https:\/\/www.diarioimagen.net\/wp-content\/uploads\/2014\/09\/eruviel-2444-420x236.jpg 420w, https:\/\/www.diarioimagen.net\/wp-content\/uploads\/2014\/09\/eruviel-2444-235x132.jpg 235w, https:\/\/www.diarioimagen.net\/wp-content\/uploads\/2014\/09\/eruviel-2444-202x114.jpg 202w, https:\/\/www.diarioimagen.net\/wp-content\/uploads\/2014\/09\/eruviel-2444-350x196.jpg 350w, https:\/\/www.diarioimagen.net\/wp-content\/uploads\/2014\/09\/eruviel-2444-220x123.jpg 220w, https:\/\/www.diarioimagen.net\/wp-content\/uploads\/2014\/09\/eruviel-2444-237x132.jpg 237w, https:\/\/www.diarioimagen.net\/wp-content\/uploads\/2014\/09\/eruviel-2444.jpg 480w\" sizes=\"auto, (max-width: 240px) 100vw, 240px\" \/><\/a><p id=\"caption-attachment-189513\" class=\"wp-caption-text\">Desde el balc\u00f3n central del Palacio de Gobierno,\u00a0 el gobernador Eruviel \u00c1vila Villegas presenci\u00f3 el desfile c\u00edvico-militar\u00a0 en el que participaron banderas, veh\u00edculos, j\u00f3venes del Servicio Militar Nacional, estudiantes, carros aleg\u00f3ricos, representantes de las cinco etnias originarias de la entidad, charros y helic\u00f3pteros.<\/p><\/div>\n<p><strong>Toluca, Estado de M\u00e9xico<\/strong>.- Luego de presenciar el desfile c\u00edvico-militar conmemorativo al 204 aniversario del Inicio de la Independencia de M\u00e9xico, el gobernador Eruviel \u00c1vila inform\u00f3 que durante los festejos patrios en la entidad se report\u00f3 saldo blanco.<\/p>\n<p>\u201cFiestas patrias en orden, en paz, en tranquilidad, con alegr\u00eda y con mucha diversi\u00f3n, mucha paz con la gente. As\u00ed es que podemos decir que es un saldo blanco, un saldo para bien de la gente y que viva M\u00e9xico\u201d, se\u00f1al\u00f3.<\/p>\n<p>Para concluir la celebraci\u00f3n de un aniversario m\u00e1s de esta gesta heroica, los contingentes del desfile iniciaron su recorrido cerca de las 11:00 horas por las principales calles del primer cuadro de la capital mexiquense.<\/p>\n<p>Ni\u00f1os, j\u00f3venes y adultos disfrutaron de este tradicional desfile en un ambiente familiar y durante cerca dos horas pudieron apreciar el paso de\u00a0 banderas, veh\u00edculos militares; j\u00f3venes del Servicio Militar Nacional y rurales; elementos de seguridad p\u00fablica, estudiantes de planteles educativos, integrantes del pentatl\u00f3n militarizado, miembros de asociaciones del Estado de M\u00e9xico, representantes de las cinco etnias originarias de la entidad, as\u00ed como charros e igual n\u00famero de caballos, quienes fueron acompa\u00f1ados durante su recorrido por las calles del primer cuadro de la capital mexiquense, por los aplausos y las porras de los asistentes.<\/p>\n<p>En este acto conmemorativo,\u00a0 Eruviel \u00c1vila estuvo acompa\u00f1ado por los representantes de los poderes p\u00fablicos del Estado de M\u00e9xico, y los integrantes del gabinete estatal y observ\u00f3 la destreza y precisi\u00f3n mostrada en este desfile.<\/p>\n<p>Al finalizar la participaci\u00f3n de los contingentes, Lorenzo Ra\u00fal Ruiz V\u00e1zquez, comandante del 10\u00ba Regimiento de Caballer\u00eda Motorizada de la 22 Zona Militar, rindi\u00f3 el parte e inform\u00f3 que el acto se llev\u00f3 a cabo sin novedad.<\/p>\n<p>Detall\u00f3 que participaron 15 banderas, cuatro jefes, 24 oficiales, 473 elementos de tropa, 125 rurales, 247 soldados del Servicio Militar Nacional, 29 veh\u00edculos oficiales, adem\u00e1s de mil 525 elementos de seguridad p\u00fablica, 800 alumnos de planteles educativos, 200 del pentatl\u00f3n militarizado universitario, 150 de la Asociaci\u00f3n de Scouts de M\u00e9xico, 14 carros aleg\u00f3ricos, 200 representantes de las cinco etnias ind\u00edgenas del Estado de M\u00e9xico, 50 charros y 50 caballos.<\/p>\n<p>Previamente, el gobernador Eruviel \u00c1vila, junto con los presidentes de la Junta de Coordinaci\u00f3n Pol\u00edtica y de la Directiva de la LVIII Legislatura local, y del Tribunal Superior de Justicia, Aar\u00f3n Urbina Bedolla, Alonso Adri\u00e1n Ju\u00e1rez Jim\u00e9nez y Baruch Delgado Carbajal, respectivamente; as\u00ed como de Jos\u00e9 Luis S\u00e1nchez Le\u00f3n, comandante de la 22 Zona Militar; del secretario general de Gobierno, Jos\u00e9 Manzur Quiroga y la alcaldesa de Toluca, Martha Hilda Gonz\u00e1lez Calder\u00f3n, deposit\u00f3 una ofrenda floral y mont\u00f3 guardia de honor frente al monumento a Miguel Hidalgo y Costilla, en la Plaza de los M\u00e1rtires.<\/p>\n","protected":false},"excerpt":{"rendered":"<p>Luego de presenciar el desfile c\u00edvico-militar conmemorativo al 204 aniversario del Inicio de la Independencia de M\u00e9xico, el gobernador Eruviel \u00c1vila inform\u00f3 que durante los festejos patrios en la entidad se report\u00f3 saldo blanco.<\/p>\n","protected":false},"author":3,"featured_media":189513,"comment_status":"open","ping_status":"open","sticky":false,"template":"","format":"standard","meta":{"_monsterinsights_skip_tracking":false,"_monsterinsights_sitenote_active":false,"_monsterinsights_sitenote_note":"","_monsterinsights_sitenote_category":0,"footnotes":""},"categories":[5],"tags":[5828,43675,4800,452],"class_list":["post-189466","post","type-post","status-publish","format-standard","has-post-thumbnail","hentry","category-estado-de-mexico","tag-eruviel-avila-villegas","tag-estado-de-mexico","tag-plaza-de-los-martires","tag-toluca"],"_links":{"self":[{"href":"https:\/\/www.diarioimagen.net\/index.php?rest_route=\/wp\/v2\/posts\/189466","targetHints":{"allow":["GET"]}}],"collection":[{"href":"https:\/\/www.diarioimagen.net\/index.php?rest_route=\/wp\/v2\/posts"}],"about":[{"href":"https:\/\/www.diarioimagen.net\/index.php?rest_route=\/wp\/v2\/types\/post"}],"author":[{"embeddable":true,"href":"https:\/\/www.diarioimagen.net\/index.php?rest_route=\/wp\/v2\/users\/3"}],"replies":[{"embeddable":true,"href":"https:\/\/www.diarioimagen.net\/index.php?rest_route=%2Fwp%2Fv2%2Fcomments&post=189466"}],"version-history":[{"count":0,"href":"https:\/\/www.diarioimagen.net\/index.php?rest_route=\/wp\/v2\/posts\/189466\/revisions"}],"wp:featuredmedia":[{"embeddable":true,"href":"https:\/\/www.diarioimagen.net\/index.php?rest_route=\/wp\/v2\/media\/189513"}],"wp:attachment":[{"href":"https:\/\/www.diarioimagen.net\/index.php?rest_route=%2Fwp%2Fv2%2Fmedia&parent=189466"}],"wp:term":[{"taxonomy":"category","embeddable":true,"href":"https:\/\/www.diarioimagen.net\/index.php?rest_route=%2Fwp%2Fv2%2Fcategories&post=189466"},{"taxonomy":"post_tag","embeddable":true,"href":"https:\/\/www.diarioimagen.net\/index.php?rest_route=%2Fwp%2Fv2%2Ftags&post=189466"}],"curies":[{"name":"wp","href":"https:\/\/api.w.org\/{rel}","templated":true}]}}