{"id":189471,"date":"2014-09-17T00:13:37","date_gmt":"2014-09-17T05:13:37","guid":{"rendered":"http:\/\/www.diarioimagen.net\/?p=189471"},"modified":"2014-09-17T01:13:12","modified_gmt":"2014-09-17T06:13:12","slug":"la-civilidad-prevalecio-en-festejos","status":"publish","type":"post","link":"https:\/\/www.diarioimagen.net\/?p=189471","title":{"rendered":"La civilidad prevaleci\u00f3 en festejos"},"content":{"rendered":"<h2>Arco Norte<\/h2>\n<h5>Jos\u00e9 Luis Monta\u00f1ez Aguilar<\/h5>\n<p>&nbsp;<\/p>\n<div id=\"attachment_189516\" style=\"width: 250px\" class=\"wp-caption alignleft\"><a href=\"http:\/\/www.diarioimagen.net\/wp-content\/uploads\/2014\/09\/arco-2444.jpg\" target=\"_blank\"><img loading=\"lazy\" decoding=\"async\" aria-describedby=\"caption-attachment-189516\" class=\"wp-image-189516 size-medium\" src=\"http:\/\/www.diarioimagen.net\/wp-content\/uploads\/2014\/09\/arco-2444-240x135.jpg\" alt=\"Previamente, el gobernador Eruviel \u00c1vila, junto con los presidentes de la Junta de Coordinaci\u00f3n Pol\u00edtica y de la Directiva de la LVIII Legislatura local, y del Tribunal Superior de Justicia, Aar\u00f3n Urbina Bedolla, Alonso Adri\u00e1n Ju\u00e1rez Jim\u00e9nez y Baruch Delgado Carbajal, respectivamente; as\u00ed como de Jos\u00e9 Luis S\u00e1nchez Le\u00f3n, comandante de la 22 Zona Militar; del secretario general de gobierno, Jos\u00e9 Manzur Quiroga y la alcaldesa de Toluca, Martha Hilda Gonz\u00e1lez Calder\u00f3n, deposit\u00f3 una ofrenda floral y mont\u00f3 guardia de honor frente al monumento a Miguel Hidalgo y Costilla, en la Plaza de los M\u00e1rtires.\" width=\"240\" height=\"135\" srcset=\"https:\/\/www.diarioimagen.net\/wp-content\/uploads\/2014\/09\/arco-2444-240x135.jpg 240w, https:\/\/www.diarioimagen.net\/wp-content\/uploads\/2014\/09\/arco-2444-420x236.jpg 420w, https:\/\/www.diarioimagen.net\/wp-content\/uploads\/2014\/09\/arco-2444-235x132.jpg 235w, https:\/\/www.diarioimagen.net\/wp-content\/uploads\/2014\/09\/arco-2444-202x114.jpg 202w, https:\/\/www.diarioimagen.net\/wp-content\/uploads\/2014\/09\/arco-2444-350x196.jpg 350w, https:\/\/www.diarioimagen.net\/wp-content\/uploads\/2014\/09\/arco-2444-220x123.jpg 220w, https:\/\/www.diarioimagen.net\/wp-content\/uploads\/2014\/09\/arco-2444-237x132.jpg 237w, https:\/\/www.diarioimagen.net\/wp-content\/uploads\/2014\/09\/arco-2444.jpg 480w\" sizes=\"auto, (max-width: 240px) 100vw, 240px\" \/><\/a><p id=\"caption-attachment-189516\" class=\"wp-caption-text\">Previamente, el gobernador Eruviel \u00c1vila, junto con los presidentes de la Junta de Coordinaci\u00f3n Pol\u00edtica y de la Directiva de la LVIII Legislatura local, y del Tribunal Superior de Justicia, Aar\u00f3n Urbina Bedolla, Alonso Adri\u00e1n Ju\u00e1rez Jim\u00e9nez y Baruch Delgado Carbajal, respectivamente; as\u00ed como de Jos\u00e9 Luis S\u00e1nchez Le\u00f3n, comandante de la 22 Zona Militar; del secretario general de gobierno, Jos\u00e9 Manzur Quiroga y la alcaldesa de Toluca, Martha Hilda Gonz\u00e1lez Calder\u00f3n, deposit\u00f3 una ofrenda floral y mont\u00f3 guardia de honor frente al monumento a Miguel Hidalgo y Costilla, en la Plaza de los M\u00e1rtires.<\/p><\/div>\n<p>El gobernador Eruviel \u00c1vila Villegas se\u00f1al\u00f3 ayer que los festejos por el 204 aniversario del inici\u00f3 de la Independencia Nacional se realizaron en el Estado de M\u00e9xico en un clima de paz y tranquilidad. Luego de presenciar el desfile c\u00edvico militar desde el balc\u00f3n central del Palacio de Gobierno, el Ejecutivo estatal indic\u00f3: \u201cFiestas patrias en orden, en paz, en tranquilidad, con alegr\u00eda y con mucha diversi\u00f3n, mucha paz con la gente. As\u00ed es que podemos decir que es un saldo blanco, un saldo para bien de la gente y que viva M\u00e9xico\u201d. El desfile con el que termin\u00f3 la celebraci\u00f3n de un aniversario m\u00e1s del inici\u00f3 de nuestra independencia, inici\u00f3 su recorrido a las 11:00 horas por las principales calles del primer cuadro de la capital mexiquense. Ni\u00f1os, j\u00f3venes y adultos disfrutaron de este tradicional desfile en un ambiente familiar y durante cerca dos horas pudieron apreciar el paso de\u00a0 banderas, veh\u00edculos militares; j\u00f3venes del Servicio Militar Nacional y rurales; elementos de seguridad p\u00fablica, estudiantes de planteles educativos, integrantes del pentatl\u00f3n militarizado, miembros de asociaciones del Estado de M\u00e9xico, representantes de las cinco etnias originarias de la entidad, as\u00ed como charros e igual n\u00famero de caballos, quienes fueron acompa\u00f1ados durante su recorrido por las calles del primer cuadro de la capital mexiquense, por los aplausos y las porras de los asistentes. En este acto conmemorativo,\u00a0 Eruviel \u00c1vila estuvo acompa\u00f1ado por los representantes de los poderes p\u00fablicos del Estado de M\u00e9xico, y los integrantes del gabinete estatal y observ\u00f3 la destreza y precisi\u00f3n mostrada en este desfile.<\/p>\n<p><em><a href=\"mailto:montanezaguilar@gmail.com\" target=\"_blank\">montanezaguilar@gmail.com<\/a><\/em><\/p>\n","protected":false},"excerpt":{"rendered":"<p><span style=\"color: #005497;\"><strong>Jos\u00e9 Luis Monta\u00f1ez Aguilar<\/strong><\/span><br \/>\n<br \/>\nEl gobernador Eruviel \u00c1vila Villegas se\u00f1al\u00f3 ayer que los festejos por el 204 aniversario del inici\u00f3 de la Independencia Nacional se realizaron en el Estado de M\u00e9xico en un clima de paz y tranquilidad. Luego de presenciar el desfile c\u00edvico militar desde el balc\u00f3n central del Palacio de Gobierno, el Ejecutivo estatal indic\u00f3&#8230;<\/p>\n","protected":false},"author":3,"featured_media":189516,"comment_status":"open","ping_status":"open","sticky":false,"template":"","format":"standard","meta":{"_monsterinsights_skip_tracking":false,"_monsterinsights_sitenote_active":false,"_monsterinsights_sitenote_note":"","_monsterinsights_sitenote_category":0,"footnotes":""},"categories":[5],"tags":[13284,43704,43674],"class_list":["post-189471","post","type-post","status-publish","format-standard","has-post-thumbnail","hentry","category-estado-de-mexico","tag-arco-norte","tag-jose-luis-montanez-aguilar","tag-opinion"],"_links":{"self":[{"href":"https:\/\/www.diarioimagen.net\/index.php?rest_route=\/wp\/v2\/posts\/189471","targetHints":{"allow":["GET"]}}],"collection":[{"href":"https:\/\/www.diarioimagen.net\/index.php?rest_route=\/wp\/v2\/posts"}],"about":[{"href":"https:\/\/www.diarioimagen.net\/index.php?rest_route=\/wp\/v2\/types\/post"}],"author":[{"embeddable":true,"href":"https:\/\/www.diarioimagen.net\/index.php?rest_route=\/wp\/v2\/users\/3"}],"replies":[{"embeddable":true,"href":"https:\/\/www.diarioimagen.net\/index.php?rest_route=%2Fwp%2Fv2%2Fcomments&post=189471"}],"version-history":[{"count":0,"href":"https:\/\/www.diarioimagen.net\/index.php?rest_route=\/wp\/v2\/posts\/189471\/revisions"}],"wp:featuredmedia":[{"embeddable":true,"href":"https:\/\/www.diarioimagen.net\/index.php?rest_route=\/wp\/v2\/media\/189516"}],"wp:attachment":[{"href":"https:\/\/www.diarioimagen.net\/index.php?rest_route=%2Fwp%2Fv2%2Fmedia&parent=189471"}],"wp:term":[{"taxonomy":"category","embeddable":true,"href":"https:\/\/www.diarioimagen.net\/index.php?rest_route=%2Fwp%2Fv2%2Fcategories&post=189471"},{"taxonomy":"post_tag","embeddable":true,"href":"https:\/\/www.diarioimagen.net\/index.php?rest_route=%2Fwp%2Fv2%2Ftags&post=189471"}],"curies":[{"name":"wp","href":"https:\/\/api.w.org\/{rel}","templated":true}]}}