{"id":189491,"date":"2014-09-17T00:04:07","date_gmt":"2014-09-17T05:04:07","guid":{"rendered":"http:\/\/www.diarioimagen.net\/?p=189491"},"modified":"2014-09-18T05:56:22","modified_gmt":"2014-09-18T10:56:22","slug":"mexico-y-canada-impulsaran-proyectos-agroalimentarios","status":"publish","type":"post","link":"https:\/\/www.diarioimagen.net\/?p=189491","title":{"rendered":"M\u00e9xico y Canad\u00e1 impulsar\u00e1n proyectos agroalimentarios"},"content":{"rendered":"<ul>\n<li><strong><em>En la ciudad de Calgary, autoridades de Sagarpa y productores de ambos pa\u00edses participaron en una reuni\u00f3n de agronegocios<\/em><\/strong><\/li>\n<\/ul>\n<div id=\"attachment_189531\" style=\"width: 250px\" class=\"wp-caption alignleft\"><a href=\"http:\/\/www.diarioimagen.net\/wp-content\/uploads\/2014\/09\/agro-2444.jpg\"><img loading=\"lazy\" decoding=\"async\" aria-describedby=\"caption-attachment-189531\" class=\"size-medium wp-image-189531\" src=\"http:\/\/www.diarioimagen.net\/wp-content\/uploads\/2014\/09\/agro-2444-240x180.jpg\" alt=\"Funcionarios y productores de M\u00e9xico y Canad\u00e1 acordaron promover la integraci\u00f3n de proyectos de inversi\u00f3n y coinversi\u00f3n en materia agroalimentaria.\" width=\"240\" height=\"180\" srcset=\"https:\/\/www.diarioimagen.net\/wp-content\/uploads\/2014\/09\/agro-2444-240x180.jpg 240w, https:\/\/www.diarioimagen.net\/wp-content\/uploads\/2014\/09\/agro-2444-420x315.jpg 420w, https:\/\/www.diarioimagen.net\/wp-content\/uploads\/2014\/09\/agro-2444.jpg 500w\" sizes=\"auto, (max-width: 240px) 100vw, 240px\" \/><\/a><p id=\"caption-attachment-189531\" class=\"wp-caption-text\">Funcionarios y productores de M\u00e9xico y Canad\u00e1 acordaron promover la integraci\u00f3n de proyectos de inversi\u00f3n y coinversi\u00f3n en materia agroalimentaria.<\/p><\/div>\n<p>Funcionarios de M\u00e9xico y Canad\u00e1 acordaron fortalecer el comercio bilateral de productos agroalimentarios y promover la integraci\u00f3n de proyectos de inversi\u00f3n y coinversi\u00f3n, inform\u00f3 la Secretar\u00eda de Agricultura, Ganader\u00eda, Desarrollo Rural, Pesca y Alimentaci\u00f3n (Sagarpa).<\/p>\n<p>En un comunicado, se\u00f1al\u00f3 que autoridades de la dependencia, del Ministerio de Agricultura y Agroalimentos, as\u00ed como productores mexicanos y canadienses participaron en la novena Reuni\u00f3n del Grupo de Agronegocios de la Alianza M\u00e9xico-Canad\u00e1.<\/p>\n<p>En la ciudad de Calgary, Alberta, agreg\u00f3, convinieron trabajar en el establecimiento de un Centro de Distribuci\u00f3n de Productos Agr\u00edcolas Mexicanos en Manitoba, Canad\u00e1, a fin de facilitar el comercio entre las dos naciones.<\/p>\n<p>Adem\u00e1s, coincidieron en que el Servicio Nacional de Sanidad, Inocuidad y Calidad Agroalimentaria (Senasica) y la Agencia Canadiense de Inspecci\u00f3n Sanitaria (CFIA) trabajen para lograr a la brevedad la determinaci\u00f3n de equivalencia en certificaci\u00f3n de productos org\u00e1nicos, con el prop\u00f3sito de agilizar el comercio de este tipo de alimentos.<\/p>\n<p>Indic\u00f3 que por instrucci\u00f3n del titular de la Sagarpa, Enrique Mart\u00ednez y Mart\u00ednez, el Senasica presentar\u00e1 la nueva pol\u00edtica mexicana sobre org\u00e1nicos al sector de productos canadiense.<\/p>\n<p>En contraparte, la CFIA dar\u00e1 a conocer una actualizaci\u00f3n de las regulaciones canadienses al sector productivo de M\u00e9xico, refiri\u00f3 la dependencia.<\/p>\n<p>Apunt\u00f3 que los participantes propusieron tambi\u00e9n que los organismos de pesca y acuacultura de M\u00e9xico y Canad\u00e1 integren un sub-grupo dentro del equipo de trabajo de Agronegocios, para impulsar tambi\u00e9n el intercambio comercial de este tipo de productos.<\/p>\n<p>Se plante\u00f3 tambi\u00e9n fortalecer el mercado de oleaginosas, para lo cual planear\u00e1n acciones de difusi\u00f3n conjunta sobre los beneficios para la salud del consumo de estos productos, anot\u00f3.<\/p>\n<p>La Sagarpa record\u00f3 que la Alianza M\u00e9xico-Canad\u00e1 es un mecanismo cuatripartita, creado en 2004 y coordinado por ambos pa\u00edses, para promover el di\u00e1logo de alto nivel entre los sectores p\u00fablico y privado.<\/p>\n<p>Su finalidad es impulsar y fortalecer las prioridades comerciales, la inversi\u00f3n, las asociaciones p\u00fablico-privadas, los v\u00ednculos empresariales y el intercambio tecnol\u00f3gico, expuso.<\/p>\n<p>Refiri\u00f3 que est\u00e1 integrada por ocho grupos de trabajo: Agronegocios; Comercio, Inversi\u00f3n e Innovaci\u00f3n; Capital Humano; Bosques; Energ\u00eda; Medio Ambiente; Movilidad Laboral y, Vivienda y Desa\u00adrrollo Urbano.<\/p>\n","protected":false},"excerpt":{"rendered":"<p>Funcionarios de M\u00e9xico y Canad\u00e1 acordaron fortalecer el comercio bilateral de productos agroalimentarios y promover la integraci\u00f3n de proyectos de inversi\u00f3n y coinversi\u00f3n, inform\u00f3 la Secretar\u00eda de Agricultura, Ganader\u00eda, Desarrollo Rural, Pesca y Alimentaci\u00f3n (Sagarpa).<\/p>\n","protected":false},"author":3,"featured_media":189531,"comment_status":"open","ping_status":"open","sticky":false,"template":"","format":"standard","meta":{"_monsterinsights_skip_tracking":false,"_monsterinsights_sitenote_active":false,"_monsterinsights_sitenote_note":"","_monsterinsights_sitenote_category":0,"footnotes":""},"categories":[3],"tags":[29387,431,44,43673,20091],"class_list":["post-189491","post","type-post","status-publish","format-standard","has-post-thumbnail","hentry","category-nacional","tag-agroalimentario","tag-canada","tag-mexico","tag-nacional","tag-sagarpa"],"_links":{"self":[{"href":"https:\/\/www.diarioimagen.net\/index.php?rest_route=\/wp\/v2\/posts\/189491","targetHints":{"allow":["GET"]}}],"collection":[{"href":"https:\/\/www.diarioimagen.net\/index.php?rest_route=\/wp\/v2\/posts"}],"about":[{"href":"https:\/\/www.diarioimagen.net\/index.php?rest_route=\/wp\/v2\/types\/post"}],"author":[{"embeddable":true,"href":"https:\/\/www.diarioimagen.net\/index.php?rest_route=\/wp\/v2\/users\/3"}],"replies":[{"embeddable":true,"href":"https:\/\/www.diarioimagen.net\/index.php?rest_route=%2Fwp%2Fv2%2Fcomments&post=189491"}],"version-history":[{"count":0,"href":"https:\/\/www.diarioimagen.net\/index.php?rest_route=\/wp\/v2\/posts\/189491\/revisions"}],"wp:featuredmedia":[{"embeddable":true,"href":"https:\/\/www.diarioimagen.net\/index.php?rest_route=\/wp\/v2\/media\/189531"}],"wp:attachment":[{"href":"https:\/\/www.diarioimagen.net\/index.php?rest_route=%2Fwp%2Fv2%2Fmedia&parent=189491"}],"wp:term":[{"taxonomy":"category","embeddable":true,"href":"https:\/\/www.diarioimagen.net\/index.php?rest_route=%2Fwp%2Fv2%2Fcategories&post=189491"},{"taxonomy":"post_tag","embeddable":true,"href":"https:\/\/www.diarioimagen.net\/index.php?rest_route=%2Fwp%2Fv2%2Ftags&post=189491"}],"curies":[{"name":"wp","href":"https:\/\/api.w.org\/{rel}","templated":true}]}}