{"id":189519,"date":"2014-09-17T00:08:13","date_gmt":"2014-09-17T05:08:13","guid":{"rendered":"http:\/\/www.diarioimagen.net\/?p=189519"},"modified":"2014-09-17T01:35:49","modified_gmt":"2014-09-17T06:35:49","slug":"uaem-ajustara-planes-para-aprovechar-nuevo-aeropuerto","status":"publish","type":"post","link":"https:\/\/www.diarioimagen.net\/?p=189519","title":{"rendered":"UAEM ajustar\u00e1 planes para aprovechar nuevo aeropuerto"},"content":{"rendered":"<ul>\n<li><strong><em>El rector Jorge Olvera Garc\u00eda se\u00f1ala que el proyecto generar\u00e1 oportunidades que beneficiar\u00e1n a la comunidad universitaria<\/em><\/strong><\/li>\n<\/ul>\n<div id=\"attachment_189557\" style=\"width: 250px\" class=\"wp-caption alignleft\"><a href=\"http:\/\/www.diarioimagen.net\/wp-content\/uploads\/2014\/09\/UAEM-2444.jpg\"><img loading=\"lazy\" decoding=\"async\" aria-describedby=\"caption-attachment-189557\" class=\"size-medium wp-image-189557\" src=\"http:\/\/www.diarioimagen.net\/wp-content\/uploads\/2014\/09\/UAEM-2444-240x135.jpg\" alt=\"La UAEM realiza un an\u00e1lisis de todos sus programas y planes de estudio, con la finalidad de efectuar los ajustes necesarios para que sean acordes a la enorme oportunidad que significa el nuevo Aeropuerto Internacional de la Ciudad de M\u00e9xico, afirm\u00f3 el rector Jorge Olvera Garc\u00eda.\" width=\"240\" height=\"135\" srcset=\"https:\/\/www.diarioimagen.net\/wp-content\/uploads\/2014\/09\/UAEM-2444-240x135.jpg 240w, https:\/\/www.diarioimagen.net\/wp-content\/uploads\/2014\/09\/UAEM-2444-420x236.jpg 420w, https:\/\/www.diarioimagen.net\/wp-content\/uploads\/2014\/09\/UAEM-2444-235x132.jpg 235w, https:\/\/www.diarioimagen.net\/wp-content\/uploads\/2014\/09\/UAEM-2444-202x114.jpg 202w, https:\/\/www.diarioimagen.net\/wp-content\/uploads\/2014\/09\/UAEM-2444-350x196.jpg 350w, https:\/\/www.diarioimagen.net\/wp-content\/uploads\/2014\/09\/UAEM-2444-220x123.jpg 220w, https:\/\/www.diarioimagen.net\/wp-content\/uploads\/2014\/09\/UAEM-2444-237x132.jpg 237w, https:\/\/www.diarioimagen.net\/wp-content\/uploads\/2014\/09\/UAEM-2444.jpg 480w\" sizes=\"auto, (max-width: 240px) 100vw, 240px\" \/><\/a><p id=\"caption-attachment-189557\" class=\"wp-caption-text\">La UAEM realiza un an\u00e1lisis de todos sus programas y planes de estudio, con la finalidad de efectuar los ajustes necesarios para que sean acordes a la enorme oportunidad que significa el nuevo Aeropuerto Internacional de la Ciudad de M\u00e9xico, afirm\u00f3 el rector Jorge Olvera Garc\u00eda.<\/p><\/div>\n<p><strong>Toluca, Estado de M\u00e9xico<\/strong>.- La Universidad Aut\u00f3noma del Estado de M\u00e9xico realiza un an\u00e1lisis de todos sus programas y planes de estudio, con la finalidad de efectuar los ajustes necesarios para que sean acordes a la enorme oportunidad que significa el nuevo Aeropuerto Internacional de la Ciudad de M\u00e9xico, afirm\u00f3 el rector Jorge Olvera Garc\u00eda.<\/p>\n<p>Durante la reuni\u00f3n que sostuvo con profesores de tiempo completo y presidentes de las siete academias de los espacios universitarios donde se ofertan las licenciaturas en Turismo y Gastronom\u00eda, en los municipios de Toluca, Texcoco, Tenancingo, Teotihuac\u00e1n, Zumpango y Chimalhuac\u00e1n, Olvera Garc\u00eda consider\u00f3 que realizar estos ajustes puede ser una oportunidad valiosa para que la Aut\u00f3noma mexiquense incida en el desarrollo de este proyecto.<\/p>\n<p>Puntualiz\u00f3 que la UAEM encuentra en el proyecto anunciado por la Presidencia de la Rep\u00fablica, oportunidades que beneficiar\u00e1n a la comunidad universitaria, pues se detonar\u00e1 el desarrollo e implantaci\u00f3n de trabajos acad\u00e9micos que tienen relaci\u00f3n directa con esta infraestructura; as\u00ed, trabaja en la oferta de la Licenciatura en Aeron\u00e1utica y permanecer\u00e1 atenta para concursar en los proyectos que emprendan los gobiernos federal y estatal alrededor de la nueva terminal aeroportuaria.<\/p>\n<p>Acompa\u00f1ado por la directora de la Facultad de Turismo y Gastronom\u00eda, Elizabeth L\u00f3pez Carr\u00e9, subray\u00f3 que el aeropuerto es el \u00e1mbito ideal, por ejemplo, para que estudiantes de estas \u00e1reas del conocimiento se desempe\u00f1en profesionalmente, sobre todo en los municipios de Texcoco, Chimalhuac\u00e1n, Ecatepec, Teotihuac\u00e1n y Acolman, donde el proyecto impulsado por el gobierno de la Rep\u00fablica tendr\u00e1 los mayores impactos.<\/p>\n<p>La revisi\u00f3n de los planes y programas de estudio de las licenciaturas en Turismo y Gastronom\u00eda, dijo, debe poner especial atenci\u00f3n en la parte del enorme flujo de turistas, en c\u00f3mo se van a potenciar los efectos ben\u00e9ficos de la explotaci\u00f3n e interconexi\u00f3n de las grandezas hist\u00f3ricas, los vestigios, el folclor y las tradiciones, es decir, de toda la estructura tur\u00edstica, que va a tener que crecer y adaptarse a nuevas necesidades.<\/p>\n<p>En este contexto, Jorge Olvera Garc\u00eda enfatiz\u00f3 que la Facultad de Turismo y Gastronom\u00eda debe abanderar esta reestructuraci\u00f3n, que permitir\u00e1 a la comunidad de la Universidad Aut\u00f3noma del Estado de M\u00e9xico aportar a potenciar los beneficios del gran proyecto del Aeropuerto Internacional de la Ciudad de M\u00e9xico.<\/p>\n","protected":false},"excerpt":{"rendered":"<p>La Universidad Aut\u00f3noma del Estado de M\u00e9xico realiza un an\u00e1lisis de todos sus programas y planes de estudio, con la finalidad de efectuar los ajustes necesarios para que sean acordes a la enorme oportunidad que significa el nuevo Aeropuerto Internacional de la Ciudad de M\u00e9xico, afirm\u00f3 el rector Jorge Olvera Garc\u00eda.<\/p>\n","protected":false},"author":3,"featured_media":189557,"comment_status":"open","ping_status":"open","sticky":false,"template":"","format":"standard","meta":{"_monsterinsights_skip_tracking":false,"_monsterinsights_sitenote_active":false,"_monsterinsights_sitenote_note":"","_monsterinsights_sitenote_category":0,"footnotes":""},"categories":[5],"tags":[4663,5736,43675,452,1491],"class_list":["post-189519","post","type-post","status-publish","format-standard","has-post-thumbnail","hentry","category-estado-de-mexico","tag-aeropuerto","tag-aeropuerto-internacional-de-la-ciudad-de-mexico","tag-estado-de-mexico","tag-toluca","tag-uaem"],"_links":{"self":[{"href":"https:\/\/www.diarioimagen.net\/index.php?rest_route=\/wp\/v2\/posts\/189519","targetHints":{"allow":["GET"]}}],"collection":[{"href":"https:\/\/www.diarioimagen.net\/index.php?rest_route=\/wp\/v2\/posts"}],"about":[{"href":"https:\/\/www.diarioimagen.net\/index.php?rest_route=\/wp\/v2\/types\/post"}],"author":[{"embeddable":true,"href":"https:\/\/www.diarioimagen.net\/index.php?rest_route=\/wp\/v2\/users\/3"}],"replies":[{"embeddable":true,"href":"https:\/\/www.diarioimagen.net\/index.php?rest_route=%2Fwp%2Fv2%2Fcomments&post=189519"}],"version-history":[{"count":0,"href":"https:\/\/www.diarioimagen.net\/index.php?rest_route=\/wp\/v2\/posts\/189519\/revisions"}],"wp:featuredmedia":[{"embeddable":true,"href":"https:\/\/www.diarioimagen.net\/index.php?rest_route=\/wp\/v2\/media\/189557"}],"wp:attachment":[{"href":"https:\/\/www.diarioimagen.net\/index.php?rest_route=%2Fwp%2Fv2%2Fmedia&parent=189519"}],"wp:term":[{"taxonomy":"category","embeddable":true,"href":"https:\/\/www.diarioimagen.net\/index.php?rest_route=%2Fwp%2Fv2%2Fcategories&post=189519"},{"taxonomy":"post_tag","embeddable":true,"href":"https:\/\/www.diarioimagen.net\/index.php?rest_route=%2Fwp%2Fv2%2Ftags&post=189519"}],"curies":[{"name":"wp","href":"https:\/\/api.w.org\/{rel}","templated":true}]}}