{"id":189667,"date":"2014-09-18T00:08:34","date_gmt":"2014-09-18T05:08:34","guid":{"rendered":"http:\/\/www.diarioimagen.net\/?p=189667"},"modified":"2014-09-18T04:39:35","modified_gmt":"2014-09-18T09:39:35","slug":"aaron-urbina-da-apoyos-a-familias-de-tecamac","status":"publish","type":"post","link":"https:\/\/www.diarioimagen.net\/?p=189667","title":{"rendered":"Aar\u00f3n Urbina da apoyos a familias de Tec\u00e1mac"},"content":{"rendered":"<ul>\n<li><strong><em>Refrenda su compromiso con ellas<\/em><\/strong><\/li>\n<\/ul>\n<div id=\"attachment_189694\" style=\"width: 250px\" class=\"wp-caption alignleft\"><a href=\"http:\/\/www.diarioimagen.net\/wp-content\/uploads\/2014\/09\/LEGISLATURA-2445.jpg\"><img loading=\"lazy\" decoding=\"async\" aria-describedby=\"caption-attachment-189694\" class=\"size-medium wp-image-189694\" src=\"http:\/\/www.diarioimagen.net\/wp-content\/uploads\/2014\/09\/LEGISLATURA-2445-240x135.jpg\" alt=\"Aar\u00f3n Urbina Bedolla, diputado mexiquense que encabeza la Junta de Coordinaci\u00f3n Pol\u00edtica, retorn\u00f3 al distrito que representa.\" width=\"240\" height=\"135\" srcset=\"https:\/\/www.diarioimagen.net\/wp-content\/uploads\/2014\/09\/LEGISLATURA-2445-240x135.jpg 240w, https:\/\/www.diarioimagen.net\/wp-content\/uploads\/2014\/09\/LEGISLATURA-2445-420x236.jpg 420w, https:\/\/www.diarioimagen.net\/wp-content\/uploads\/2014\/09\/LEGISLATURA-2445-235x132.jpg 235w, https:\/\/www.diarioimagen.net\/wp-content\/uploads\/2014\/09\/LEGISLATURA-2445-202x114.jpg 202w, https:\/\/www.diarioimagen.net\/wp-content\/uploads\/2014\/09\/LEGISLATURA-2445-350x196.jpg 350w, https:\/\/www.diarioimagen.net\/wp-content\/uploads\/2014\/09\/LEGISLATURA-2445-220x123.jpg 220w, https:\/\/www.diarioimagen.net\/wp-content\/uploads\/2014\/09\/LEGISLATURA-2445-237x132.jpg 237w, https:\/\/www.diarioimagen.net\/wp-content\/uploads\/2014\/09\/LEGISLATURA-2445.jpg 480w\" sizes=\"auto, (max-width: 240px) 100vw, 240px\" \/><\/a><p id=\"caption-attachment-189694\" class=\"wp-caption-text\">Aar\u00f3n Urbina Bedolla, diputado mexiquense que encabeza la Junta de Coordinaci\u00f3n Pol\u00edtica, retorn\u00f3 al distrito que representa.<\/p><\/div>\n<p><strong>Tec\u00e1mac, Estado de M\u00e9xico<\/strong>.- El diputado Aar\u00f3n Urbina Bedolla entreg\u00f3, junto a la presidenta municipal de Tec\u00e1mac, Roc\u00edo D\u00edaz Montoya, y Lil\u00ed Urbina Salazar, presidenta del DIF municipal, canastas alimenticias del programa Cruzada Nacional Contra el Hambre, y se comprometi\u00f3 a realizar m\u00e1s gestiones para obras sociales, ya que, como presidente de la Junta de Coordinaci\u00f3n Pol\u00edtica, comparte el compromiso de \u201cvelar por los 125 municipios del estado\u201d.<\/p>\n<p>Aar\u00f3n Urbina expres\u00f3 que todos los apoyos son entregados gracias al gobernador Eruviel \u00c1vila Villegas, \u201cquien siempre est\u00e1 muy consciente de lo que pasa en este municipio\u201d, y reconoci\u00f3 la instrumentaci\u00f3n de la Cruzada Contra el Hambre por parte del presidente Enrique Pe\u00f1a.<\/p>\n<p>Al reconocer el cumplimiento de compromisos por parte de la presidenta municipal, el tambi\u00e9n coordinador del grupo parlamentario del PRI le hizo un llamado a que a toda la poblaci\u00f3n se le atienda por igual.<\/p>\n<p>Sobre el proyecto del nuevo aeropuerto de la ciudad de M\u00e9xico, solicit\u00f3 a la presidenta municipal estar en contacto con otras autoridades, a fin de capacitar a la poblaci\u00f3n para que est\u00e9n en posibilidades de ocupar alguno de los 170 mil empleos que generar\u00e1, adem\u00e1s de que se ampliar\u00e1 el servicio del Mexib\u00fas hasta la cabecera municipal y llegar\u00e1 una l\u00ednea m\u00e1s de Indios Verdes hasta Los H\u00e9roes Tec\u00e1mac.<\/p>\n<p>Indic\u00f3 que se entregar\u00e1n apoyos para personas con capacidades diferentes, y se comprometi\u00f3 a gestionar la repavimentaci\u00f3n de las calles de Geo Sierra Hermosa, as\u00ed como la entrega de material industrial para ampliaci\u00f3n de casas, como cemento, grava, arena, varilla y block, adem\u00e1s de pintura y material para la construcci\u00f3n del centro social.<\/p>\n","protected":false},"excerpt":{"rendered":"<p>El diputado Aar\u00f3n Urbina Bedolla entreg\u00f3, junto a la presidenta municipal de Tec\u00e1mac, Roc\u00edo D\u00edaz Montoya, y Lil\u00ed Urbina Salazar, presidenta del DIF municipal, canastas alimenticias del programa Cruzada Nacional Contra el Hambre, y se comprometi\u00f3 a realizar m\u00e1s gestiones para obras sociales, ya que, como presidente de la Junta de Coordinaci\u00f3n Pol\u00edtica, comparte el compromiso de \u201cvelar por los 125 municipios del estado\u201d.<\/p>\n","protected":false},"author":3,"featured_media":189694,"comment_status":"open","ping_status":"open","sticky":false,"template":"","format":"standard","meta":{"_monsterinsights_skip_tracking":false,"_monsterinsights_sitenote_active":false,"_monsterinsights_sitenote_note":"","_monsterinsights_sitenote_category":0,"footnotes":""},"categories":[5],"tags":[43675,8026],"class_list":["post-189667","post","type-post","status-publish","format-standard","has-post-thumbnail","hentry","category-estado-de-mexico","tag-estado-de-mexico","tag-tecamac"],"_links":{"self":[{"href":"https:\/\/www.diarioimagen.net\/index.php?rest_route=\/wp\/v2\/posts\/189667","targetHints":{"allow":["GET"]}}],"collection":[{"href":"https:\/\/www.diarioimagen.net\/index.php?rest_route=\/wp\/v2\/posts"}],"about":[{"href":"https:\/\/www.diarioimagen.net\/index.php?rest_route=\/wp\/v2\/types\/post"}],"author":[{"embeddable":true,"href":"https:\/\/www.diarioimagen.net\/index.php?rest_route=\/wp\/v2\/users\/3"}],"replies":[{"embeddable":true,"href":"https:\/\/www.diarioimagen.net\/index.php?rest_route=%2Fwp%2Fv2%2Fcomments&post=189667"}],"version-history":[{"count":0,"href":"https:\/\/www.diarioimagen.net\/index.php?rest_route=\/wp\/v2\/posts\/189667\/revisions"}],"wp:featuredmedia":[{"embeddable":true,"href":"https:\/\/www.diarioimagen.net\/index.php?rest_route=\/wp\/v2\/media\/189694"}],"wp:attachment":[{"href":"https:\/\/www.diarioimagen.net\/index.php?rest_route=%2Fwp%2Fv2%2Fmedia&parent=189667"}],"wp:term":[{"taxonomy":"category","embeddable":true,"href":"https:\/\/www.diarioimagen.net\/index.php?rest_route=%2Fwp%2Fv2%2Fcategories&post=189667"},{"taxonomy":"post_tag","embeddable":true,"href":"https:\/\/www.diarioimagen.net\/index.php?rest_route=%2Fwp%2Fv2%2Ftags&post=189667"}],"curies":[{"name":"wp","href":"https:\/\/api.w.org\/{rel}","templated":true}]}}