{"id":189785,"date":"2014-09-19T00:06:08","date_gmt":"2014-09-19T05:06:08","guid":{"rendered":"http:\/\/www.diarioimagen.net\/?p=189785"},"modified":"2014-09-22T03:48:44","modified_gmt":"2014-09-22T08:48:44","slug":"eruviel-anuncia-becas-para-hijos-de-los-policias-caidos","status":"publish","type":"post","link":"https:\/\/www.diarioimagen.net\/?p=189785","title":{"rendered":"Eruviel anuncia becas para hijos de los polic\u00edas ca\u00eddos"},"content":{"rendered":"<ul>\n<li><em><strong>El gobernador reitera que no bajar\u00e1 la guardia para enfrentar a los verdaderos enemigos de la sociedad, que son los delincuentes<\/strong><\/em><\/li>\n<\/ul>\n<div id=\"attachment_189786\" style=\"width: 250px\" class=\"wp-caption alignleft\"><a href=\"http:\/\/www.diarioimagen.net\/wp-content\/uploads\/2014\/09\/eruviel-2446.jpg\"><img loading=\"lazy\" decoding=\"async\" aria-describedby=\"caption-attachment-189786\" class=\"size-medium wp-image-189786\" src=\"http:\/\/www.diarioimagen.net\/wp-content\/uploads\/2014\/09\/eruviel-2446-240x160.jpg\" alt=\"El gobernador Eruviel \u00c1vila Villegas inform\u00f3 que enviar\u00e1 una iniciativa a la legislatura local para otorgar por ley becas a los hijos de los elementos de las corporaciones policiacas que pierdan la vida durante el desempe\u00f1o de sus funciones, durante la entrega de 47 viviendas a los deudos de polic\u00edas que han fallecido en cumplimiento de su deber durante los \u00faltimos tres a\u00f1os.\" width=\"240\" height=\"160\" srcset=\"https:\/\/www.diarioimagen.net\/wp-content\/uploads\/2014\/09\/eruviel-2446-240x160.jpg 240w, https:\/\/www.diarioimagen.net\/wp-content\/uploads\/2014\/09\/eruviel-2446-420x280.jpg 420w, https:\/\/www.diarioimagen.net\/wp-content\/uploads\/2014\/09\/eruviel-2446.jpg 700w\" sizes=\"auto, (max-width: 240px) 100vw, 240px\" \/><\/a><p id=\"caption-attachment-189786\" class=\"wp-caption-text\">El gobernador Eruviel \u00c1vila Villegas inform\u00f3 que enviar\u00e1 una iniciativa a la legislatura local para otorgar por ley becas a los hijos de los elementos de las corporaciones policiacas que pierdan la vida durante el desempe\u00f1o de sus funciones, durante la entrega de 47 viviendas a los deudos de polic\u00edas que han fallecido en cumplimiento de su deber durante los \u00faltimos tres a\u00f1os.<\/p><\/div>\n<p><strong>Tianguistenco, Estado de M\u00e9xico.-<\/strong> Al entregar 47 viviendas a los deudos de polic\u00edas que han fallecido en cumplimiento de su deber durante los \u00faltimos tres a\u00f1os, el gobernador Eruviel \u00c1vila Villegas inform\u00f3 que enviar\u00e1 una iniciativa a la legislatura local, para otorgar por ley becas a los hijos de los elementos de las corporaciones policiacas mexiquenses que pierdan la vida durante el desempe\u00f1o de sus funciones, con la finalidad de que contin\u00faen con sus estudios hasta nivel universitario.<\/p>\n<p>\u201cPreparemos la iniciativa para que se quede por ley el hecho de que a los familiares, especialmente a los hijos, de quienes lamentablemente pierden la vida en cumplimiento de su deber, puedan tener su beca hasta que concluyan sus estudios universitarios y\u00a0 el sue\u00f1o de sus padres, el sue\u00f1o de quienes ya no est\u00e1n aqu\u00ed, que los puedan ver profesionistas, con su t\u00edtulo, sirviendo a su pa\u00eds, a su estado, desde cualquier trinchera, en la iniciativa privada o en el sector p\u00fablico se pueda concretar\u201d, se\u00f1al\u00f3.<\/p>\n<p>En un acto celebrado en el conjunto habitacional que se ubica en Tianguistenco, donde tambi\u00e9n se entregaron seis p\u00f3lizas de seguro de vida, cada una de ellas por 200 mil pesos, Eruviel \u00c1vila fij\u00f3 un plazo de 40 d\u00edas para la entrega de esta iniciativa y confi\u00f3 en que los legisladores la aprueben en el presente periodo ordinario de sesiones, como una manera de apoyar a los hijos de quienes entregaron su vida protegiendo a los mexiquenses; adem\u00e1s, afirm\u00f3 que su gobierno continuar\u00e1 reconociendo a los buenos elementos de las corporaciones policiacas.<\/p>\n<p>\u201cSon muchos m\u00e1s, pr\u00e1cticamente la gran mayor\u00eda de quienes integran esta corporaci\u00f3n, la gente buena, generosa, que con convicci\u00f3n sale de su casa, se despide de su esposa, les dan su bendici\u00f3n y no sabe si va a regresar, porque no sabe a lo que se va a enfrentar ese d\u00eda. Es justo reconocer, valorar, apreciar, apoyar, estimular a los buenos elementos\u201d, manifest\u00f3.<\/p>\n<p>Reiter\u00f3 que la delincuencia no tiene cabida en el Estado de M\u00e9xico y para ello se trabaja coordinadamente con el Ej\u00e9rcito mexicano, la Marina-Armada, la Polic\u00eda Federal, el Cisen, las corporaciones de seguridad, pero sobre todo, con el respaldo de la sociedad que con su denuncia ayuda a dar con los verdaderos enemigos de la sociedad, que son los delincuentes.<\/p>\n<p>El gobernador reconoci\u00f3 tambi\u00e9n el trabajo de los titulares de la SSC y la PGJEM, Dami\u00e1n Canales Mena y Alejandro G\u00f3mez S\u00e1nchez, respectivamente, porque han trabajado\u00a0 con eficacia, responsabilidad y entrega en estas dependencias,\u00a0 y los exhort\u00f3 a redoblar esfuerzos para recuperar el prestigio de las corporaciones policiacas, con rectitud, honestidad, disciplina y dando la vida por el bien de la poblaci\u00f3n.<\/p>\n","protected":false},"excerpt":{"rendered":"<p>Al entregar 47 viviendas a los deudos de polic\u00edas que han fallecido en cumplimiento de su deber durante los \u00faltimos tres a\u00f1os, el gobernador Eruviel \u00c1vila Villegas inform\u00f3 que enviar\u00e1 una iniciativa a la legislatura local, para otorgar por ley becas a los hijos de los elementos de las corporaciones policiacas mexiquenses que pierdan la vida durante el desempe\u00f1o de sus funciones, con la finalidad de que contin\u00faen con sus estudios hasta nivel universitario.<\/p>\n","protected":false},"author":1,"featured_media":189786,"comment_status":"open","ping_status":"open","sticky":false,"template":"","format":"standard","meta":{"_monsterinsights_skip_tracking":false,"_monsterinsights_sitenote_active":false,"_monsterinsights_sitenote_note":"","_monsterinsights_sitenote_category":0,"footnotes":""},"categories":[5],"tags":[5828,43675],"class_list":["post-189785","post","type-post","status-publish","format-standard","has-post-thumbnail","hentry","category-estado-de-mexico","tag-eruviel-avila-villegas","tag-estado-de-mexico"],"_links":{"self":[{"href":"https:\/\/www.diarioimagen.net\/index.php?rest_route=\/wp\/v2\/posts\/189785","targetHints":{"allow":["GET"]}}],"collection":[{"href":"https:\/\/www.diarioimagen.net\/index.php?rest_route=\/wp\/v2\/posts"}],"about":[{"href":"https:\/\/www.diarioimagen.net\/index.php?rest_route=\/wp\/v2\/types\/post"}],"author":[{"embeddable":true,"href":"https:\/\/www.diarioimagen.net\/index.php?rest_route=\/wp\/v2\/users\/1"}],"replies":[{"embeddable":true,"href":"https:\/\/www.diarioimagen.net\/index.php?rest_route=%2Fwp%2Fv2%2Fcomments&post=189785"}],"version-history":[{"count":0,"href":"https:\/\/www.diarioimagen.net\/index.php?rest_route=\/wp\/v2\/posts\/189785\/revisions"}],"wp:featuredmedia":[{"embeddable":true,"href":"https:\/\/www.diarioimagen.net\/index.php?rest_route=\/wp\/v2\/media\/189786"}],"wp:attachment":[{"href":"https:\/\/www.diarioimagen.net\/index.php?rest_route=%2Fwp%2Fv2%2Fmedia&parent=189785"}],"wp:term":[{"taxonomy":"category","embeddable":true,"href":"https:\/\/www.diarioimagen.net\/index.php?rest_route=%2Fwp%2Fv2%2Fcategories&post=189785"},{"taxonomy":"post_tag","embeddable":true,"href":"https:\/\/www.diarioimagen.net\/index.php?rest_route=%2Fwp%2Fv2%2Ftags&post=189785"}],"curies":[{"name":"wp","href":"https:\/\/api.w.org\/{rel}","templated":true}]}}