{"id":189797,"date":"2014-09-19T00:08:43","date_gmt":"2014-09-19T05:08:43","guid":{"rendered":"http:\/\/www.diarioimagen.net\/?p=189797"},"modified":"2014-09-19T03:08:48","modified_gmt":"2014-09-19T08:08:48","slug":"rector-inaugura-oficinas-sindicales-de-la-uaem","status":"publish","type":"post","link":"https:\/\/www.diarioimagen.net\/?p=189797","title":{"rendered":"Rector inaugura oficinas sindicales de la UAEM"},"content":{"rendered":"<ul>\n<li><strong><em>Sede de trabajadores administrativos<\/em><\/strong><\/li>\n<\/ul>\n<div id=\"attachment_189836\" style=\"width: 250px\" class=\"wp-caption alignleft\"><a href=\"http:\/\/www.diarioimagen.net\/wp-content\/uploads\/2014\/09\/UAEM-2446.jpg\"><img loading=\"lazy\" decoding=\"async\" aria-describedby=\"caption-attachment-189836\" class=\"size-medium wp-image-189836\" src=\"http:\/\/www.diarioimagen.net\/wp-content\/uploads\/2014\/09\/UAEM-2446-240x135.jpg\" alt=\"El rector de la UAEM, Jorge Olvera Garc\u00eda, inaugur\u00f3 ayer la nueve sede sindical de los trabajadores administrativos de la instituci\u00f3n.\" width=\"240\" height=\"135\" srcset=\"https:\/\/www.diarioimagen.net\/wp-content\/uploads\/2014\/09\/UAEM-2446-240x135.jpg 240w, https:\/\/www.diarioimagen.net\/wp-content\/uploads\/2014\/09\/UAEM-2446-420x236.jpg 420w, https:\/\/www.diarioimagen.net\/wp-content\/uploads\/2014\/09\/UAEM-2446-235x132.jpg 235w, https:\/\/www.diarioimagen.net\/wp-content\/uploads\/2014\/09\/UAEM-2446-202x114.jpg 202w, https:\/\/www.diarioimagen.net\/wp-content\/uploads\/2014\/09\/UAEM-2446-350x196.jpg 350w, https:\/\/www.diarioimagen.net\/wp-content\/uploads\/2014\/09\/UAEM-2446-220x123.jpg 220w, https:\/\/www.diarioimagen.net\/wp-content\/uploads\/2014\/09\/UAEM-2446-237x132.jpg 237w, https:\/\/www.diarioimagen.net\/wp-content\/uploads\/2014\/09\/UAEM-2446.jpg 480w\" sizes=\"auto, (max-width: 240px) 100vw, 240px\" \/><\/a><p id=\"caption-attachment-189836\" class=\"wp-caption-text\">El rector de la UAEM, Jorge Olvera Garc\u00eda, inaugur\u00f3 ayer la nueve sede sindical de los trabajadores administrativos de la instituci\u00f3n.<\/p><\/div>\n<p><strong>Toluca, Estado de M\u00e9xico<\/strong>.- En beneficio de los 2 mil 400 administrativos agrupados por el Sindicato \u00danico de Trabajadores y Empleados al Servicio de la Universidad Aut\u00f3noma del Estado de M\u00e9xico (SUTESUAEM), el rector Jorge Olvera Garc\u00eda dio respuesta a la solicitud realizada cuando era aspirante a la rector\u00eda e inaugur\u00f3 las nuevas oficinas de la agrupaci\u00f3n sindical, cuya inversi\u00f3n alcanz\u00f3 los casi 2 millones de pesos.<\/p>\n<p>Luego de que el secretario de administraci\u00f3n de la instituci\u00f3n, Javier Gonz\u00e1lez Mart\u00ednez, hiciera entrega oficial de las llaves del inmueble -ubicado en la avenida Venustiano Carranza, esquina con Carlos A. V\u00e9lez, en la colonia Las Am\u00e9ricas- al secretario general del Sindicato, Le\u00f3n Carmona Castillo, Olvera Garc\u00eda devel\u00f3 la placa conmemorativa y recorri\u00f3 las instalaciones, que albergan cuatro niveles con oficinas para las diferentes secretar\u00edas, \u00e1reas administrativas, una sala de juntas, cafeter\u00eda y bodega, equipadas ya con mobiliario -escritorios, m\u00f3dulos de trabajo, sillas, archiveros, libreros, estantes, salas de espera- y equipos de c\u00f3mputo nuevos.<\/p>\n<p>Con la entrega de este inmueble, consider\u00f3 Carmona Castillo, el rector de la m\u00e1xima casa de estudios mexiquense responde a una necesidad de los trabajadores universitarios, pues el espacio en las oficinas anteriores era insuficiente.<\/p>\n<p>Indic\u00f3 que las secretar\u00edas de Previsi\u00f3n Social, Trabajo, Conflictos y Acci\u00f3n Femenil estar\u00e1n ubicadas en la planta baja; el primer piso albergar\u00e1 la Secretar\u00eda General y la Secretaria de Tesorer\u00eda; en el segundo piso estar\u00e1n las secretarias del Exterior, Organizaci\u00f3n, Acci\u00f3n Deportiva, Actas y Acuerdos, Prensa y Propaganda, y el tercer piso albergar\u00e1 la sala de juntas, la cafeter\u00eda, la terraza y la archivo.<\/p>\n","protected":false},"excerpt":{"rendered":"<p>En beneficio de los 2 mil 400 administrativos agrupados por el Sindicato \u00danico de Trabajadores y Empleados al Servicio de la Universidad Aut\u00f3noma del Estado de M\u00e9xico (SUTESUAEM), el rector Jorge Olvera Garc\u00eda dio respuesta a la solicitud realizada cuando era aspirante a la rector\u00eda e inaugur\u00f3 las nuevas oficinas de la agrupaci\u00f3n sindical, cuya inversi\u00f3n alcanz\u00f3 los casi 2 millones de pesos.<\/p>\n","protected":false},"author":3,"featured_media":189836,"comment_status":"open","ping_status":"open","sticky":false,"template":"","format":"standard","meta":{"_monsterinsights_skip_tracking":false,"_monsterinsights_sitenote_active":false,"_monsterinsights_sitenote_note":"","_monsterinsights_sitenote_category":0,"footnotes":""},"categories":[5],"tags":[43675,27015,452,1491],"class_list":["post-189797","post","type-post","status-publish","format-standard","has-post-thumbnail","hentry","category-estado-de-mexico","tag-estado-de-mexico","tag-jorge-olvera-garcia","tag-toluca","tag-uaem"],"_links":{"self":[{"href":"https:\/\/www.diarioimagen.net\/index.php?rest_route=\/wp\/v2\/posts\/189797","targetHints":{"allow":["GET"]}}],"collection":[{"href":"https:\/\/www.diarioimagen.net\/index.php?rest_route=\/wp\/v2\/posts"}],"about":[{"href":"https:\/\/www.diarioimagen.net\/index.php?rest_route=\/wp\/v2\/types\/post"}],"author":[{"embeddable":true,"href":"https:\/\/www.diarioimagen.net\/index.php?rest_route=\/wp\/v2\/users\/3"}],"replies":[{"embeddable":true,"href":"https:\/\/www.diarioimagen.net\/index.php?rest_route=%2Fwp%2Fv2%2Fcomments&post=189797"}],"version-history":[{"count":0,"href":"https:\/\/www.diarioimagen.net\/index.php?rest_route=\/wp\/v2\/posts\/189797\/revisions"}],"wp:featuredmedia":[{"embeddable":true,"href":"https:\/\/www.diarioimagen.net\/index.php?rest_route=\/wp\/v2\/media\/189836"}],"wp:attachment":[{"href":"https:\/\/www.diarioimagen.net\/index.php?rest_route=%2Fwp%2Fv2%2Fmedia&parent=189797"}],"wp:term":[{"taxonomy":"category","embeddable":true,"href":"https:\/\/www.diarioimagen.net\/index.php?rest_route=%2Fwp%2Fv2%2Fcategories&post=189797"},{"taxonomy":"post_tag","embeddable":true,"href":"https:\/\/www.diarioimagen.net\/index.php?rest_route=%2Fwp%2Fv2%2Ftags&post=189797"}],"curies":[{"name":"wp","href":"https:\/\/api.w.org\/{rel}","templated":true}]}}