{"id":189845,"date":"2014-09-19T00:07:05","date_gmt":"2014-09-19T05:07:05","guid":{"rendered":"http:\/\/www.diarioimagen.net\/?p=189845"},"modified":"2014-09-19T03:36:43","modified_gmt":"2014-09-19T08:36:43","slug":"german-larrea-el-chapo-del-sector-economico","status":"publish","type":"post","link":"https:\/\/www.diarioimagen.net\/?p=189845","title":{"rendered":"Germ\u00e1n Larrea, \u00bf<em>El Chapo<\/em> del sector econ\u00f3mico?"},"content":{"rendered":"<h2>Tras la puerta del poder<\/h2>\n<h5>Roberto Vizca\u00edno<\/h5>\n<p>&nbsp;<\/p>\n<ul>\n<li><strong><em>Los diputados hacen un puntual registro de las tropel\u00edas y enga\u00f1os del empresario<\/em><\/strong><\/li>\n<li><strong><em>Piden al gobierno de la Rep\u00fablica, castigo ejemplar y cancelar la concesi\u00f3n<\/em><\/strong><\/li>\n<li><strong><em>Larrea, mientras tanto, vive en La Toscana, Italia, rodeado de vides y buenos vinos<\/em><\/strong><\/li>\n<\/ul>\n<div id=\"attachment_189870\" style=\"width: 250px\" class=\"wp-caption alignleft\"><a href=\"http:\/\/www.diarioimagen.net\/wp-content\/uploads\/2014\/09\/sonora-LUIS-XAVIER-2446.jpg\" target=\"_blank\"><img loading=\"lazy\" decoding=\"async\" aria-describedby=\"caption-attachment-189870\" class=\"size-medium wp-image-189870\" src=\"http:\/\/www.diarioimagen.net\/wp-content\/uploads\/2014\/09\/sonora-LUIS-XAVIER-2446-240x185.jpg\" alt=\"Sonora... | Luis Xavier\" width=\"240\" height=\"185\" srcset=\"https:\/\/www.diarioimagen.net\/wp-content\/uploads\/2014\/09\/sonora-LUIS-XAVIER-2446-240x185.jpg 240w, https:\/\/www.diarioimagen.net\/wp-content\/uploads\/2014\/09\/sonora-LUIS-XAVIER-2446-420x323.jpg 420w, https:\/\/www.diarioimagen.net\/wp-content\/uploads\/2014\/09\/sonora-LUIS-XAVIER-2446.jpg 1200w\" sizes=\"auto, (max-width: 240px) 100vw, 240px\" \/><\/a><p id=\"caption-attachment-189870\" class=\"wp-caption-text\">Sonora&#8230; | Luis Xavier<\/p><\/div>\n<p>Cualquier acercamiento al perfil o una leve lectura de los antecedentes de <strong>Germ\u00e1n Larrea<\/strong>, le deja a uno la sensaci\u00f3n de estar viendo al cl\u00e1sico villano de cualquier caricatura infantil.<\/p>\n<p>Ese personaje oscuro, con capa negra y nariz afilada, ojos saltones, que se soba las manos ideando el siguiente maleficio en contra de los humanos a su alrededor.<\/p>\n<p>La \u00fanica cuesti\u00f3n es que <strong>Germ\u00e1n Larrea Mota de Velasco<\/strong> no es una caricatura. Es un personaje real y como tal se acerca m\u00e1s al perfil de Joaqu\u00edn \u201c<em>El Chapo<\/em>\u201d Guzm\u00e1n que al de cualquier maloso de nuestras praderas.<\/p>\n<p>Si bien \u201c<em>El Chapo<\/em>\u201d trafica con drogas cuyos efectos son nefastos para un segmento importante de la poblaci\u00f3n nacional y extranjera, Larrea trafica a trav\u00e9s del Grupo M\u00e9xico con concesiones mineras y con participaciones en la Bolsa de Valores, donde interviene en varias \u00e1reas de la econom\u00eda siempre para exprimir a sus trabajadores y para explotar literalmente recursos naturales.<\/p>\n<p>De sus malos alcances y peores actuaciones da cuenta la Comisi\u00f3n Especial Legislativa para dar Seguimiento a la Problem\u00e1tica Generada por el Derrame de Diversas Sustancias Contaminantes en los r\u00edos Sonora y Bacanuchi.<\/p>\n<p>Esta comisi\u00f3n, que es presidida por el diputado tamaulipeco pri\u00edsta Marco Antonio Bernal y a la que pertenecen otros 6 legisladores en representaci\u00f3n de todas las fracciones de la C\u00e1mara de Diputados, rindi\u00f3 en d\u00edas pasados su primer informe sobre los hechos derivados del derrame el 6 de agosto pasado de 40 mil metros c\u00fabicos de lixiviados de sulfato de cobre en el r\u00edo Bacanuchi, afluente del r\u00edo Sonora que descarga sus aguas en las presas El Molinito y Abelardo L. Rodr\u00edguez.<\/p>\n<p>Este derrame como ha sido ampliamente difundido afect\u00f3 a los muncipios de Arizpe, Ben\u00e1michi, Hu\u00e9pac, Aconchi, Bavi\u00e1cora, San Felipe de Jes\u00fas y Ures, en los cuales viven unas 24 mil personas.<\/p>\n<p>Del contenido del informe que suma 42 p\u00e1ginas, vale la pena retomar dos p\u00e1rrafos que dan cuenta de lo que es Larrea y su Grupo M\u00e9xico, seg\u00fan los diputados de todos los partidos:<\/p>\n<p>\u201cEl estado de Sonora y sus habitantes no se han beneficiado de la explotaci\u00f3n de sus recursos naturales. La extracci\u00f3n de sus riquezas minerales no ha ayudado a elevar el nivel de vida de los sonorenses. La empresa Grupo M\u00e9xico y su filial la mina Buenavista del Cobre S.A. de C.V., lejos de actuar como una empresa responsable, respetuosa del medio ambiente y solidaria con la poblaci\u00f3n de la zona ha puesto en riesgo la vida humana, el entorno ambiental y el desarrollo econ\u00f3mico de la regi\u00f3n.<\/p>\n<p>\u201cUna mina que reporta ganancias de 4.4 millones de d\u00f3lares diariamente, que cuenta con un historial negativo y de impunidad, que no protege la salud de sus trabajadores y cierra centros hospitalarios (Hospital del Ronquillo), que no respeta sus derechos laborales y que no contrata personas de Cananea y exhibe letreros discriminatorios en las puertas de sus instalaciones, no puede ser considerada en M\u00e9xico como una empresa responsable\u201d.<\/p>\n<p>En su amplio informe los legisladores develan el impacto emocional que les caus\u00f3 entrar en contacto no s\u00f3lo con las zonas afectadas por el derrame, sino por los testimonios recogidos de los habitantes de la zona y de los trabajadores y ex trabajadores de la mina.<\/p>\n<p>El relato es impresionante: un medio ambiente absolutamente afectado por el derrame que, de acuerdo a los expertos, tardar\u00e1\u00a0 cuando menos 5 a\u00f1os en comenzar a recuperarse.<\/p>\n<p>Pero lo m\u00e1s dram\u00e1tico es el largo testimonial vivo de sus pobladores quienes llevaron a los diputados a los lugares donde la misma empresa hab\u00eda hecho otros derrames similares en a\u00f1os anteriores sin que hubiera ninguna respuesta de autoridad alguna.<\/p>\n<p>Los diputados fueron testigos de c\u00f3mo el tubo, de donde sali\u00f3 el derrame altamente t\u00f3xico el 6 de\u00a0 agosto pasado, sigue exactamente igual, sin reparaci\u00f3n alguna por parte de la empresa.<\/p>\n<p>Y fueron testigos de primera mano de los enga\u00f1os y mentiras de la empresa que intent\u00f3 cubrir y desviar su responsabilidad en terceros, cuando era inocultable la responsabilidad propia.<\/p>\n<p>Todo un testimonial que llev\u00f3 a la Comisi\u00f3n a proponer a la C\u00e1mara de Diputados pedirle al Presidente de la Rep\u00fablica, aplicar un castigo ejemplar jur\u00eddico, civil, econ\u00f3mico y penal a Grupo M\u00e9xico y retirarle la concesi\u00f3n.<\/p>\n<p>Pero gran parte de esto y m\u00e1s ha sido ya abordado ampliamente en otros espacios.<\/p>\n<p style=\"text-align: center;\"><strong>GERM\u00c1N LARREA<\/strong><\/p>\n<p>Lo impresionante es saber que Germ\u00e1n Larrea surge con Grupo M\u00e9xico hace m\u00e1s de 50 a\u00f1os, primero como una empresa de la construcci\u00f3n que pasa luego a la explotaci\u00f3n de fundos mineros.<\/p>\n<p>Es Carlos Salinas quien le da el jal\u00f3n definitivo a la creaci\u00f3n de una posici\u00f3n que seg\u00fan <em>Forbes<\/em> lo coloca como el tercer hombre m\u00e1s rico en M\u00e9xico, con una fortuna valorada en 13 mil millones de d\u00f3lares.<\/p>\n<p>Salinas le otorga a inicios de los 90 las dos concesiones m\u00e1s importantes: la de Cananea y La Esperanza.<\/p>\n<p>Ambas representan el dep\u00f3sito m\u00e1s grande de cobre en el mundo y la tercera explotaci\u00f3n m\u00e1s redituable en el orbe.<\/p>\n<p>Tan s\u00f3lo de la mina Buenavista del Cobre, de donde se dio el derrame, Larrea obtiene 1,584 millones de d\u00f3lares al a\u00f1o. Y tiene explotando esa mina desde hace 24 a\u00f1os.<\/p>\n<p>Es sabido en el medio empresarial que Germ\u00e1n Larrea se deja ver poco. No hay videos ni fotos recientes de \u00e9l.<\/p>\n<p>Y es que este empresario que explota minas en Per\u00fa &#8211;donde adem\u00e1s tiene una refiner\u00eda y una fundici\u00f3n en la frontera con Chile&#8211;, y que es due\u00f1o de la empresa estadounidense Asarco, y la Southern Copper Co., casi no est\u00e1 en M\u00e9xico.<\/p>\n<p>\u00c9l vive en un castillo rodeado de vides en La Toscana, Italia, de donde se desplaza de vez en vez a alguna parte del mundo, casi poco a M\u00e9xico.<\/p>\n<p>Hoy, Lerrea, cuya empresa Grupo M\u00e9xico fue la responsable del desastre de Pasta de Conchos, Coahuila, donde el 19 de febrero de 2006 murieron y quedaron enterrados 65 mineros, y que es tambi\u00e9n responsable del accidente de Charcas, en San Luis Potos\u00ed, donde a\u00f1os despu\u00e9s fallecieron otros 5 mineros, tiene grupos de exploraci\u00f3n minera en Chile, Argentina y Australia.<\/p>\n<p>Pero Grupo M\u00e9xico no s\u00f3lo atiende cuestiones de miner\u00eda, no. Uno de quienes ha trabajado con \u00e9l es Luis T\u00e9llez, quien ahora desde la presidencia de la Bolsa de Valores dedica una parte a aplicar la fortuna de Germ\u00e1n Larrea en bonos y valores en amplios sectores de la econom\u00eda mexicana.<\/p>\n<p>En Estados Unidos estas operaciones las realizan en la Bolsa de Valores de Nueva York los encargados de Asarco y la Southern Copper Co.<\/p>\n<p>Germ\u00e1n Larrea es un s\u00f3lo personaje. Y es igual aqu\u00ed y en donde viva, no puede ser otra cosa. Y como tal tambi\u00e9n tiene problemas por cuestiones ambientales en sus empresas en Estados Unidos, cuyas autoridades le han impuesto severas y cuantiosas multas de varios miles de millones de pesos.<\/p>\n<p>All\u00e1 tambi\u00e9n enfrenta un juicio por fraude debido a un mal manejo durante la adquisici\u00f3n de Asarco.<\/p>\n<p>Tr\u00e1cala internacional, Larrea enfrenta tambi\u00e9n un juicio por fraude aqu\u00ed en M\u00e9xico debido a que varios inversionistas mexicanos radicados en Londres, adquirieron valores de Grupo M\u00e9xico a trav\u00e9s de la Bolsa de Valores, pero Larrea nunca se los dio.<\/p>\n<p>As\u00ed de simple: ingresa miles de millones de d\u00f3lares por las minas mexicanas y adem\u00e1s se queda con el dinero de inversores.<\/p>\n<p>Este es un somero perfil de Germ\u00e1n Larrea, el tercer hombre m\u00e1s rico de M\u00e9xico, ese que vive en su castillo de La Toscana mientras sus trabajadores aqu\u00ed mueren contaminados porque usan mascarillas de papel y no tienen hospitales donde se les atienda.<\/p>\n<p><em><a href=\"mailto:rvizcainoa@gmail.com\">rvizcainoa@gmail.com<\/a><\/em><\/p>\n","protected":false},"excerpt":{"rendered":"<p><span style=\"color: #005497;\"><strong>Roberto Vizca\u00edno<\/strong><\/span><br \/>\n<br \/>\nCualquier acercamiento al perfil o una leve lectura de los antecedentes de <strong>Germ\u00e1n Larrea<\/strong>, le deja a uno la sensaci\u00f3n de estar viendo al cl\u00e1sico villano de cualquier caricatura infantil.<\/p>\n","protected":false},"author":3,"featured_media":189870,"comment_status":"open","ping_status":"open","sticky":false,"template":"","format":"standard","meta":{"_monsterinsights_skip_tracking":false,"_monsterinsights_sitenote_active":false,"_monsterinsights_sitenote_note":"","_monsterinsights_sitenote_category":0,"footnotes":""},"categories":[136],"tags":[2765,43674,93,94],"class_list":["post-189845","post","type-post","status-publish","format-standard","has-post-thumbnail","hentry","category-roberto-vizcaino-opinion","tag-joaquin-el-chapo-guzman-loera","tag-opinion","tag-roberto-vizcaino","tag-tras-la-puerta-del-poder"],"_links":{"self":[{"href":"https:\/\/www.diarioimagen.net\/index.php?rest_route=\/wp\/v2\/posts\/189845","targetHints":{"allow":["GET"]}}],"collection":[{"href":"https:\/\/www.diarioimagen.net\/index.php?rest_route=\/wp\/v2\/posts"}],"about":[{"href":"https:\/\/www.diarioimagen.net\/index.php?rest_route=\/wp\/v2\/types\/post"}],"author":[{"embeddable":true,"href":"https:\/\/www.diarioimagen.net\/index.php?rest_route=\/wp\/v2\/users\/3"}],"replies":[{"embeddable":true,"href":"https:\/\/www.diarioimagen.net\/index.php?rest_route=%2Fwp%2Fv2%2Fcomments&post=189845"}],"version-history":[{"count":0,"href":"https:\/\/www.diarioimagen.net\/index.php?rest_route=\/wp\/v2\/posts\/189845\/revisions"}],"wp:featuredmedia":[{"embeddable":true,"href":"https:\/\/www.diarioimagen.net\/index.php?rest_route=\/wp\/v2\/media\/189870"}],"wp:attachment":[{"href":"https:\/\/www.diarioimagen.net\/index.php?rest_route=%2Fwp%2Fv2%2Fmedia&parent=189845"}],"wp:term":[{"taxonomy":"category","embeddable":true,"href":"https:\/\/www.diarioimagen.net\/index.php?rest_route=%2Fwp%2Fv2%2Fcategories&post=189845"},{"taxonomy":"post_tag","embeddable":true,"href":"https:\/\/www.diarioimagen.net\/index.php?rest_route=%2Fwp%2Fv2%2Ftags&post=189845"}],"curies":[{"name":"wp","href":"https:\/\/api.w.org\/{rel}","templated":true}]}}