{"id":189859,"date":"2014-09-19T00:01:51","date_gmt":"2014-09-19T05:01:51","guid":{"rendered":"http:\/\/www.diarioimagen.net\/?p=189859"},"modified":"2014-09-22T02:16:13","modified_gmt":"2014-09-22T07:16:13","slug":"huracanes-el-antes-y-el-despues","status":"publish","type":"post","link":"https:\/\/www.diarioimagen.net\/?p=189859","title":{"rendered":"Huracanes, el antes y el despu\u00e9s"},"content":{"rendered":"<h2>Pol\u00edtica Spot<\/h2>\n<h5>Juan Manuel Maga\u00f1a<\/h5>\n<p>&nbsp;<\/p>\n<p>Un corresponsal de Baja California Sur report\u00f3 en la radio haber presenciado aut\u00e9nticas \u201cescenas apocal\u00edpticas\u201d, debido a los actos de rapi\u00f1a que se dieron en Los Cabos tras el paso del hurac\u00e1n \u201cOdile\u201d.<\/p>\n<p>En las redes sociales han circulado multitud de im\u00e1genes en video y fotograf\u00eda que dan cuenta de la disputa violenta, casi infrahumana, por sobrevivir.<\/p>\n<p>Luego de los da\u00f1os en la entidad causados por el meteoro, el saqueo a comercios, hoteles e incluso casas, en Cabo San Lucas y San Jos\u00e9 del Cabo por parte de comandos encapuchados, se convirti\u00f3 en el grave problema, de acuerdo con un alud de testimonios de la poblaci\u00f3n. Los ciudadanos identificaron con precisi\u00f3n que la gravedad de la situaci\u00f3n se debi\u00f3 a tres factores: al problema de desabasto sigui\u00f3 el de ausencia de autoridades y luego se sum\u00f3 el de la inseguridad p\u00fablica.<\/p>\n<p>desabasto fue acentuado por la falta de agua, comida y dinero en efectivo porque los cajeros no funcionaban por falta de luz e internet. Debido a todo esto, a los habitantes de Los Cabos no les qued\u00f3 de otra que organizar guardias para evitar saqueos. Un instintivo impulso defensivo.<\/p>\n<p>Fue hasta la tarde de ayer cuando la Polic\u00eda Federal inform\u00f3 haber reforzado la seguridad con 200 elementos de la Gendarmer\u00eda Nacional, que ya actuaban contra la rapi\u00f1a, m\u00e1s la llegada de otros 500 efectivos a Los Cabos.<\/p>\n<p>Mientras \u201cOdile\u201d golpeaba a Baja California Sur y con la tormenta \u201cPolo\u201d que en cuesti\u00f3n de horas se convert\u00eda en hurac\u00e1n categor\u00eda 1, miles de integrantes del Consejo de Comunidades Damnificadas de la Monta\u00f1a, en Guerrero, protestaron por lo ocurrido un a\u00f1o antes tras el paso devastador de los huracanes \u201cManuel\u201d e \u201cIngrid\u201d. Exig\u00edan a los gobiernos federal y estatal que cumplan sus promesas de reconstruir viviendas, escuelas, y reubicar a los pueblos da\u00f1ados por los ciclones.<\/p>\n<p>Quiere decir que a pesar de numerosas promesas de reconstrucci\u00f3n y apoyo a los afectados y de coordinaci\u00f3n entre niveles de gobierno, localidades situadas lejos de la zona tur\u00edstica de la entidad han sido desatendidas.<\/p>\n<p>Con los propios datos de la administraci\u00f3n estatal, m\u00e1s de 5 mil familias guerrerenses siguen viviendo hoy a la intemperie y la asistencia monetaria prometida por el gobierno federal \u2013unos 37 mil millones de pesos\u2013 sencillamente no ha llegado a esas comunidades. La construcci\u00f3n o reconstrucci\u00f3n de vivienda e infraestructura para los afectados han tenido un avance precario.<\/p>\n<p>Es aqu\u00ed donde las zonas pobres sufren un doble da\u00f1o, uno por los fen\u00f3menos naturales y otro por la desatenci\u00f3n gubernamental. Encima, mientras esto no se corrige, s\u00f3lo se est\u00e1 a merced de un nuevo golpe con la llegada de nuevos ciclones o desastres.<\/p>\n<p>A estas zonas pobres de Guerrero, acostumbradas a la precariedad, s\u00f3lo les queda la protesta. A los pobres de Baja California Sur, la rapi\u00f1a.<\/p>\n<p>En M\u00e9xico se avanz\u00f3 en los \u00faltimos a\u00f1os en la cultura de prevenci\u00f3n frente a la proximidad de huracanes. La poblaci\u00f3n se refugia y eso salva vidas. Pero algo ocurre tras el paso de estos fen\u00f3menos. El com\u00fan denominador es primero la ausencia de autoridades, luego su fugaz presencia y despu\u00e9s el abandono absoluto. En los grandes desastres se descubre corrupci\u00f3n previa y posterior.<\/p>\n<p>La protesta y la rapi\u00f1a no es otra cosa que dejar, en un momento dado, que la gente se rasque con sus propias u\u00f1as, lo cual es sumamente peligroso. \u00bfNo hay manera de evitarlo?<\/p>\n<p><em><a href=\"mailto:%20maganapalace@yahoo.com.mx\" target=\"_blank\">maganapalace@yahoo.com.mx<\/a><\/em><\/p>\n","protected":false},"excerpt":{"rendered":"<p><span style=\"color: #005497;\"><strong>Juan Manuel Maga\u00f1a<\/strong><\/span><\/p>\n","protected":false},"author":3,"featured_media":0,"comment_status":"open","ping_status":"open","sticky":false,"template":"","format":"standard","meta":{"_monsterinsights_skip_tracking":false,"_monsterinsights_sitenote_active":false,"_monsterinsights_sitenote_note":"","_monsterinsights_sitenote_category":0,"footnotes":""},"categories":[22905],"tags":[43709,2864,43674,22904],"class_list":["post-189859","post","type-post","status-publish","format-standard","hentry","category-juan-manuel-magana","tag-juan-manuel-magana","tag-los-cabos","tag-opinion","tag-politica-spot"],"_links":{"self":[{"href":"https:\/\/www.diarioimagen.net\/index.php?rest_route=\/wp\/v2\/posts\/189859","targetHints":{"allow":["GET"]}}],"collection":[{"href":"https:\/\/www.diarioimagen.net\/index.php?rest_route=\/wp\/v2\/posts"}],"about":[{"href":"https:\/\/www.diarioimagen.net\/index.php?rest_route=\/wp\/v2\/types\/post"}],"author":[{"embeddable":true,"href":"https:\/\/www.diarioimagen.net\/index.php?rest_route=\/wp\/v2\/users\/3"}],"replies":[{"embeddable":true,"href":"https:\/\/www.diarioimagen.net\/index.php?rest_route=%2Fwp%2Fv2%2Fcomments&post=189859"}],"version-history":[{"count":0,"href":"https:\/\/www.diarioimagen.net\/index.php?rest_route=\/wp\/v2\/posts\/189859\/revisions"}],"wp:attachment":[{"href":"https:\/\/www.diarioimagen.net\/index.php?rest_route=%2Fwp%2Fv2%2Fmedia&parent=189859"}],"wp:term":[{"taxonomy":"category","embeddable":true,"href":"https:\/\/www.diarioimagen.net\/index.php?rest_route=%2Fwp%2Fv2%2Fcategories&post=189859"},{"taxonomy":"post_tag","embeddable":true,"href":"https:\/\/www.diarioimagen.net\/index.php?rest_route=%2Fwp%2Fv2%2Ftags&post=189859"}],"curies":[{"name":"wp","href":"https:\/\/api.w.org\/{rel}","templated":true}]}}