{"id":189967,"date":"2014-09-22T00:06:09","date_gmt":"2014-09-22T05:06:09","guid":{"rendered":"http:\/\/www.diarioimagen.net\/?p=189967"},"modified":"2014-09-23T04:29:41","modified_gmt":"2014-09-23T09:29:41","slug":"eruviel-avila-inaugura-la-expo-infraestructura-2014","status":"publish","type":"post","link":"https:\/\/www.diarioimagen.net\/?p=189967","title":{"rendered":"Eruviel \u00c1vila inaugura la Expo Infraestructura 2014"},"content":{"rendered":"<ul>\n<li><strong><em>En el patio central del Palacio de Gobierno se exhiben 54 maquetas de las obras m\u00e1s destacadas construidas o que se edifican en el estado<\/em><\/strong><\/li>\n<\/ul>\n<div id=\"attachment_190036\" style=\"width: 250px\" class=\"wp-caption alignleft\"><a href=\"http:\/\/www.diarioimagen.net\/wp-content\/uploads\/2014\/09\/eruviel-2447.jpg\"><img loading=\"lazy\" decoding=\"async\" aria-describedby=\"caption-attachment-190036\" class=\"size-medium wp-image-190036\" src=\"http:\/\/www.diarioimagen.net\/wp-content\/uploads\/2014\/09\/eruviel-2447-240x135.jpg\" alt=\"En el Patio Central del Palacio de Gobierno, Eruviel \u00c1vila Villegas inaugur\u00f3 la Expo Infraestructura 2014 Grandes Obras Para el Desarrollo de los Mexiquenses, que est\u00e1 conformada por 54 maquetas de escuelas, hospitales, carreteras, sistemas de transporte, obras hidr\u00e1ulicas, parques industriales, centros comerciales y \u00e1reas verdes y de convivencia familiar.\" width=\"240\" height=\"135\" srcset=\"https:\/\/www.diarioimagen.net\/wp-content\/uploads\/2014\/09\/eruviel-2447-240x135.jpg 240w, https:\/\/www.diarioimagen.net\/wp-content\/uploads\/2014\/09\/eruviel-2447-420x236.jpg 420w, https:\/\/www.diarioimagen.net\/wp-content\/uploads\/2014\/09\/eruviel-2447-235x132.jpg 235w, https:\/\/www.diarioimagen.net\/wp-content\/uploads\/2014\/09\/eruviel-2447-202x114.jpg 202w, https:\/\/www.diarioimagen.net\/wp-content\/uploads\/2014\/09\/eruviel-2447-350x196.jpg 350w, https:\/\/www.diarioimagen.net\/wp-content\/uploads\/2014\/09\/eruviel-2447-220x123.jpg 220w, https:\/\/www.diarioimagen.net\/wp-content\/uploads\/2014\/09\/eruviel-2447-237x132.jpg 237w, https:\/\/www.diarioimagen.net\/wp-content\/uploads\/2014\/09\/eruviel-2447.jpg 480w\" sizes=\"auto, (max-width: 240px) 100vw, 240px\" \/><\/a><p id=\"caption-attachment-190036\" class=\"wp-caption-text\">En el Patio Central del Palacio de Gobierno, Eruviel \u00c1vila Villegas inaugur\u00f3 la Expo Infraestructura 2014 Grandes Obras Para el Desarrollo de los Mexiquenses, que est\u00e1 conformada por 54 maquetas de escuelas, hospitales, carreteras, sistemas de transporte, obras hidr\u00e1ulicas, parques industriales, centros comerciales y \u00e1reas verdes y de convivencia familiar.<\/p><\/div>\n<p><strong>Toluca, Estado de M\u00e9xico<\/strong>.- Conformada por 54 maquetas de las obras m\u00e1s destacadas que se han construido o se construyen durante la actual administraci\u00f3n estatal,\u00a0 la Expo Infraestructura 2014 Grandes Obras para el Desarrollo de los Mexiquenses,\u00a0 fue inaugurada por el gobernador Eruviel \u00c1vila Villegas, y estar\u00e1 abierta hasta el pr\u00f3ximo 24 de noviembre en el patio central del Palacio de Gobierno.<\/p>\n<p>Vialidades, hospitales, deportivos, parques p\u00fablicos, modernos medios de transporte masivo e infraestructura sanitaria son parte de los ejemplos que se exhiben y que muestran modernidad y vanguardia en cada uno de sus conceptos.<\/p>\n<p>\u201cSon obras que est\u00e1n ah\u00ed, son obras reales, obras palpables, obras que traer\u00e1n beneficio, crecimiento econ\u00f3mico, desarrollo, mejor bienestar a la poblaci\u00f3n, m\u00e1s empleos, mayor competitividad, m\u00e1s infraestructura para nuestro estado. Esto lo merece el Estado de M\u00e9xico y no vamos a bajar la guardia, seguir\u00e9 pendiente de la ejecuci\u00f3n transparente y eficiente de los recursos que llegan a la entidad.<\/p>\n<p>\u201cSeguir\u00e9 coordinado con el gobierno federal, con los municipales, con los gobiernos vecinos, en particular con el de la ciudad de M\u00e9xico para poder seguir ejecutando diferentes obras en beneficio de nuestra poblaci\u00f3n\u201d.<\/p>\n<p>\u00c1vila Villegas dijo que en la entidad, en promedio, se realizan cinco obras por d\u00eda, ya que en los mil 105 d\u00edas que lleva la administraci\u00f3n, se han concretado 5 mil 687, con una inversi\u00f3n de 54 mil 449 millones de pesos, las cuales han permitido incrementar servicios, as\u00ed como proteger la salud y el patrimonio de la gente, adem\u00e1s de mejorar la movilidad, fomentar el de\u00adsarrollo del campo, crear mejores espacios educativos, entre otras acciones.<\/p>\n<p>Acompa\u00f1ado por los miembros del gabinete legal y ampliado, el mandatario afirm\u00f3 que estas obras representan un gran trabajo, gestiones y esfuerzo para todos los involucrados y que en la exposici\u00f3n, los visitantes pueden observar maquetas de planteles educativos, hospitales, carreteras, sistemas de transporte, obras hidr\u00e1ulicas, parques industriales, centros comerciales, \u00e1reas verdes y de convivencia familiar, as\u00ed como de tecnificaci\u00f3n del campo, e indic\u00f3 que cada una es muestra del patrimonio de los mexiquenses.<\/p>\n<p>El Aeropuerto Internacional de la Ciudad de M\u00e9xico, el Mexicable, el Mexipuerto Cuatro Caminos, el Eje Metropolitano Siervo de la Naci\u00f3n, el Mexib\u00fas IV, en el Valle de M\u00e9xico; la carretera Naucalpan-Toluca o Galer\u00edas Toluca, en el Valle de Toluca, y en la regi\u00f3n sur, el gran parque recreativo Barco Interactivo, entre otros.<\/p>\n<p>En tres a\u00f1os de gobierno, a lo largo y ancho del territorio mexiquense, se ha consolidado la infraestructura en todos los sectores, permitiendo atraer m\u00e1s inversiones y generar empleos para mejorar las condiciones de vida, ya que es uno de los indicadores m\u00e1s certeros del desarrollo.<\/p>\n<p>Despu\u00e9s de hacer un recorrido por esta exposici\u00f3n, durante la cual escuch\u00f3 la explicaci\u00f3n por parte de los titulares de las secretar\u00edas de Salud, Agua y Obra P\u00fablica y Comunicaciones, del rector de la UAEM, del presidente del Tribunal Superior de Justicia de la entidad, de las directoras del Sistema DIF estatal, de la CEPANAF, y de representantes de la Conagua, de la SCT y de la Secretar\u00eda de Educaci\u00f3n, Eruviel \u00c1vila se\u00f1al\u00f3 que hoy en d\u00eda el Estado de M\u00e9xico, en este rubro, mucho de lo que se ha conseguido es tambi\u00e9n gracias al impulso que el presidente Enrique Pe\u00f1a Nieto brinda a las obras de infraestructura.<\/p>\n","protected":false},"excerpt":{"rendered":"<p>Conformada por 54 maquetas de las obras m\u00e1s destacadas que se han construido o se construyen durante la actual administraci\u00f3n estatal,  la Expo Infraestructura 2014 Grandes Obras para el Desarrollo de los Mexiquenses,  fue inaugurada por el gobernador Eruviel \u00c1vila Villegas, y estar\u00e1 abierta hasta el pr\u00f3ximo 24 de noviembre en el patio central del Palacio de Gobierno.<\/p>\n","protected":false},"author":3,"featured_media":190036,"comment_status":"open","ping_status":"open","sticky":false,"template":"","format":"standard","meta":{"_monsterinsights_skip_tracking":false,"_monsterinsights_sitenote_active":false,"_monsterinsights_sitenote_note":"","_monsterinsights_sitenote_category":0,"footnotes":""},"categories":[5],"tags":[5828,43675,11815,452],"class_list":["post-189967","post","type-post","status-publish","format-standard","has-post-thumbnail","hentry","category-estado-de-mexico","tag-eruviel-avila-villegas","tag-estado-de-mexico","tag-mexibus","tag-toluca"],"_links":{"self":[{"href":"https:\/\/www.diarioimagen.net\/index.php?rest_route=\/wp\/v2\/posts\/189967","targetHints":{"allow":["GET"]}}],"collection":[{"href":"https:\/\/www.diarioimagen.net\/index.php?rest_route=\/wp\/v2\/posts"}],"about":[{"href":"https:\/\/www.diarioimagen.net\/index.php?rest_route=\/wp\/v2\/types\/post"}],"author":[{"embeddable":true,"href":"https:\/\/www.diarioimagen.net\/index.php?rest_route=\/wp\/v2\/users\/3"}],"replies":[{"embeddable":true,"href":"https:\/\/www.diarioimagen.net\/index.php?rest_route=%2Fwp%2Fv2%2Fcomments&post=189967"}],"version-history":[{"count":0,"href":"https:\/\/www.diarioimagen.net\/index.php?rest_route=\/wp\/v2\/posts\/189967\/revisions"}],"wp:featuredmedia":[{"embeddable":true,"href":"https:\/\/www.diarioimagen.net\/index.php?rest_route=\/wp\/v2\/media\/190036"}],"wp:attachment":[{"href":"https:\/\/www.diarioimagen.net\/index.php?rest_route=%2Fwp%2Fv2%2Fmedia&parent=189967"}],"wp:term":[{"taxonomy":"category","embeddable":true,"href":"https:\/\/www.diarioimagen.net\/index.php?rest_route=%2Fwp%2Fv2%2Fcategories&post=189967"},{"taxonomy":"post_tag","embeddable":true,"href":"https:\/\/www.diarioimagen.net\/index.php?rest_route=%2Fwp%2Fv2%2Ftags&post=189967"}],"curies":[{"name":"wp","href":"https:\/\/api.w.org\/{rel}","templated":true}]}}