{"id":190022,"date":"2014-09-22T00:08:50","date_gmt":"2014-09-22T05:08:50","guid":{"rendered":"http:\/\/www.diarioimagen.net\/?p=190022"},"modified":"2014-09-22T03:17:54","modified_gmt":"2014-09-22T08:17:54","slug":"entrega-gem-apoyos-a-mas-de-dos-mil-habitantes-de-la-region-valle-de-bravo","status":"publish","type":"post","link":"https:\/\/www.diarioimagen.net\/?p=190022","title":{"rendered":"Entrega GEM apoyos a m\u00e1s de dos mil habitantes de la regi\u00f3n Valle de Bravo"},"content":{"rendered":"<div id=\"attachment_190038\" style=\"width: 250px\" class=\"wp-caption alignleft\"><a href=\"http:\/\/www.diarioimagen.net\/wp-content\/uploads\/2014\/09\/Edomex-2447.jpg\"><img loading=\"lazy\" decoding=\"async\" aria-describedby=\"caption-attachment-190038\" class=\"size-medium wp-image-190038\" src=\"http:\/\/www.diarioimagen.net\/wp-content\/uploads\/2014\/09\/Edomex-2447-240x150.jpg\" alt=\"Entrega de apoyos a mujeres en la regi\u00f3n de Valle de Bravo.\" width=\"240\" height=\"150\" srcset=\"https:\/\/www.diarioimagen.net\/wp-content\/uploads\/2014\/09\/Edomex-2447-240x150.jpg 240w, https:\/\/www.diarioimagen.net\/wp-content\/uploads\/2014\/09\/Edomex-2447-420x262.jpg 420w, https:\/\/www.diarioimagen.net\/wp-content\/uploads\/2014\/09\/Edomex-2447.jpg 960w\" sizes=\"auto, (max-width: 240px) 100vw, 240px\" \/><\/a><p id=\"caption-attachment-190038\" class=\"wp-caption-text\">Entrega de apoyos a mujeres en la regi\u00f3n de Valle de Bravo.<\/p><\/div>\n<p><strong>Valle de Bravo, Estado de M\u00e9xico<\/strong>.- Al encabezar la entrega de despensas, cr\u00e9ditos y tarjetas La Efectiva, en beneficio de dos mil 100 habitantes de los municipios de Valle de Bravo, Villa Victoria, Zacazonapan, Otzoloapan y Santo Tom\u00e1s, el secretario de Desarrollo Social, Arturo Osornio S\u00e1nchez, destac\u00f3 que las indicaciones del gobernador Eruviel \u00c1vila Villegas son acercar a m\u00e1s personas los programas y beneficios que el gobierno estatal otorga para su desarrollo, sobre todo procurando la atenci\u00f3n de mujeres, ni\u00f1os y adultos mayores.<\/p>\n<p>\u201cLos programas sociales son una obligaci\u00f3n del Estado para propiciar la igualdad y el desarrollo social de todos los habitantes\u201d, puntualiz\u00f3.<\/p>\n<p>En tanto, el secretario de Desarrollo Agropecuario (Sedagro), Eduardo Gasca Pliego, en su calidad de presidente de gabinete regional en la zona Valle de Bravo, inform\u00f3 que los peque\u00f1os productores van a poder acceder a cr\u00e9ditos con tasas muy bajas, del 7 por ciento y 6.5 para mujeres, para que emprendan su propio negocio y tengan mayor producci\u00f3n que les ayude a mejorar su calidad de vida.<\/p>\n<p>Por su parte, Mercedes Col\u00edn Guadarrama, vocal ejecutiva del Consejo Estatal de la Mujer y Bienestar Social (CEMyBS), refiri\u00f3 que la entrega de apoyos y proyectos productivos contribuye a mejorar al empoderamiento econ\u00f3mico de las mujeres que viven en las zonas alejadas y de dif\u00edcil acceso, y que adem\u00e1s atiende a las personas con alg\u00fan grado de vulnerabilidad.<\/p>\n<p>El evento se llev\u00f3 a cabo simult\u00e1neamente con una Jornada M\u00e9dica y de Servicios para que los m\u00e1s de dos mil asistentes recibieran atenci\u00f3n de las diferentes instancias gubernamentales del sector Salud, adem\u00e1s se cont\u00f3 con la presencia del alcalde anfitri\u00f3n, Francisco Reynoso Israde; del subsecretario de Desarrollo Regional del Valle de Toluca, Werner Christof Maletz Ram\u00edrez; as\u00ed como de Gabriel Olvera Hern\u00e1ndez, diputado local por el Distritos X; y de diversas autoridades estatales y municipales.<\/p>\n","protected":false},"excerpt":{"rendered":"<p>Al encabezar la entrega de despensas, cr\u00e9ditos y tarjetas La Efectiva, en beneficio de dos mil 100 habitantes de los municipios de Valle de Bravo, Villa Victoria, Zacazonapan, Otzoloapan y Santo Tom\u00e1s, el secretario de Desarrollo Social, Arturo Osornio S\u00e1nchez, destac\u00f3 que las indicaciones del gobernador Eruviel \u00c1vila Villegas son acercar a m\u00e1s personas los programas y beneficios que el gobierno estatal otorga para su desarrollo, sobre todo procurando la atenci\u00f3n de mujeres, ni\u00f1os y adultos mayores.<\/p>\n","protected":false},"author":3,"featured_media":190038,"comment_status":"open","ping_status":"open","sticky":false,"template":"","format":"standard","meta":{"_monsterinsights_skip_tracking":false,"_monsterinsights_sitenote_active":false,"_monsterinsights_sitenote_note":"","_monsterinsights_sitenote_category":0,"footnotes":""},"categories":[5],"tags":[1108,5828,43675,1720,35749,1458],"class_list":["post-190022","post","type-post","status-publish","format-standard","has-post-thumbnail","hentry","category-estado-de-mexico","tag-arturo-osornio-sanchez","tag-eruviel-avila-villegas","tag-estado-de-mexico","tag-gem","tag-la-efectiva","tag-valle-de-bravo"],"_links":{"self":[{"href":"https:\/\/www.diarioimagen.net\/index.php?rest_route=\/wp\/v2\/posts\/190022","targetHints":{"allow":["GET"]}}],"collection":[{"href":"https:\/\/www.diarioimagen.net\/index.php?rest_route=\/wp\/v2\/posts"}],"about":[{"href":"https:\/\/www.diarioimagen.net\/index.php?rest_route=\/wp\/v2\/types\/post"}],"author":[{"embeddable":true,"href":"https:\/\/www.diarioimagen.net\/index.php?rest_route=\/wp\/v2\/users\/3"}],"replies":[{"embeddable":true,"href":"https:\/\/www.diarioimagen.net\/index.php?rest_route=%2Fwp%2Fv2%2Fcomments&post=190022"}],"version-history":[{"count":0,"href":"https:\/\/www.diarioimagen.net\/index.php?rest_route=\/wp\/v2\/posts\/190022\/revisions"}],"wp:featuredmedia":[{"embeddable":true,"href":"https:\/\/www.diarioimagen.net\/index.php?rest_route=\/wp\/v2\/media\/190038"}],"wp:attachment":[{"href":"https:\/\/www.diarioimagen.net\/index.php?rest_route=%2Fwp%2Fv2%2Fmedia&parent=190022"}],"wp:term":[{"taxonomy":"category","embeddable":true,"href":"https:\/\/www.diarioimagen.net\/index.php?rest_route=%2Fwp%2Fv2%2Fcategories&post=190022"},{"taxonomy":"post_tag","embeddable":true,"href":"https:\/\/www.diarioimagen.net\/index.php?rest_route=%2Fwp%2Fv2%2Ftags&post=190022"}],"curies":[{"name":"wp","href":"https:\/\/api.w.org\/{rel}","templated":true}]}}