{"id":190126,"date":"2014-09-23T00:13:17","date_gmt":"2014-09-23T05:13:17","guid":{"rendered":"http:\/\/www.diarioimagen.net\/?p=190126"},"modified":"2014-09-23T03:43:08","modified_gmt":"2014-09-23T08:43:08","slug":"recuerdan-a-lopez-mateos","status":"publish","type":"post","link":"https:\/\/www.diarioimagen.net\/?p=190126","title":{"rendered":"Recuerdan a L\u00f3pez Mateos"},"content":{"rendered":"<h2>Arco Norte<\/h2>\n<h5>Jos\u00e9 Luis Monta\u00f1ez Aguilar<\/h5>\n<p>&nbsp;<\/p>\n<div id=\"attachment_190194\" style=\"width: 430px\" class=\"wp-caption aligncenter\"><a href=\"http:\/\/www.diarioimagen.net\/wp-content\/uploads\/2014\/09\/arco-2448.jpg\" target=\"_blank\"><img loading=\"lazy\" decoding=\"async\" aria-describedby=\"caption-attachment-190194\" class=\"size-large wp-image-190194\" src=\"http:\/\/www.diarioimagen.net\/wp-content\/uploads\/2014\/09\/arco-2448-420x236.jpg\" alt=\"El titular del Ejecutivo estatal deposit\u00f3 una ofrenda floral y mont\u00f3 una guardia solmene de honor en el Mausoleo a L\u00f3pez Mateos.\" width=\"420\" height=\"236\" srcset=\"https:\/\/www.diarioimagen.net\/wp-content\/uploads\/2014\/09\/arco-2448-420x236.jpg 420w, https:\/\/www.diarioimagen.net\/wp-content\/uploads\/2014\/09\/arco-2448-240x135.jpg 240w, https:\/\/www.diarioimagen.net\/wp-content\/uploads\/2014\/09\/arco-2448-480x270.jpg 480w, https:\/\/www.diarioimagen.net\/wp-content\/uploads\/2014\/09\/arco-2448-235x132.jpg 235w, https:\/\/www.diarioimagen.net\/wp-content\/uploads\/2014\/09\/arco-2448-202x114.jpg 202w, https:\/\/www.diarioimagen.net\/wp-content\/uploads\/2014\/09\/arco-2448-350x196.jpg 350w, https:\/\/www.diarioimagen.net\/wp-content\/uploads\/2014\/09\/arco-2448-220x123.jpg 220w, https:\/\/www.diarioimagen.net\/wp-content\/uploads\/2014\/09\/arco-2448-237x132.jpg 237w, https:\/\/www.diarioimagen.net\/wp-content\/uploads\/2014\/09\/arco-2448.jpg 700w\" sizes=\"auto, (max-width: 420px) 100vw, 420px\" \/><\/a><p id=\"caption-attachment-190194\" class=\"wp-caption-text\">El titular del Ejecutivo estatal deposit\u00f3 una ofrenda floral y mont\u00f3 una guardia solmene de honor en el Mausoleo a L\u00f3pez Mateos.<\/p><\/div>\n<p>El gobernador Eruviel \u00c1vila Villegas coloc\u00f3 una ofrenda floral y mont\u00f3 una guardia de honor en el mausoleo a Adolfo L\u00f3pez Mateos, donde estuvo acompa\u00f1ado por Ave L\u00f3pez Mateos de Zolla, los representantes de los poderes Judicial y Legislativo del estado y autoridades militares y del gobierno federal. En el acto, Roberto Padilla Dom\u00ednguez, secretario t\u00e9cnico del gabinete de la Presidencia de la Rep\u00fablica, afirm\u00f3 que gracias a las once reformas estructurales que en menos de dos a\u00f1os concret\u00f3 el presidente Enrique Pe\u00f1a Nieto, M\u00e9xico tiene una plataforma legal que permitir\u00e1 a los mexicanos gozar de mayor desarrollo y crecimiento econ\u00f3mico. El representante personal del presidente Enrique Pe\u00f1a Nieto, manifest\u00f3 que M\u00e9xico emprendi\u00f3 un cambio con rumbo, realizando transformaciones de fondo, para crecer de acuerdo a su verdadero potencial. Por su parte, la senadora Mar\u00eda Elena Barrera Tapia, a nombre del gobierno estatal, manifest\u00f3 que Adolfo L\u00f3pez Mateos, Enrique Pe\u00f1a Nieto y Eruviel \u00c1vila Villegas, con gran responsabilidad e inclusi\u00f3n social, han logrado mantener la gobernabilidad, y crear un ambiente propicio para el progreso, basados en una pol\u00edtica di\u00e1logo, de trato afable y conciliaci\u00f3n en donde todos los actores valen. \u201cSe\u00f1or gobernador, en el marco del 45 aniversario luctuoso del presidente Adolfo L\u00f3pez Mateos, me es grato reconocer que nuestra patria chica encuentra en usted a un gobernante que conociendo nuestra historia, tiene claridad en el rumbo, en el rumbo que ha elegido para llevar a nuestra entidad a escenarios de desa\u00ad\u00adrrollo y bienestar\u201d.<\/p>\n<p><em><a href=\"mailto:montanezaguilar@gmail.com\" target=\"_blank\">montanezaguilar@gmail.com<\/a><\/em><\/p>\n","protected":false},"excerpt":{"rendered":"<p><span style=\"color: #005497;\"><strong>Jos\u00e9 Luis Monta\u00f1ez Aguilar<\/strong><\/span><br \/>\n<br \/>\nEl gobernador Eruviel \u00c1vila Villegas coloc\u00f3 una ofrenda floral y mont\u00f3 una guardia de honor en el mausoleo a Adolfo L\u00f3pez Mateos, donde estuvo acompa\u00f1ado por Ave L\u00f3pez Mateos de Zolla, los representantes de los poderes Judicial y Legislativo del estado y autoridades militares y del gobierno federal.<\/p>\n","protected":false},"author":3,"featured_media":190194,"comment_status":"open","ping_status":"open","sticky":false,"template":"","format":"standard","meta":{"_monsterinsights_skip_tracking":false,"_monsterinsights_sitenote_active":false,"_monsterinsights_sitenote_note":"","_monsterinsights_sitenote_category":0,"footnotes":""},"categories":[5],"tags":[13284,18,43704,43674],"class_list":["post-190126","post","type-post","status-publish","format-standard","has-post-thumbnail","hentry","category-estado-de-mexico","tag-arco-norte","tag-enrique-pena-nieto","tag-jose-luis-montanez-aguilar","tag-opinion"],"_links":{"self":[{"href":"https:\/\/www.diarioimagen.net\/index.php?rest_route=\/wp\/v2\/posts\/190126","targetHints":{"allow":["GET"]}}],"collection":[{"href":"https:\/\/www.diarioimagen.net\/index.php?rest_route=\/wp\/v2\/posts"}],"about":[{"href":"https:\/\/www.diarioimagen.net\/index.php?rest_route=\/wp\/v2\/types\/post"}],"author":[{"embeddable":true,"href":"https:\/\/www.diarioimagen.net\/index.php?rest_route=\/wp\/v2\/users\/3"}],"replies":[{"embeddable":true,"href":"https:\/\/www.diarioimagen.net\/index.php?rest_route=%2Fwp%2Fv2%2Fcomments&post=190126"}],"version-history":[{"count":0,"href":"https:\/\/www.diarioimagen.net\/index.php?rest_route=\/wp\/v2\/posts\/190126\/revisions"}],"wp:featuredmedia":[{"embeddable":true,"href":"https:\/\/www.diarioimagen.net\/index.php?rest_route=\/wp\/v2\/media\/190194"}],"wp:attachment":[{"href":"https:\/\/www.diarioimagen.net\/index.php?rest_route=%2Fwp%2Fv2%2Fmedia&parent=190126"}],"wp:term":[{"taxonomy":"category","embeddable":true,"href":"https:\/\/www.diarioimagen.net\/index.php?rest_route=%2Fwp%2Fv2%2Fcategories&post=190126"},{"taxonomy":"post_tag","embeddable":true,"href":"https:\/\/www.diarioimagen.net\/index.php?rest_route=%2Fwp%2Fv2%2Ftags&post=190126"}],"curies":[{"name":"wp","href":"https:\/\/api.w.org\/{rel}","templated":true}]}}