{"id":190139,"date":"2014-09-23T00:05:43","date_gmt":"2014-09-23T05:05:43","guid":{"rendered":"http:\/\/www.diarioimagen.net\/?p=190139"},"modified":"2014-09-23T04:12:39","modified_gmt":"2014-09-23T09:12:39","slug":"la-danza-de-los-videos","status":"publish","type":"post","link":"https:\/\/www.diarioimagen.net\/?p=190139","title":{"rendered":"La danza de los videos"},"content":{"rendered":"<h2>De frente y de perfil<\/h2>\n<h5>Ram\u00f3n Zurita Sahag\u00fan<\/h5>\n<p>&nbsp;<\/p>\n<p>Conforme avanzan los d\u00edas y semanas, se ponen m\u00e1s al descubierto los entretelones de la tragicomedia michoacana, en que se involucran todo tipo de personas y profesiones.<\/p>\n<p>Los videos, fotograf\u00edas y pruebas testimoniales de las redes que manten\u00edan (\u00bfmantienen?) los grupos delincuenciales dentro y fuera del territorio michoacano ensucian a\u00fan m\u00e1s el lodazal existente en las tierras pur\u00e9pechas.<\/p>\n<p>Una y otra vez, con cuentagotas, salen a relucir las pruebas de posibles colusiones entre el crimen organizado y diversos sectores de la poblaci\u00f3n. Sin embargo, ni son todos los que est\u00e1n ni est\u00e1n todos los que son.<\/p>\n<p>Es cierto que tres personajes relacionados con el mundo pol\u00edtico local se encuentran detenidos, unos arraigados y otros con formal prisi\u00f3n, aunque sin juicio de por medio.<\/p>\n<p>Tambi\u00e9n lo es que existen pruebas documentales de la relaci\u00f3n que mantuvieron, algunos de ellos, con el principal jefe del crimen organizado en esa zona.Son fotograf\u00edas y videos que no muestran m\u00e1s all\u00e1 de que si lo conoc\u00edan, situaci\u00f3n que negaron una y otra vez, y que alguna vez se reunieron con \u00e9l.<\/p>\n<p>Eso bast\u00f3 para mantenerlos detenidos, en lo que se averigua hasta d\u00f3nde llegaba la relaci\u00f3n y si colaboraron o no cuestiones il\u00edcitas. En el caso del ex gobernador interino, Jes\u00fas Reyna Garc\u00eda, se est\u00e1 documentado que busc\u00f3 el respaldo del jefe del crimen organizado en esa entidad para respaldar la campa\u00f1a del entonces candidato pri\u00edsta al gobierno del estado, Fausto Vallejo Figueroa.<\/p>\n<p>Otro de los detenidos es Rodrigo Vallejo Mora, hijo de Fausto Vallejo y quien negara conocer al mismo jefe del crimen organizado en un inicio y despu\u00e9s cambiara la versi\u00f3n aduciendo que hab\u00eda sido secuestrado.<\/p>\n<p>Como ellos, otros personajes menores del \u00e1mbito pol\u00edtico y hasta empresarial han sido evidenciados en amenas charlas con algunos de los jefes delincuenciales en Michoac\u00e1n. Ahora toc\u00f3 el turno a un periodista, al que por no registrarlo en tiempo y forma con sus jefes, por lo pronto,\u00a0\u00a0le cost\u00f3 el trabajo.<\/p>\n<p>Dos periodistas michoacanos aparecen (en el nuevo video difundido) conversando animadamente con el mismo jefe del crimen organizado con el que hab\u00edan dialogado los mencionados Reyna Garc\u00eda y Vallejo Mora.<\/p>\n<p>Incluso, seg\u00fan se testimonia le ofrecieron asesor\u00eda en materia de comunicaci\u00f3n y fueron recompensados por sus servicios.<\/p>\n<p>La posible participaci\u00f3n de los periodistas en labores de asesor\u00eda de comunicaci\u00f3n con el crimen organizado no ser\u00eda la primera ocasi\u00f3n en que ocurre, aunque se mantienen reservas sobre ello.<\/p>\n<p>Hace alg\u00fan tiempo se filtraron informaciones sobre numerosos periodistas que se supon\u00edan manten\u00edan relaciones con los entonces jefes del crimen organizado a nivel nacional.<\/p>\n<p>La lista de nombres sirvi\u00f3 para mostrar confusos antecedentes de algunos de ellos, mientras que otros fueron encimados dentro de una larga lista que nadie supo de d\u00f3nde sali\u00f3.<\/p>\n<p>El manoseo de nombres se dio en grande, la honorabilidad e integridad de algunos de esos periodistas se puso en riesgo, mientras que surgieron dudas sobre el origen de algunas fortunas de otros m\u00e1s. Sin embargo, nada sucedi\u00f3, no hubo esa persecuci\u00f3n que algunos temieron en contra de los periodistas o sus medios de comunicaci\u00f3n y si acaso uno de ellos cay\u00f3 en desgracia.<\/p>\n<p>Mario Mungu\u00eda, mejor conocido como \u201cLiri Lon\u201d, cuya columna polic\u00edaca \u201cMatarili\u201d manten\u00eda un tono jocoso e informativo, carg\u00f3 con una serie de culpas y fue detenido.<\/p>\n<p>Se habl\u00f3 de que su detenci\u00f3n hab\u00eda sido resultado de una venganza pol\u00edtica, por el calificativo que le hab\u00eda puesto a la entonces temida Procuradur\u00eda General de Justicia, \u201cLa Jaula de las Locas\u201d. El mote no le hab\u00eda gustado a algunas autoridades, por lo que se procedi\u00f3 en su contra, fabricando una serie de delitos que no pudieron ser comprobados, por lo que al poco tiempo fue dejado en libertad.<\/p>\n<p>De los dem\u00e1s periodistas nunca se mostraron pruebas, ni mucho menos se ejercit\u00f3 acci\u00f3n penal en su contra. Todo qued\u00f3 en el aire, pero algunos prestigios fueron afectados.<\/p>\n<p>En el caso de los periodistas michoacanos hay varios delitos que les pueden ser adjudicados, aunque ellos pueden argumentar que se trat\u00f3 de una consulta profesional, como asesores en materia de comunicaci\u00f3n.<\/p>\n<p>Los pr\u00f3ximos d\u00edas mostraron la ruta que seguir\u00e1n las autoridades y si esta moda de filtrar a cuentagotas los videos y fotograf\u00edas probatorios de relaciones entre diversos sectores y el crimen organizado se mantendr\u00e1 o si las autoridades deciden actuar a fondo.<\/p>\n<p style=\"text-align: center;\"><strong>NOTIMEX<\/strong><\/p>\n<p>Una exitosa comparecencia fue la que sostuvo, hace unos d\u00edas, el director de Notimex, Alejandro Ramos Esquivel, ante la Comisi\u00f3n de Gobernaci\u00f3n del Senado de la Rep\u00fablica, que preside Cristina D\u00edaz Salazar.<\/p>\n<p>Expuso que los grandes objetivos de la agencia son la innovaci\u00f3n tecnol\u00f3gica, adem\u00e1s de destacar lo visual y digital como factores para la globalizaci\u00f3n y la ampliaci\u00f3n de productos y servicios para transformarse en una agencia completamente global. \u201cSe busca que Notimex cumpla a cabalidad con el papel de ser un medio de medios\u201d, con informaci\u00f3n confiable, siempre corroborada, con equilibrio y pluralidad en su informaci\u00f3n, lo cual la ha colocado como la primera agencia en Am\u00e9rica Latina y la segunda en el mundo en habla hispana, s\u00f3lo detr\u00e1s de la espa\u00f1ola EFE. Precis\u00f3 los avances en el mercado hispano de medios en Estados Unidos y Canad\u00e1, as\u00ed como la creaci\u00f3n de nuevos micrositios, para vincular a los latinos con sus tradiciones y cultura. Asimismo, valor\u00f3 la evaluaci\u00f3n que hizo la Secretar\u00eda de la Funci\u00f3n P\u00fablica sobre la Gesti\u00f3n en 2013, que calific\u00f3 a Notimex 1.09 puntos arriba del promedio de la Administraci\u00f3n P\u00fablica Federal.<\/p>\n<p><em><a href=\"mailto:ramonzurita44@hotmail.com\" target=\"_blank\">ramonzurita44@hotmail.com<\/a><\/em><br \/>\n<a href=\"mailto:%20zurita_sahagun@hotmail.com\" target=\"_blank\"><em>zurita_sahagun@hotmail.com<\/em><\/a><\/p>\n","protected":false},"excerpt":{"rendered":"<p><span style=\"color: #005497;\"><strong>Ram\u00f3n Zurita Sahag\u00fan<\/strong><\/span><\/p>\n","protected":false},"author":3,"featured_media":0,"comment_status":"open","ping_status":"open","sticky":false,"template":"","format":"standard","meta":{"_monsterinsights_skip_tracking":false,"_monsterinsights_sitenote_active":false,"_monsterinsights_sitenote_note":"","_monsterinsights_sitenote_category":0,"footnotes":""},"categories":[234],"tags":[14852,304,43687],"class_list":["post-190139","post","type-post","status-publish","format-standard","hentry","category-ramon-zurita-sahagun","tag-administracion-publica-federal","tag-de-frente-y-de-perfil","tag-ramon-zurita-sahagun"],"_links":{"self":[{"href":"https:\/\/www.diarioimagen.net\/index.php?rest_route=\/wp\/v2\/posts\/190139","targetHints":{"allow":["GET"]}}],"collection":[{"href":"https:\/\/www.diarioimagen.net\/index.php?rest_route=\/wp\/v2\/posts"}],"about":[{"href":"https:\/\/www.diarioimagen.net\/index.php?rest_route=\/wp\/v2\/types\/post"}],"author":[{"embeddable":true,"href":"https:\/\/www.diarioimagen.net\/index.php?rest_route=\/wp\/v2\/users\/3"}],"replies":[{"embeddable":true,"href":"https:\/\/www.diarioimagen.net\/index.php?rest_route=%2Fwp%2Fv2%2Fcomments&post=190139"}],"version-history":[{"count":0,"href":"https:\/\/www.diarioimagen.net\/index.php?rest_route=\/wp\/v2\/posts\/190139\/revisions"}],"wp:attachment":[{"href":"https:\/\/www.diarioimagen.net\/index.php?rest_route=%2Fwp%2Fv2%2Fmedia&parent=190139"}],"wp:term":[{"taxonomy":"category","embeddable":true,"href":"https:\/\/www.diarioimagen.net\/index.php?rest_route=%2Fwp%2Fv2%2Fcategories&post=190139"},{"taxonomy":"post_tag","embeddable":true,"href":"https:\/\/www.diarioimagen.net\/index.php?rest_route=%2Fwp%2Fv2%2Ftags&post=190139"}],"curies":[{"name":"wp","href":"https:\/\/api.w.org\/{rel}","templated":true}]}}