{"id":190181,"date":"2014-09-23T00:08:32","date_gmt":"2014-09-23T05:08:32","guid":{"rendered":"http:\/\/www.diarioimagen.net\/?p=190181"},"modified":"2014-09-23T04:08:31","modified_gmt":"2014-09-23T09:08:31","slug":"desordenado-crecimiento-urbano-en-latinoamerica","status":"publish","type":"post","link":"https:\/\/www.diarioimagen.net\/?p=190181","title":{"rendered":"Desordenado crecimiento urbano en Latinoam\u00e9rica"},"content":{"rendered":"<ul>\n<li><strong><em>Es an\u00e1rquico: investigadores de UAEM<\/em><\/strong><\/li>\n<\/ul>\n<div id=\"attachment_190203\" style=\"width: 250px\" class=\"wp-caption alignleft\"><a href=\"http:\/\/www.diarioimagen.net\/wp-content\/uploads\/2014\/09\/uaem-2448.jpg\"><img loading=\"lazy\" decoding=\"async\" aria-describedby=\"caption-attachment-190203\" class=\"size-medium wp-image-190203\" src=\"http:\/\/www.diarioimagen.net\/wp-content\/uploads\/2014\/09\/uaem-2448-240x135.jpg\" alt=\"Los investigadores de la Facultad de Geograf\u00eda de la m\u00e1xima casa de estudios de la entidad destacaron la importancia de las ciudades saludables enfocadas a la promoci\u00f3n de la salud y el bienestar de los ciudadanos que viven en espacios urbanos.\" width=\"240\" height=\"135\" srcset=\"https:\/\/www.diarioimagen.net\/wp-content\/uploads\/2014\/09\/uaem-2448-240x135.jpg 240w, https:\/\/www.diarioimagen.net\/wp-content\/uploads\/2014\/09\/uaem-2448-420x236.jpg 420w, https:\/\/www.diarioimagen.net\/wp-content\/uploads\/2014\/09\/uaem-2448-235x132.jpg 235w, https:\/\/www.diarioimagen.net\/wp-content\/uploads\/2014\/09\/uaem-2448-202x114.jpg 202w, https:\/\/www.diarioimagen.net\/wp-content\/uploads\/2014\/09\/uaem-2448-350x196.jpg 350w, https:\/\/www.diarioimagen.net\/wp-content\/uploads\/2014\/09\/uaem-2448-220x123.jpg 220w, https:\/\/www.diarioimagen.net\/wp-content\/uploads\/2014\/09\/uaem-2448-237x132.jpg 237w, https:\/\/www.diarioimagen.net\/wp-content\/uploads\/2014\/09\/uaem-2448.jpg 480w\" sizes=\"auto, (max-width: 240px) 100vw, 240px\" \/><\/a><p id=\"caption-attachment-190203\" class=\"wp-caption-text\">Los investigadores de la Facultad de Geograf\u00eda de la m\u00e1xima casa de estudios de la entidad destacaron la importancia de las ciudades saludables enfocadas a la promoci\u00f3n de la salud y el bienestar de los ciudadanos que viven en espacios urbanos.<\/p><\/div>\n<p><strong>Toluca, Estado de M\u00e9xico<\/strong>.- El crecimiento urbano f\u00edsico en forma an\u00e1rquica y desordenada, que genera problemas de funcionalidad, salud y calidad de vida entre la poblaci\u00f3n, es una de las caracter\u00edsticas de las ciudades latinoamericanas, se\u00f1alaron investigadores de la Facultad de Geograf\u00eda de la Universidad Aut\u00f3noma del Estado de M\u00e9xico.<\/p>\n<p>Marcela Virginia Santana Ju\u00e1rez, Elsa Mireya Rosales Estrada, Luis Ricardo Manzano Sol\u00eds, Giovanna Santana Casta\u00f1eda, Gustavo \u00c1vila Navidad, Roque Ortega Montiel y Jos\u00e9 Emilio Hern\u00e1ndez Bernal agregaron que alrededor de 70 por ciento de la poblaci\u00f3n mundial vive en ciudades; en M\u00e9xico, 62 por ciento reside en urbes de m\u00e1s de 15 mil habitantes.<\/p>\n<p>Al presentar la investigaci\u00f3n titulada \u201cCiudades saludables, un enfoque geogr\u00e1fico: Zona Metropolitana de Toluca\u201d, en el marco del XIX Simposio Mexicano-Polaco, organizado por la Facultad de Geograf\u00eda de la M\u00e1xima Casa de Estudios mexiquense, los expertos expresaron que la zona metropolitana de Toluca ocupa el quinto lugar por n\u00famero de habitantes, luego del Valle de M\u00e9xico, Monterrey, Guadalajara y Puebla.<\/p>\n<p>Los investigadores de la Facultad de Geograf\u00eda de la m\u00e1xima casa de estudios de la entidad destacaron la importancia de las ciudades saludables enfocadas a la promoci\u00f3n de la salud y el bienestar de los ciudadanos que viven en espacios urbanos.<\/p>\n<p>Aseguraron que dichos espacios pueden transitar a espacios saludables, cumpliendo ciertos factores de h\u00e1bitos de vida y aspectos ambientales, pol\u00edticos, econ\u00f3micos y sociales, con lo cual se puede alcanzar el objetivo de\u00a0 que sus habitantes tengan una salud \u00f3ptima.<\/p>\n<p>Comentaron que analizar\u00e1n la zona metropolitana del Valle de Toluca, a trav\u00e9s de la consideraci\u00f3n de aspectos geogr\u00e1ficos como el clima, topograf\u00eda y problemas de erosi\u00f3n; as\u00ed como de salud, como mortalidad y morbilidad; pol\u00edticos, como la cobertura al servicio de salud y distribuci\u00f3n de servicios; culturales; sociales y ambientales, para conocer c\u00f3mo estos factores influyen en la salud de la poblaci\u00f3n.<\/p>\n","protected":false},"excerpt":{"rendered":"<p>El crecimiento urbano f\u00edsico en forma an\u00e1rquica y desordenada, que genera problemas de funcionalidad, salud y calidad de vida entre la poblaci\u00f3n, es una de las caracter\u00edsticas de las ciudades latinoamericanas, se\u00f1alaron investigadores de la Facultad de Geograf\u00eda de la Universidad Aut\u00f3noma del Estado de M\u00e9xico.<\/p>\n","protected":false},"author":3,"featured_media":190203,"comment_status":"open","ping_status":"open","sticky":false,"template":"","format":"standard","meta":{"_monsterinsights_skip_tracking":false,"_monsterinsights_sitenote_active":false,"_monsterinsights_sitenote_note":"","_monsterinsights_sitenote_category":0,"footnotes":""},"categories":[5],"tags":[2021,43675,1077,452],"class_list":["post-190181","post","type-post","status-publish","format-standard","has-post-thumbnail","hentry","category-estado-de-mexico","tag-crecimiento","tag-estado-de-mexico","tag-latinoamerica","tag-toluca"],"_links":{"self":[{"href":"https:\/\/www.diarioimagen.net\/index.php?rest_route=\/wp\/v2\/posts\/190181","targetHints":{"allow":["GET"]}}],"collection":[{"href":"https:\/\/www.diarioimagen.net\/index.php?rest_route=\/wp\/v2\/posts"}],"about":[{"href":"https:\/\/www.diarioimagen.net\/index.php?rest_route=\/wp\/v2\/types\/post"}],"author":[{"embeddable":true,"href":"https:\/\/www.diarioimagen.net\/index.php?rest_route=\/wp\/v2\/users\/3"}],"replies":[{"embeddable":true,"href":"https:\/\/www.diarioimagen.net\/index.php?rest_route=%2Fwp%2Fv2%2Fcomments&post=190181"}],"version-history":[{"count":0,"href":"https:\/\/www.diarioimagen.net\/index.php?rest_route=\/wp\/v2\/posts\/190181\/revisions"}],"wp:featuredmedia":[{"embeddable":true,"href":"https:\/\/www.diarioimagen.net\/index.php?rest_route=\/wp\/v2\/media\/190203"}],"wp:attachment":[{"href":"https:\/\/www.diarioimagen.net\/index.php?rest_route=%2Fwp%2Fv2%2Fmedia&parent=190181"}],"wp:term":[{"taxonomy":"category","embeddable":true,"href":"https:\/\/www.diarioimagen.net\/index.php?rest_route=%2Fwp%2Fv2%2Fcategories&post=190181"},{"taxonomy":"post_tag","embeddable":true,"href":"https:\/\/www.diarioimagen.net\/index.php?rest_route=%2Fwp%2Fv2%2Ftags&post=190181"}],"curies":[{"name":"wp","href":"https:\/\/api.w.org\/{rel}","templated":true}]}}