{"id":190277,"date":"2014-09-24T00:08:57","date_gmt":"2014-09-24T05:08:57","guid":{"rendered":"http:\/\/www.diarioimagen.net\/?p=190277"},"modified":"2014-09-24T03:03:31","modified_gmt":"2014-09-24T08:03:31","slug":"gem-obtuvo-buenos-resultados-en-feria-internacional-de-turismo","status":"publish","type":"post","link":"https:\/\/www.diarioimagen.net\/?p=190277","title":{"rendered":"GEM obtuvo buenos resultados en feria internacional de turismo"},"content":{"rendered":"<ul>\n<li><strong><em>Entre ellos destaca el acuerdo con Turissste, que ofertar\u00e1 entre sus derechohabientes paquetes hacia Ixtapan de la Sal y Tonatico<\/em><\/strong><\/li>\n<\/ul>\n<div id=\"attachment_190345\" style=\"width: 250px\" class=\"wp-caption alignleft\"><a href=\"http:\/\/www.diarioimagen.net\/wp-content\/uploads\/2014\/09\/edomex-2449.jpg\" target=\"_blank\"><img loading=\"lazy\" decoding=\"async\" aria-describedby=\"caption-attachment-190345\" class=\"size-medium wp-image-190345\" src=\"http:\/\/www.diarioimagen.net\/wp-content\/uploads\/2014\/09\/edomex-2449-240x160.jpg\" alt=\"Rosalinda Elizabeth Ben\u00edtez Gonz\u00e1lez, secretaria de Turismo, apunt\u00f3 que participar en FITA 2014 represent\u00f3 para el Estado de M\u00e9xico una excelente plataforma en la que se dio a conocer la variada oferta tur\u00edstica de la entidad a tour operadores mayoristas nacionales y extranjeros, que se dieron cita en esta quinta edici\u00f3n de la feria.\" width=\"240\" height=\"160\" srcset=\"https:\/\/www.diarioimagen.net\/wp-content\/uploads\/2014\/09\/edomex-2449-240x160.jpg 240w, https:\/\/www.diarioimagen.net\/wp-content\/uploads\/2014\/09\/edomex-2449-420x281.jpg 420w, https:\/\/www.diarioimagen.net\/wp-content\/uploads\/2014\/09\/edomex-2449.jpg 1200w\" sizes=\"auto, (max-width: 240px) 100vw, 240px\" \/><\/a><p id=\"caption-attachment-190345\" class=\"wp-caption-text\">Rosalinda Elizabeth Ben\u00edtez Gonz\u00e1lez, secretaria de Turismo, apunt\u00f3 que participar en FITA 2014 represent\u00f3 para el Estado de M\u00e9xico una excelente plataforma en la que se dio a conocer la variada oferta tur\u00edstica de la entidad a tour operadores mayoristas nacionales y extranjeros, que se dieron cita en esta quinta edici\u00f3n de la feria.<\/p><\/div>\n<p><strong>Toluca, Estado de M\u00e9xico<\/strong>.- El gobierno del Estado de M\u00e9xico alcanz\u00f3 importantes acuerdos durante su participaci\u00f3n en la Feria Internacional de Turismo de las Am\u00e9ricas (FITA) 2014, al concretar m\u00e1s de 700 citas de negocios entre empresarios nacionales y extranjeros del sector y los prestadores de servicios, autoridades de los Pueblos M\u00e1gicos y Pueblos con Encanto, as\u00ed como tour operadores de la entidad, inform\u00f3 la secretaria de Turismo, Rosalinda Elizabeth Ben\u00edtez Gonz\u00e1lez.<\/p>\n<p>Asegur\u00f3 que entre \u00e9stos destaca el acuerdo con Turissste para ofertar paquetes mensuales a destinos como Ixtapan de la Sal y Tonatico, que se caracterizan por su microclima c\u00e1lido y sus m\u00faltiples productos y atractivos de naturaleza, aventura, salud y recreaci\u00f3n.<\/p>\n<p>Y con el objeto de atraer mayor afluencia de visitantes al Corredor Tur\u00edstico de Teotihuac\u00e1n, se concretaron las bases para firmar un convenio de colaboraci\u00f3n entre Turissste y el parque tem\u00e1tico Reino Animal, ubicado en dicho municipio, mediante el cual se ofrecer\u00e1n descuentos a los visitantes.<\/p>\n<p>Tambi\u00e9n se convino con la empresa \u201cEmprender con Valores\u201d, promover de manera gratuita al Corredor Tur\u00edstico de Teotihuac\u00e1n a trav\u00e9s de los sistemas de televisi\u00f3n por cable Dish y Sky.<\/p>\n<p>Inform\u00f3 que durante los cuatro d\u00edas que dur\u00f3 la feria, artesanos mexiquenses expusieron y comercializaron sus piezas, principalmente de las ramas textil, alfarer\u00eda, fibras vegetales, cerer\u00eda, lapidaria y cantera entre otras, e inform\u00f3 que en su conjunto alcanzaron ventas por m\u00e1s de 150 mil pesos.<\/p>\n<p>Reiter\u00f3 que la administraci\u00f3n del gobernador Eruviel \u00c1vila Villegas le apuesta al Turismo de Reuniones, debido a la gran derrama que genera, por lo que se aprovech\u00f3 este foro para contactar a los profesionales de esta industria interesados en realizar convenciones, congresos y viajes de incentivos en alguno de los cuatro cl\u00fasters de reuniones: Toluca-Metepec, Valle de Bravo, Ixtapan de la Sal y Teotihuac\u00e1n.<\/p>\n<p>Afirm\u00f3 que la industria de reuniones permite atraer eventos de talla internacional y elevar la competitividad de los destinos locales, adem\u00e1s de fomentar el intercambio de conocimientos y tecnolog\u00eda, lo que deja m\u00faltiples beneficios tanto al destino sede como a todo el Estado de M\u00e9xico, independientemente de la derrama econ\u00f3mica que genera, pues el turista de reuniones gasta hasta seis veces m\u00e1s que el viajero de placer.<\/p>\n<p>La secretaria de Turismo apunt\u00f3 que participar en FITA 2014, represent\u00f3 para el Estado de M\u00e9xico una excelente plataforma en la que se dio a conocer la variada oferta tur\u00edstica de la entidad a un importante n\u00famero de tour operadores mayoristas nacionales y extranjeros que se dieron cita en esta quinta edici\u00f3n de la feria Internacional de Turismo de las Am\u00e9ricas.<\/p>\n<p><strong>###<\/strong><\/p>\n<p><strong>Para brindar un espacio de esparcimiento,<\/strong> en donde los habitantes puedan convivir de manera sana y saludable, el secretario de Desarrollo Urbano, Alfredo Torres Mart\u00ednez, en su car\u00e1cter de presidente del gabinete regional VI-Ixtapan de la Sal, inaugur\u00f3 la Plaza Estado de M\u00e9xico de este municipio.<\/p>\n","protected":false},"excerpt":{"rendered":"<p>El gobierno del Estado de M\u00e9xico alcanz\u00f3 importantes acuerdos durante su participaci\u00f3n en la Feria Internacional de Turismo de las Am\u00e9ricas (FITA) 2014, al concretar m\u00e1s de 700 citas de negocios entre empresarios nacionales y extranjeros del sector y los prestadores de servicios, autoridades de los Pueblos M\u00e1gicos y Pueblos con Encanto, as\u00ed como tour operadores de la entidad, inform\u00f3 la secretaria de Turismo, Rosalinda Elizabeth Ben\u00edtez Gonz\u00e1lez.<\/p>\n","protected":false},"author":3,"featured_media":190345,"comment_status":"open","ping_status":"open","sticky":false,"template":"","format":"standard","meta":{"_monsterinsights_skip_tracking":false,"_monsterinsights_sitenote_active":false,"_monsterinsights_sitenote_note":"","_monsterinsights_sitenote_category":0,"footnotes":""},"categories":[5],"tags":[5828,43675,19996,2910,452],"class_list":["post-190277","post","type-post","status-publish","format-standard","has-post-thumbnail","hentry","category-estado-de-mexico","tag-eruviel-avila-villegas","tag-estado-de-mexico","tag-feria-internacional-de-turismo-de-las-americas","tag-fifa","tag-toluca"],"_links":{"self":[{"href":"https:\/\/www.diarioimagen.net\/index.php?rest_route=\/wp\/v2\/posts\/190277","targetHints":{"allow":["GET"]}}],"collection":[{"href":"https:\/\/www.diarioimagen.net\/index.php?rest_route=\/wp\/v2\/posts"}],"about":[{"href":"https:\/\/www.diarioimagen.net\/index.php?rest_route=\/wp\/v2\/types\/post"}],"author":[{"embeddable":true,"href":"https:\/\/www.diarioimagen.net\/index.php?rest_route=\/wp\/v2\/users\/3"}],"replies":[{"embeddable":true,"href":"https:\/\/www.diarioimagen.net\/index.php?rest_route=%2Fwp%2Fv2%2Fcomments&post=190277"}],"version-history":[{"count":0,"href":"https:\/\/www.diarioimagen.net\/index.php?rest_route=\/wp\/v2\/posts\/190277\/revisions"}],"wp:featuredmedia":[{"embeddable":true,"href":"https:\/\/www.diarioimagen.net\/index.php?rest_route=\/wp\/v2\/media\/190345"}],"wp:attachment":[{"href":"https:\/\/www.diarioimagen.net\/index.php?rest_route=%2Fwp%2Fv2%2Fmedia&parent=190277"}],"wp:term":[{"taxonomy":"category","embeddable":true,"href":"https:\/\/www.diarioimagen.net\/index.php?rest_route=%2Fwp%2Fv2%2Fcategories&post=190277"},{"taxonomy":"post_tag","embeddable":true,"href":"https:\/\/www.diarioimagen.net\/index.php?rest_route=%2Fwp%2Fv2%2Ftags&post=190277"}],"curies":[{"name":"wp","href":"https:\/\/api.w.org\/{rel}","templated":true}]}}