{"id":190284,"date":"2014-09-24T00:13:26","date_gmt":"2014-09-24T05:13:26","guid":{"rendered":"http:\/\/www.diarioimagen.net\/?p=190284"},"modified":"2014-09-24T02:47:40","modified_gmt":"2014-09-24T07:47:40","slug":"el-deporte-arma-contra-el-crimen","status":"publish","type":"post","link":"https:\/\/www.diarioimagen.net\/?p=190284","title":{"rendered":"El deporte, arma contra el crimen"},"content":{"rendered":"<h2>Arco Norte<\/h2>\n<h5>Jos\u00e9 Luis Monta\u00f1ez Aguilar<\/h5>\n<p>&nbsp;<\/p>\n<div id=\"attachment_190320\" style=\"width: 250px\" class=\"wp-caption alignleft\"><a href=\"http:\/\/www.diarioimagen.net\/wp-content\/uploads\/2014\/09\/arco-2449.jpg\" target=\"_blank\"><img loading=\"lazy\" decoding=\"async\" aria-describedby=\"caption-attachment-190320\" class=\"size-medium wp-image-190320\" src=\"http:\/\/www.diarioimagen.net\/wp-content\/uploads\/2014\/09\/arco-2449-240x135.jpg\" alt=\"El gobernador Eruviel \u00c1vila Villegas inaugur\u00f3 la primera Escuela de Clavados del Estado de M\u00e9xico, donde los alumnos podr\u00e1n desarrollar una buena t\u00e9cnica del clavado, coordinaci\u00f3n motriz, fuerza, visi\u00f3n en el aire y destreza en esta disciplina.\" width=\"240\" height=\"135\" srcset=\"https:\/\/www.diarioimagen.net\/wp-content\/uploads\/2014\/09\/arco-2449-240x135.jpg 240w, https:\/\/www.diarioimagen.net\/wp-content\/uploads\/2014\/09\/arco-2449-420x236.jpg 420w, https:\/\/www.diarioimagen.net\/wp-content\/uploads\/2014\/09\/arco-2449-235x132.jpg 235w, https:\/\/www.diarioimagen.net\/wp-content\/uploads\/2014\/09\/arco-2449-202x114.jpg 202w, https:\/\/www.diarioimagen.net\/wp-content\/uploads\/2014\/09\/arco-2449-350x196.jpg 350w, https:\/\/www.diarioimagen.net\/wp-content\/uploads\/2014\/09\/arco-2449-220x123.jpg 220w, https:\/\/www.diarioimagen.net\/wp-content\/uploads\/2014\/09\/arco-2449-237x132.jpg 237w, https:\/\/www.diarioimagen.net\/wp-content\/uploads\/2014\/09\/arco-2449.jpg 480w\" sizes=\"auto, (max-width: 240px) 100vw, 240px\" \/><\/a><p id=\"caption-attachment-190320\" class=\"wp-caption-text\">El gobernador Eruviel \u00c1vila Villegas inaugur\u00f3 la primera Escuela de Clavados del Estado de M\u00e9xico, donde los alumnos podr\u00e1n desarrollar una buena t\u00e9cnica del clavado, coordinaci\u00f3n motriz, fuerza, visi\u00f3n en el aire y destreza en esta disciplina.<\/p><\/div>\n<p>El deporte es un arma ideal para combatir y prevenir la delincuencia, por lo que durante la acutal administraci\u00f3n se han rescatado 138 espacios p\u00fablicos que estaban abandonados y ahora son \u00e1reas para practicar alg\u00fan deporte y las familias convivan en armon\u00eda, se\u00f1al\u00f3 ayer el gobernador, Eruviel \u00c1vila Villegas al inaugurar en Tultitl\u00e1n la primera Escuela de Clavados del Estado de M\u00e9xico. \u201cLa mejor forma de combatir la problem\u00e1tica de seguridad p\u00fablica, s\u00ed, desde luego, es con patrullas, s\u00ed con polic\u00edas, s\u00ed con estrategia, s\u00ed con inteligencia, tambi\u00e9n con armas, pero hay armas mucho m\u00e1s poderosas para poder mejorar en este tipo de temas relacionados a la seguridad, como lo son, precisamente, las armas del deporte, de la cultura, de la educaci\u00f3n. As\u00ed es que hoy entregamos formalmente estas instalaciones, forman parte de los 138 espacios p\u00fablicos que estamos recuperando y que estamos adaptando, desde ciclopistas, Plazas Estado de M\u00e9xico\u201d, expres\u00f3. En el Deportivo Tultitl\u00e1n, donde fueron habilitadas estas instalaciones, Eruviel \u00c1vila inform\u00f3 que esta escuela, con capacidad para recibir a 600 alumnos, cont\u00f3 con una inversi\u00f3n de 15 millones de pesos y est\u00e1 certificada por la Federaci\u00f3n Mexicana de Nataci\u00f3n, adem\u00e1s que es la cuarta en su tipo en el pa\u00eds, por lo que confi\u00f3 en que los j\u00f3venes recibir\u00e1n un entrenamiento de primer nivel, ya que los seis entrenadores con los que cuenta han sido destacados clavadistas profesionales, como Alejandro Santill\u00e1n o Stefan Marinov. Acompa\u00f1ado por la presidenta municipal de Tultitl\u00e1n, Sandra M\u00e9ndez Hern\u00e1ndez, el gobernador asegur\u00f3 que la administraci\u00f3n estatal seguir\u00e1 impulsando el deporte.<\/p>\n<p><em><a href=\"mailto:montanezaguilar@gmail.com\" target=\"_blank\">montanezaguilar@gmail.com<\/a><\/em><\/p>\n","protected":false},"excerpt":{"rendered":"<p><span style=\"color: #005497;\"><strong>Jos\u00e9 Luis Monta\u00f1ez Aguilar<\/strong><\/span><br \/>\n<br \/>\nEl deporte es un arma ideal para combatir y prevenir la delincuencia, por lo que durante la acutal administraci\u00f3n se han rescatado 138 espacios p\u00fablicos que estaban abandonados y ahora son \u00e1reas para practicar alg\u00fan deporte y las familias convivan en armon\u00eda, se\u00f1al\u00f3 ayer el gobernador, Eruviel \u00c1vila Villegas al inaugurar en Tultitl\u00e1n la primera Escuela de Clavados del Estado de M\u00e9xico.<\/p>\n","protected":false},"author":3,"featured_media":190320,"comment_status":"open","ping_status":"open","sticky":false,"template":"","format":"standard","meta":{"_monsterinsights_skip_tracking":false,"_monsterinsights_sitenote_active":false,"_monsterinsights_sitenote_note":"","_monsterinsights_sitenote_category":0,"footnotes":""},"categories":[5],"tags":[13284,43704,43674],"class_list":["post-190284","post","type-post","status-publish","format-standard","has-post-thumbnail","hentry","category-estado-de-mexico","tag-arco-norte","tag-jose-luis-montanez-aguilar","tag-opinion"],"_links":{"self":[{"href":"https:\/\/www.diarioimagen.net\/index.php?rest_route=\/wp\/v2\/posts\/190284","targetHints":{"allow":["GET"]}}],"collection":[{"href":"https:\/\/www.diarioimagen.net\/index.php?rest_route=\/wp\/v2\/posts"}],"about":[{"href":"https:\/\/www.diarioimagen.net\/index.php?rest_route=\/wp\/v2\/types\/post"}],"author":[{"embeddable":true,"href":"https:\/\/www.diarioimagen.net\/index.php?rest_route=\/wp\/v2\/users\/3"}],"replies":[{"embeddable":true,"href":"https:\/\/www.diarioimagen.net\/index.php?rest_route=%2Fwp%2Fv2%2Fcomments&post=190284"}],"version-history":[{"count":0,"href":"https:\/\/www.diarioimagen.net\/index.php?rest_route=\/wp\/v2\/posts\/190284\/revisions"}],"wp:featuredmedia":[{"embeddable":true,"href":"https:\/\/www.diarioimagen.net\/index.php?rest_route=\/wp\/v2\/media\/190320"}],"wp:attachment":[{"href":"https:\/\/www.diarioimagen.net\/index.php?rest_route=%2Fwp%2Fv2%2Fmedia&parent=190284"}],"wp:term":[{"taxonomy":"category","embeddable":true,"href":"https:\/\/www.diarioimagen.net\/index.php?rest_route=%2Fwp%2Fv2%2Fcategories&post=190284"},{"taxonomy":"post_tag","embeddable":true,"href":"https:\/\/www.diarioimagen.net\/index.php?rest_route=%2Fwp%2Fv2%2Ftags&post=190284"}],"curies":[{"name":"wp","href":"https:\/\/api.w.org\/{rel}","templated":true}]}}