{"id":190319,"date":"2014-09-24T00:06:48","date_gmt":"2014-09-24T05:06:48","guid":{"rendered":"http:\/\/www.diarioimagen.net\/?p=190319"},"modified":"2014-09-25T05:58:57","modified_gmt":"2014-09-25T10:58:57","slug":"eruviel-avila-inaugura-escuela-de-clavados-en-tultitlan","status":"publish","type":"post","link":"https:\/\/www.diarioimagen.net\/?p=190319","title":{"rendered":"Eruviel \u00c1vila inaugura escuela de clavados en Tultitl\u00e1n"},"content":{"rendered":"<ul>\n<li><strong><em>La primera en el Estado de M\u00e9xico<\/em><\/strong><\/li>\n<\/ul>\n<div id=\"attachment_190340\" style=\"width: 250px\" class=\"wp-caption alignleft\"><a href=\"http:\/\/www.diarioimagen.net\/wp-content\/uploads\/2014\/09\/eruviel-2449.jpg\" target=\"_blank\"><img loading=\"lazy\" decoding=\"async\" aria-describedby=\"caption-attachment-190340\" class=\"size-medium wp-image-190340\" src=\"http:\/\/www.diarioimagen.net\/wp-content\/uploads\/2014\/09\/eruviel-2449-240x164.jpg\" alt=\"El gobernador Eruviel \u00c1vila Villegas presenci\u00f3 algunos de los entrenamientos realizados en la escuela de clavados que inaugur\u00f3 ayer en este municipio.\" width=\"240\" height=\"164\" srcset=\"https:\/\/www.diarioimagen.net\/wp-content\/uploads\/2014\/09\/eruviel-2449-240x164.jpg 240w, https:\/\/www.diarioimagen.net\/wp-content\/uploads\/2014\/09\/eruviel-2449-420x287.jpg 420w, https:\/\/www.diarioimagen.net\/wp-content\/uploads\/2014\/09\/eruviel-2449.jpg 1200w\" sizes=\"auto, (max-width: 240px) 100vw, 240px\" \/><\/a><p id=\"caption-attachment-190340\" class=\"wp-caption-text\">El gobernador Eruviel \u00c1vila Villegas presenci\u00f3 algunos de los entrenamientos realizados en la escuela de clavados que inaugur\u00f3 ayer en este municipio.<\/p><\/div>\n<p><strong>Tultitl\u00e1n, Estado de M\u00e9xico<\/strong>.-\u00a0Al inaugurar la primera escuela de clavados del Estado de M\u00e9xico, donde los alumnos podr\u00e1n desarrollar una buena t\u00e9cnica del clavado, coordinaci\u00f3n motriz, fuerza, visi\u00f3n en el aire y destreza en esta disciplina, el gobernador Eruviel \u00c1vila Villegas afirm\u00f3 que el deporte es un arma ideal para combatir y prevenir la delincuencia, por lo que en su administraci\u00f3n se han rescatado 138 espacios p\u00fablicos que estaban abandonados y ahora son \u00e1reas para practicar alg\u00fan deporte y las familias convivan en armon\u00eda.<\/p>\n<p>\u201cLa mejor forma de combatir la problem\u00e1tica de seguridad p\u00fablica, s\u00ed, desde luego, es con patrullas, s\u00ed con polic\u00edas, s\u00ed con estrategia, s\u00ed con inteligencia, tambi\u00e9n con armas, pero hay armas mucho m\u00e1s poderosas para poder mejorar en este tipo de temas relacionados a la seguridad, como lo son, precisamente, las armas del deporte, de la cultura, de la educaci\u00f3n. As\u00ed es que hoy entregamos formalmente estas instalaciones, forman parte de los 138 espacios p\u00fablicos que estamos recuperando y que estamos adaptando, desde ciclopistas, Plazas Estado de M\u00e9xico\u201d.<\/p>\n<p>En el deportivo Tultitl\u00e1n, donde fueron habilitadas estas instalaciones, Eruviel \u00c1vila inform\u00f3 que esta escuela, con capacidad para recibir a 600 alumnos, cont\u00f3 con una inversi\u00f3n de 15 millones de pesos y est\u00e1 certificada por la Federaci\u00f3n Mexicana de Nataci\u00f3n, adem\u00e1s que es la cuarta en su tipo en el pa\u00eds, por lo que confi\u00f3 en que los j\u00f3venes recibir\u00e1n un entrenamiento de primer nivel, ya que los seis entrenadores con los que cuenta han sido destacados clavadistas profesionales, como Alejandro Santill\u00e1n o Stefan Marinov.<\/p>\n<p>Acompa\u00f1ado por la presidenta municipal de Tultitl\u00e1n, Sandra M\u00e9ndez Hern\u00e1ndez, el gobernador asegur\u00f3 que la administraci\u00f3n estatal seguir\u00e1 impulsando el deporte, ya que en las nuevas generaciones se encuentran \u00a0los futuros medallistas ol\u00edmpicos, y afirm\u00f3 que este tipo de infraestructura se llevar\u00e1 a otras regiones para que m\u00e1s personas tengan la oportunidad de desarrollar su capacidad al m\u00e1ximo.<\/p>\n","protected":false},"excerpt":{"rendered":"<p>Al inaugurar la primera escuela de clavados del Estado de M\u00e9xico, donde los alumnos podr\u00e1n desarrollar una buena t\u00e9cnica del clavado, coordinaci\u00f3n motriz, fuerza, visi\u00f3n en el aire y destreza en esta disciplina, el gobernador Eruviel \u00c1vila Villegas afirm\u00f3 que el deporte es un arma ideal para combatir y prevenir la delincuencia, por lo que en su administraci\u00f3n se han rescatado 138 espacios p\u00fablicos que estaban abandonados y ahora son \u00e1reas para practicar alg\u00fan deporte y las familias convivan en armon\u00eda.<\/p>\n","protected":false},"author":3,"featured_media":190340,"comment_status":"open","ping_status":"open","sticky":false,"template":"","format":"standard","meta":{"_monsterinsights_skip_tracking":false,"_monsterinsights_sitenote_active":false,"_monsterinsights_sitenote_note":"","_monsterinsights_sitenote_category":0,"footnotes":""},"categories":[5],"tags":[5828,43675,10681,578],"class_list":["post-190319","post","type-post","status-publish","format-standard","has-post-thumbnail","hentry","category-estado-de-mexico","tag-eruviel-avila-villegas","tag-estado-de-mexico","tag-inauguracion","tag-tultitlan"],"_links":{"self":[{"href":"https:\/\/www.diarioimagen.net\/index.php?rest_route=\/wp\/v2\/posts\/190319","targetHints":{"allow":["GET"]}}],"collection":[{"href":"https:\/\/www.diarioimagen.net\/index.php?rest_route=\/wp\/v2\/posts"}],"about":[{"href":"https:\/\/www.diarioimagen.net\/index.php?rest_route=\/wp\/v2\/types\/post"}],"author":[{"embeddable":true,"href":"https:\/\/www.diarioimagen.net\/index.php?rest_route=\/wp\/v2\/users\/3"}],"replies":[{"embeddable":true,"href":"https:\/\/www.diarioimagen.net\/index.php?rest_route=%2Fwp%2Fv2%2Fcomments&post=190319"}],"version-history":[{"count":0,"href":"https:\/\/www.diarioimagen.net\/index.php?rest_route=\/wp\/v2\/posts\/190319\/revisions"}],"wp:featuredmedia":[{"embeddable":true,"href":"https:\/\/www.diarioimagen.net\/index.php?rest_route=\/wp\/v2\/media\/190340"}],"wp:attachment":[{"href":"https:\/\/www.diarioimagen.net\/index.php?rest_route=%2Fwp%2Fv2%2Fmedia&parent=190319"}],"wp:term":[{"taxonomy":"category","embeddable":true,"href":"https:\/\/www.diarioimagen.net\/index.php?rest_route=%2Fwp%2Fv2%2Fcategories&post=190319"},{"taxonomy":"post_tag","embeddable":true,"href":"https:\/\/www.diarioimagen.net\/index.php?rest_route=%2Fwp%2Fv2%2Ftags&post=190319"}],"curies":[{"name":"wp","href":"https:\/\/api.w.org\/{rel}","templated":true}]}}