{"id":190351,"date":"2014-09-24T00:06:25","date_gmt":"2014-09-24T05:06:25","guid":{"rendered":"http:\/\/www.diarioimagen.net\/?p=190351"},"modified":"2014-09-24T04:45:51","modified_gmt":"2014-09-24T09:45:51","slug":"inicia-la-semana-nacional-de-salud-del-adolescente","status":"publish","type":"post","link":"https:\/\/www.diarioimagen.net\/?p=190351","title":{"rendered":"Inicia la Semana Nacional de Salud del Adolescente"},"content":{"rendered":"<ul>\n<li><strong><em>Edil la arranca en Huixquilucan<\/em><\/strong><\/li>\n<\/ul>\n<div id=\"attachment_190377\" style=\"width: 250px\" class=\"wp-caption alignleft\"><a href=\"http:\/\/www.diarioimagen.net\/wp-content\/uploads\/2014\/09\/HUIXQUILUCAN-2449.jpg\"><img loading=\"lazy\" decoding=\"async\" aria-describedby=\"caption-attachment-190377\" class=\"size-medium wp-image-190377\" src=\"http:\/\/www.diarioimagen.net\/wp-content\/uploads\/2014\/09\/HUIXQUILUCAN-2449-240x135.jpg\" alt=\"Jos\u00e9 Reynol Neyra, alcalde de Huixquilucan, puso en marcha la Semana Nacional de Salud del Adolescente.\" width=\"240\" height=\"135\" srcset=\"https:\/\/www.diarioimagen.net\/wp-content\/uploads\/2014\/09\/HUIXQUILUCAN-2449-240x135.jpg 240w, https:\/\/www.diarioimagen.net\/wp-content\/uploads\/2014\/09\/HUIXQUILUCAN-2449-420x236.jpg 420w, https:\/\/www.diarioimagen.net\/wp-content\/uploads\/2014\/09\/HUIXQUILUCAN-2449-235x132.jpg 235w, https:\/\/www.diarioimagen.net\/wp-content\/uploads\/2014\/09\/HUIXQUILUCAN-2449-202x114.jpg 202w, https:\/\/www.diarioimagen.net\/wp-content\/uploads\/2014\/09\/HUIXQUILUCAN-2449-350x196.jpg 350w, https:\/\/www.diarioimagen.net\/wp-content\/uploads\/2014\/09\/HUIXQUILUCAN-2449-220x123.jpg 220w, https:\/\/www.diarioimagen.net\/wp-content\/uploads\/2014\/09\/HUIXQUILUCAN-2449-237x132.jpg 237w, https:\/\/www.diarioimagen.net\/wp-content\/uploads\/2014\/09\/HUIXQUILUCAN-2449.jpg 480w\" sizes=\"auto, (max-width: 240px) 100vw, 240px\" \/><\/a><p id=\"caption-attachment-190377\" class=\"wp-caption-text\">Jos\u00e9 Reynol Neyra, alcalde de Huixquilucan, puso en marcha la Semana Nacional de Salud del Adolescente.<\/p><\/div>\n<p><strong>Huixquilucan, Estado de M\u00e9xico<\/strong>.- El Ayuntamiento, presidido por Jos\u00e9 Reynol Neyra Gonz\u00e1lez, realiza hasta el pr\u00f3ximo viernes 26 de septiembre, la Semana Nacional de Salud del Adolescente 2014, cuyo objetivo es brindar informaci\u00f3n y prevenir a este sector principalmente sobre enfermedades de transmisi\u00f3n sexual, as\u00ed como atenci\u00f3n a la salud en general, a fin de coadyuvar para apoyar su desarrollo integral y concientizar a los adolescentes sobre la importancia de mantener una vida sana a lo largo de su vida.<\/p>\n<p>Felipe de Jes\u00fas Guti\u00e9rrez Rinc\u00f3n, director general de Desarrollo Social municipal, as\u00ed como la titular de la s\u00e9tima regidur\u00eda Diana Garc\u00eda Almaz\u00e1n, inauguraron los trabajos de Semana Nacional de Salud del Adolescente 2014 en la Secundaria T\u00e9cnica No. 130 \u201cRosario Castellanos\u201d de la comunidad San Francisco Dos R\u00edos; ambos funcionarios reiteraron que se pretende ense\u00f1ar a los j\u00f3venes h\u00e1bitos saludables para que lo practiquen de forma permanente.<\/p>\n<p>En presencia de Jorge Carlos Belloc V\u00e1zquez, Subdirector de\u00a0 Protecci\u00f3n Civil, Bomberos y Unidad de Rescate; Irene Caudillo Ortiz, subdirectora escolar; Ana Guadalupe Moreno Meza, delegada municipal y Mar\u00eda Guadalupe Garc\u00eda Zacar\u00edas, presidenta del Consejo de Participaci\u00f3n Ciudadana; Felipe Guti\u00e9rrez, en representaci\u00f3n de Jos\u00e9 Reynol Neyra Gonz\u00e1lez, \u00a0alcalde de Huixquilucan, se\u00f1al\u00f3 que esta semana, busca promover estilos de vida saludables entre las y los adolescentes, al acercar informaci\u00f3n, servicios, especialistas y orientaci\u00f3n.<\/p>\n<p>En su participaci\u00f3n, la tambi\u00e9n presidenta de la Comisi\u00f3n edilicia de salud, Diana Garc\u00eda Almaz\u00e1n, dijo que el presidente municipal los ha instruido a trabajar de la mano con la juventud de Huixquilucan \u201cfuturo y presente del pa\u00eds\u201d, por ello conmin\u00f3 a la comunidad estudiantil a acercarse a esta gama de servicios que sin costo ofrece esta campa\u00f1a.\u201d<\/p>\n","protected":false},"excerpt":{"rendered":"<p>El Ayuntamiento, presidido por Jos\u00e9 Reynol Neyra Gonz\u00e1lez, realiza hasta el pr\u00f3ximo viernes 26 de septiembre, la Semana Nacional de Salud del Adolescente 2014, cuyo objetivo es brindar informaci\u00f3n y prevenir a este sector principalmente sobre enfermedades de transmisi\u00f3n sexual, as\u00ed como atenci\u00f3n a la salud en general, a fin de coadyuvar para apoyar su desarrollo integral y concientizar a los adolescentes sobre la importancia de mantener una vida sana a lo largo de su vida.<\/p>\n","protected":false},"author":3,"featured_media":190377,"comment_status":"open","ping_status":"open","sticky":false,"template":"","format":"standard","meta":{"_monsterinsights_skip_tracking":false,"_monsterinsights_sitenote_active":false,"_monsterinsights_sitenote_note":"","_monsterinsights_sitenote_category":0,"footnotes":""},"categories":[35155],"tags":[43675,1097,26255],"class_list":["post-190351","post","type-post","status-publish","format-standard","has-post-thumbnail","hentry","category-estado-de-mexico-estado-de-mexico","tag-estado-de-mexico","tag-huixquilucan","tag-semana-nacional-de-salud"],"_links":{"self":[{"href":"https:\/\/www.diarioimagen.net\/index.php?rest_route=\/wp\/v2\/posts\/190351","targetHints":{"allow":["GET"]}}],"collection":[{"href":"https:\/\/www.diarioimagen.net\/index.php?rest_route=\/wp\/v2\/posts"}],"about":[{"href":"https:\/\/www.diarioimagen.net\/index.php?rest_route=\/wp\/v2\/types\/post"}],"author":[{"embeddable":true,"href":"https:\/\/www.diarioimagen.net\/index.php?rest_route=\/wp\/v2\/users\/3"}],"replies":[{"embeddable":true,"href":"https:\/\/www.diarioimagen.net\/index.php?rest_route=%2Fwp%2Fv2%2Fcomments&post=190351"}],"version-history":[{"count":0,"href":"https:\/\/www.diarioimagen.net\/index.php?rest_route=\/wp\/v2\/posts\/190351\/revisions"}],"wp:featuredmedia":[{"embeddable":true,"href":"https:\/\/www.diarioimagen.net\/index.php?rest_route=\/wp\/v2\/media\/190377"}],"wp:attachment":[{"href":"https:\/\/www.diarioimagen.net\/index.php?rest_route=%2Fwp%2Fv2%2Fmedia&parent=190351"}],"wp:term":[{"taxonomy":"category","embeddable":true,"href":"https:\/\/www.diarioimagen.net\/index.php?rest_route=%2Fwp%2Fv2%2Fcategories&post=190351"},{"taxonomy":"post_tag","embeddable":true,"href":"https:\/\/www.diarioimagen.net\/index.php?rest_route=%2Fwp%2Fv2%2Ftags&post=190351"}],"curies":[{"name":"wp","href":"https:\/\/api.w.org\/{rel}","templated":true}]}}