{"id":190357,"date":"2014-09-24T00:04:52","date_gmt":"2014-09-24T05:04:52","guid":{"rendered":"http:\/\/www.diarioimagen.net\/?p=190357"},"modified":"2014-09-24T05:25:25","modified_gmt":"2014-09-24T10:25:25","slug":"desaparecen-al-viajar-de-texcoco-a-oaxaca","status":"publish","type":"post","link":"https:\/\/www.diarioimagen.net\/?p=190357","title":{"rendered":"Desaparecen al viajar de Texcoco a Oaxaca"},"content":{"rendered":"<ul>\n<li><strong><em>Seis integrantes de una familia<\/em><\/strong><\/li>\n<\/ul>\n<div id=\"attachment_190400\" style=\"width: 250px\" class=\"wp-caption alignleft\"><a href=\"http:\/\/www.diarioimagen.net\/wp-content\/uploads\/2014\/09\/seguridad-2449.jpg\" target=\"_blank\"><img loading=\"lazy\" decoding=\"async\" aria-describedby=\"caption-attachment-190400\" class=\"size-medium wp-image-190400\" src=\"http:\/\/www.diarioimagen.net\/wp-content\/uploads\/2014\/09\/seguridad-2449-240x160.jpg\" alt=\"Vecinos de Ejidos de San Felipe bloquearon ayer durante dos horas la carretera Texcoco-Lecher\u00eda, para exigir intensificar la b\u00fasqueda de una familia desaparecida.\" width=\"240\" height=\"160\" srcset=\"https:\/\/www.diarioimagen.net\/wp-content\/uploads\/2014\/09\/seguridad-2449-240x160.jpg 240w, https:\/\/www.diarioimagen.net\/wp-content\/uploads\/2014\/09\/seguridad-2449-420x280.jpg 420w, https:\/\/www.diarioimagen.net\/wp-content\/uploads\/2014\/09\/seguridad-2449.jpg 500w\" sizes=\"auto, (max-width: 240px) 100vw, 240px\" \/><\/a><p id=\"caption-attachment-190400\" class=\"wp-caption-text\">Vecinos de Ejidos de San Felipe bloquearon ayer durante dos horas la carretera Texcoco-Lecher\u00eda, para exigir intensificar la b\u00fasqueda de una familia desaparecida.<\/p><\/div>\n<p><strong>Texcoco, Estado de M\u00e9xico<\/strong>.- Seis integrantes de una familia, entre ellos tres menores, desaparecieron cuando viajaban de este municipio al estado de Oaxaca, inform\u00f3 ayer mediante un comunicado el gobierno municipal.<\/p>\n<p>Las autoridades detallaron que se trata del matrimonio conformado por Adri\u00e1n Susano Ram\u00edrez y M\u00f3nica Hern\u00e1ndez Barrera, de 30 y 33 a\u00f1os, y sus hijos, Alejandro Raymundo, M\u00f3nica Evelin y Alan Adri\u00e1n, de entre 3 y 11 a\u00f1os.<\/p>\n<p>Asimismo, mencionaron que Israel Morales De la Rosa, de 35 a\u00f1os, compadre de los padres, tambi\u00e9n se encontraba con ellos. Indican que el 14 de septiembre la familia sali\u00f3 de la comunidad Ejidos de San Felipe a bordo de una camioneta blanca tipo Lobo, placas MRG8375.<\/p>\n<p>Desde entonces sus familiares desconocen su paradero, por lo que iniciaron la denuncia correspondiente ante el M\u00f3dulo Odisea de la Procuradur\u00eda de Justicia mexiquense (PGJEM) y acudieron al ayuntamiento para entrevistarse con la presidenta municipal, Delfina G\u00f3mez.<\/p>\n<p>\u201cLa alcaldesa (&#8230;) orden\u00f3 diversas direcciones avocarse al asunto para poder apoyar a estas personas y lo m\u00e1s pronto posible tengan noticias de sus parientes\u201d, agrega el comunicado.<\/p>\n<p>Pese a ello, alrededor de 100 pobladores de San Felipe, bloquearon el entronque Texcoco-Lecher\u00eda con la autopista Pe\u00f1\u00f3n Texcoco, para exigir el apoyo de autoridades estatales y federales, para localizar a la familia.<\/p>\n","protected":false},"excerpt":{"rendered":"<p> Seis integrantes de una familia, entre ellos tres menores, desaparecieron cuando viajaban de este municipio al estado de Oaxaca, inform\u00f3 ayer mediante un comunicado el gobierno municipal.<\/p>\n","protected":false},"author":3,"featured_media":190400,"comment_status":"open","ping_status":"open","sticky":false,"template":"","format":"standard","meta":{"_monsterinsights_skip_tracking":false,"_monsterinsights_sitenote_active":false,"_monsterinsights_sitenote_note":"","_monsterinsights_sitenote_category":0,"footnotes":""},"categories":[7],"tags":[10303,43675,43677,540],"class_list":["post-190357","post","type-post","status-publish","format-standard","has-post-thumbnail","hentry","category-seguridad","tag-desaparicion","tag-estado-de-mexico","tag-seguridad","tag-texcoco"],"_links":{"self":[{"href":"https:\/\/www.diarioimagen.net\/index.php?rest_route=\/wp\/v2\/posts\/190357","targetHints":{"allow":["GET"]}}],"collection":[{"href":"https:\/\/www.diarioimagen.net\/index.php?rest_route=\/wp\/v2\/posts"}],"about":[{"href":"https:\/\/www.diarioimagen.net\/index.php?rest_route=\/wp\/v2\/types\/post"}],"author":[{"embeddable":true,"href":"https:\/\/www.diarioimagen.net\/index.php?rest_route=\/wp\/v2\/users\/3"}],"replies":[{"embeddable":true,"href":"https:\/\/www.diarioimagen.net\/index.php?rest_route=%2Fwp%2Fv2%2Fcomments&post=190357"}],"version-history":[{"count":0,"href":"https:\/\/www.diarioimagen.net\/index.php?rest_route=\/wp\/v2\/posts\/190357\/revisions"}],"wp:featuredmedia":[{"embeddable":true,"href":"https:\/\/www.diarioimagen.net\/index.php?rest_route=\/wp\/v2\/media\/190400"}],"wp:attachment":[{"href":"https:\/\/www.diarioimagen.net\/index.php?rest_route=%2Fwp%2Fv2%2Fmedia&parent=190357"}],"wp:term":[{"taxonomy":"category","embeddable":true,"href":"https:\/\/www.diarioimagen.net\/index.php?rest_route=%2Fwp%2Fv2%2Fcategories&post=190357"},{"taxonomy":"post_tag","embeddable":true,"href":"https:\/\/www.diarioimagen.net\/index.php?rest_route=%2Fwp%2Fv2%2Ftags&post=190357"}],"curies":[{"name":"wp","href":"https:\/\/api.w.org\/{rel}","templated":true}]}}