{"id":190361,"date":"2014-09-24T00:01:23","date_gmt":"2014-09-24T05:01:23","guid":{"rendered":"http:\/\/www.diarioimagen.net\/?p=190361"},"modified":"2014-09-25T03:21:26","modified_gmt":"2014-09-25T08:21:26","slug":"a-partir-del-16-de-noviembre-volaris-iniciara-operaciones-del-distirto-federal-a-tapachula-chiapas","status":"publish","type":"post","link":"https:\/\/www.diarioimagen.net\/?p=190361","title":{"rendered":"A partir del 16 de noviembre, Volaris iniciar\u00e1 operaciones del Distirto Federal a Tapachula, Chiapas"},"content":{"rendered":"<h2>De cinco estrellas<\/h2>\n<h5>Victoria Gonz\u00e1lez Prado<\/h5>\n<p>&nbsp;<\/p>\n<ul>\n<li><strong><em>Para quienes est\u00e9n planeando vacaciones, Jamaica ofrece una diversidad de eventos y festivales, de octubre a diciembre<\/em><\/strong><\/li>\n<li><strong><em>Maryse Bossi\u00e8re,\u00a0embajadora de Francia en M\u00e9xico, dio el banderazo de inicio de actividades del <\/em>Vatel International Business School<\/strong><\/li>\n<li><strong><em>Fundaci\u00f3n Quinta Carmelita organiza el pr\u00f3ximo 16 de octubre un desayuno-bazar entre amigas con causa<\/em><\/strong><\/li>\n<\/ul>\n<div id=\"attachment_190394\" style=\"width: 250px\" class=\"wp-caption alignleft\"><a href=\"http:\/\/www.diarioimagen.net\/wp-content\/uploads\/2014\/09\/turismo-2449.jpg\" target=\"_blank\"><img loading=\"lazy\" decoding=\"async\" aria-describedby=\"caption-attachment-190394\" class=\"size-medium wp-image-190394\" src=\"http:\/\/www.diarioimagen.net\/wp-content\/uploads\/2014\/09\/turismo-2449-240x148.jpg\" alt=\"Muy pronto, Volaris inicia operaciones DF-Tapachula.\" width=\"240\" height=\"148\" srcset=\"https:\/\/www.diarioimagen.net\/wp-content\/uploads\/2014\/09\/turismo-2449-240x148.jpg 240w, https:\/\/www.diarioimagen.net\/wp-content\/uploads\/2014\/09\/turismo-2449-420x259.jpg 420w, https:\/\/www.diarioimagen.net\/wp-content\/uploads\/2014\/09\/turismo-2449.jpg 700w\" sizes=\"auto, (max-width: 240px) 100vw, 240px\" \/><\/a><p id=\"caption-attachment-190394\" class=\"wp-caption-text\">Muy pronto, Volaris inicia operaciones DF-Tapachula.<\/p><\/div>\n<p>Con el objetivo de fortalecer la conectividad a\u00e9rea de Chiapas, el secretario de Turismo, <strong>Mario Uvence Rojas,<\/strong> se reuni\u00f3 con el gerente senior de ventas de\u00a0Volaris, <strong>Miguel Agui\u00f1aga<\/strong>, para ultimar detalles del inicio de operaciones del nuevo vuelo\u00a0entre el Distrito Federal y Tapachula. El titular de la Sectur, anunci\u00f3 que para el pr\u00f3ximo 16 de noviembre Volaris iniciar\u00e1 operaciones con tres frecuencias semanales: martes, jueves y domingo,\u00a0fortaleciendo con ello la promoci\u00f3n tur\u00edstica y desarrollo econ\u00f3mico de la entidad. \u201cEstamos muy contentos y satisfechos de que empresas como Volaris sigan apostando por\u00a0Chiapas ahora con un vuelo m\u00e1s entre Tapachula y el DF que ha sido una\u00a0demanda, no s\u00f3lo de Tapachula, sino de toda la regi\u00f3n del Soconusco\u201d, expres\u00f3\u00a0<strong>Uvence Rojas<\/strong>. Por su parte, <strong>Miguel Agui\u00f1aga<\/strong> detall\u00f3 que la aerol\u00ednea operar\u00e1 la nueva ruta con aviones A320\u00a0con capacidad para 174 pasajeros, lo que incrementa en m\u00e1s de un 200% la\u00a0capacidad instalada actualmente. Asimismo, dio a conocer que el pr\u00f3ximo 2 de diciembre inician una ruta a\u00e9rea m\u00e1s entre\u00a0Tuxtla Guti\u00e9rrez y Monterrey, con dos vuelos semanales: martes y s\u00e1bados.<\/p>\n<p>\u2730\u2730\u2730\u2730\u2730\u00a0Para quienes est\u00e9n planeando vacaciones durante los pr\u00f3ximos meses, la isla de Jamaica ofrece una diversidad de eventos y festivales que sin duda a\u00f1adir\u00e1n emoci\u00f3n y variedad a su experiencia, ofreciendo a los viajeros un acercamiento a la escena cultural, musical, deportiva y culinaria de la isla. Durante el pr\u00f3ximo mes de octubre, el d\u00eda 18 en Montego Bay, se realizar\u00e1 el Festival de Vino y Reggae, es el primero en su estilo en el Caribe. Los distribuidores jamaicanos ofrecen vinos a\u00f1ejos de todo el mundo a locales y visitantes. Este evento incorpora m\u00fasica, vino y moda con la marca Jamaica y se realiza en un ambiente que presume el hermoso paisaje de la isla ante el mercado tur\u00edstico.\u00a0<em><a href=\"http:\/\/www.jirwf.com\/\" target=\"_blank\">www.jirwf.com<\/a><\/em> A partir del 29 de octubre y al 2 de noviembre, tambi\u00e9n en Montego Bay, los campos <em>White Witch<\/em> y <em>Cinnamon Hill<\/em> dar\u00e1n la bienvenida al regreso del noveno campeonato profesional-amateur anual por invitaci\u00f3n <em>\u201cAnnie\u2019s Revenge\u201d<\/em>. El mayor campeonato internacional Pro-Am de Jamaica, patrocinado por la Oficina de Turismo de Jamaica y <em>Appleton Estate Jamaica Rum. <\/em>Es uno de los torneos de golf de invierno m\u00e1s populares, con equipos conformados por jugadores provenientes de los Estados Unidos, Canad\u00e1, Europa y el Caribe. <a href=\"http:\/\/www.jamaicaproam.com\/\" target=\"_blank\">www.jamaicaproam.com<\/a> Durante todo noviembre en Kingston, Montego Bay y Ocho R\u00edos, se realizar\u00e1 la Semana de los Restaurantes que permite a locales y visitantes experimentar y degustar las diversas opciones culinarias que ofrece Jamaica. M\u00e1s de 75 de los mejores restaurants de la isla en Kingston, Montego Bay y Ocho R\u00edos ofrecen men\u00fas de tres tiempos especialmente seleccionados para la cena o el almuerzo, a un precio fijo con descuentos de hasta 50%. El Marat\u00f3n <em>Reggae,<\/em> en su 14\u00b0 edici\u00f3n, es el principal marat\u00f3n internacional de Jamaica. Maratonistas, entusiastas del deporte y principiantes, convergen en Negril, la capital de lo casual en Jamaica, para un divertido evento caracterizado\u00a0por un vigoroso ritmo de <em>reggae<\/em>, que mantiene a los participantes con esp\u00edritu <em>\u201cirie\u201d.\u00a0<\/em>Uno de los sucesos m\u00e1s esperados del\u00a0evento de tres d\u00edas es la \u201cFiesta de Pasta del Mundo\u201d, que tiene lugar la noche anterior a la carrera en el Complejo Deportivo <em>Swept Away.<\/em>\u00a0La fiesta de playa posterior a la carrera tambi\u00e9n es imperdible.\u00a0<a href=\"http:\/\/www.reggaemarathon.com\/\" target=\"_blank\">www.reggaemarathon.com<\/a> Adicionalmente, Jamaica ofrece: \u201cOto\u00f1o en Jamaica\u201d para todo el destino, con ahorros de hasta 50% si se reserva mediante\u00a0<a href=\"http:\/\/www.getallrightjamaica.com\/\" target=\"_blank\">www.getallrightjamaica.com<\/a>\u00a0utilizando el c\u00f3digo promocional: <em>Fall Deals<\/em>.\u00a0Participan m\u00e1s de 30 hoteles, que van desde peque\u00f1os e \u00edntimos, hasta grandes resorts todo incluido; atracciones tur\u00edsticas y restaurantes. Los viajeros pueden seleccionar entre una amplia variedad de opciones, para una vacaci\u00f3n personalizada que se ajuste a su estilo de vida, intereses y presupuesto. La promoci\u00f3n est\u00e1 disponible para reservar desde ahora hasta el 1 de diciembre de 2014, para viajar hasta el 15 de diciembre de 2014.<\/p>\n<p>\u2730\u2730\u2730\u2730\u2730\u00a0<strong>Maryse Bossi\u00e8re<\/strong>,\u00a0embajadora de Francia en M\u00e9xico; <strong>Said Boukili<\/strong>, director de Vatel M\u00e9xico; <strong>Marc Cerdan<\/strong>, director general de las Alianzas Francesas de M\u00e9xico; <strong>Enrique Cervantes, <\/strong>presidente del Comit\u00e9 de la Alianza Francesa de M\u00e9xico y <strong>Julien Debarle<\/strong>, director de Operaciones de Grupo Presidente Intercontinental, inauguraron en la Sala <strong>Mar\u00eda F\u00e9lix <\/strong>de la Alianza Francesa Polanco, el inicio de actividades del <em>Vatel International Business School<\/em>. As\u00ed, se recibieron a j\u00f3venes estudiantes que desean incursionar en el mundo de la hoteler\u00eda y turismo y presentar el primer ciclo universitario del <em>Master\u00b4s Degree in International Hotel Management<\/em>. El nuevo campus de Vatel se convierte en la \u00fanica instancia en nuestro pa\u00eds que brinda un programa 100% europeo, con el objetivo de proporcionar una formaci\u00f3n integral que les permita laborar en un entorno competitivo y cosmopolita. El concepto de la ense\u00f1anza de Vatel, est\u00e1 arraigado en la formaci\u00f3n de ejecutivos en hoteler\u00eda internacional. La pr\u00e1ctica constante y el contacto con la actividad real de la profesi\u00f3n es fundamental. Este principio se refleja en su plan de estudios, que contempla adem\u00e1s de las clases en aulas, la frecuente actividad de campo para que el alumno interact\u00fae y aplique las t\u00e9cnicas aprendidas, tanto en M\u00e9xico como en el extranjero. Actualmente todos sus egresados o tambi\u00e9n llamados Vatelianos trabajan en los establecimientos m\u00e1s prestigiados a nivel internacional, posicionando a Vatel como el primer Grupo mundial de ense\u00f1anza en Administraci\u00f3n Hotelera y Turismo. Con m\u00e1s de 30 a\u00f1os de experiencia, 25 escuelas en el mundo, 7 mil estudiantes y 25 mil egresados, <em>Vatel International Business School Hotel &amp; Tourism Management<\/em> da inicio a sus actividades en M\u00e9xico, para formar profesionales con perfil internacional y multicultural que les permita alcanzar el \u00e9xito.<\/p>\n<p>\u2730\u2730\u2730\u2730\u2730\u00a0Fundaci\u00f3n Quinta Carmelita, casa-hogar con 29 a\u00f1os de labor, organiza este pr\u00f3ximo 16 de octubre un desayuno-bazar entre amigas con causa, a realizarse en el Club Campestre (Calzada de Tlalpan 1978) en el sur del Distrito Federal, donde esperan reunir a m\u00e1s de 300 invitadas que disfrutar\u00e1n una agradable ma\u00f1ana con muchas sorpresas y ayudar\u00e1n mediante un donativo de 500 pesos por persona en las necesidades diarias y legales de m\u00e1s de 28 ni\u00f1os quienes esperan una oportunidad de vida en familia a trav\u00e9s de la adopci\u00f3n. Fundaci\u00f3n Quinta Carmelita adem\u00e1s del desayuno prepara rifas y un bazar en el que diferentes marca tendr\u00e1n la posibilidad de tener un stand para la venta de sus productos y sumarse a la labor de ayudar con un donativo de 2 mil pesos en beneficio de los ni\u00f1os de la casa hogar. Con esto, tanto empresas como sociedad civil reforzar\u00e1n la misi\u00f3n de Quinta Carmelita que es restituir a los ni\u00f1os y ni\u00f1as privados de cuidados parentales o v\u00edctimas de alg\u00fan delito, su derecho fundamental de pertenecer a una familia amorosa, mediante la adopci\u00f3n. Las personas o empresas interesadas en sumarse a esta obra ben\u00e9fica pueden solicitar m\u00e1s informaci\u00f3n en el n\u00famero de tel\u00e9fono: 5489 1708\u00a0o 5489 1683. Es importante destacar que durante 2013 la Fundaci\u00f3n logr\u00f3 r\u00e9cord en la adopci\u00f3n de ni\u00f1os v\u00edctimas de delito y en situaci\u00f3n de abandono, con nueve adopciones; redujo a cinco meses la espera para los solicitantes de adopci\u00f3n, 13 meses para una investigaci\u00f3n judicial, y s\u00f3lo diez meses de espera para ejercer un juicio de p\u00e9rdida de patria protestad. Adem\u00e1s consolid\u00f3 una alianza con la Comisi\u00f3n Nacional de Derechos Humanos del DF para crear pol\u00edticas p\u00fablicas a favor de que todos los ni\u00f1os de M\u00e9xico crezcan en una familia.<\/p>\n<p><em><i><a href=\"mailto:victoriagprado@gmail.com\" target=\"_blank\">victoriagprado@gmail.com<\/a><\/i><\/em><\/p>\n","protected":false},"excerpt":{"rendered":"<p>Con el objetivo de fortalecer la conectividad a\u00e9rea de Chiapas, el secretario de Turismo, <strong>Mario Uvence Rojas,<\/strong> se reuni\u00f3 con el gerente senior de ventas de Volaris, <strong>Miguel Agui\u00f1aga<\/strong>, para ultimar detalles del inicio de operaciones del nuevo vuelo entre el Distrito Federal y Tapachula.<\/p>\n","protected":false},"author":3,"featured_media":190394,"comment_status":"open","ping_status":"open","sticky":false,"template":"","format":"standard","meta":{"_monsterinsights_skip_tracking":false,"_monsterinsights_sitenote_active":false,"_monsterinsights_sitenote_note":"","_monsterinsights_sitenote_category":0,"footnotes":""},"categories":[11],"tags":[2269,107,43674,43681,106],"class_list":["post-190361","post","type-post","status-publish","format-standard","has-post-thumbnail","hentry","category-turismo","tag-chiapas","tag-de-cinco-estrellas","tag-opinion","tag-turismo","tag-victoria-gonzalez-prado"],"_links":{"self":[{"href":"https:\/\/www.diarioimagen.net\/index.php?rest_route=\/wp\/v2\/posts\/190361","targetHints":{"allow":["GET"]}}],"collection":[{"href":"https:\/\/www.diarioimagen.net\/index.php?rest_route=\/wp\/v2\/posts"}],"about":[{"href":"https:\/\/www.diarioimagen.net\/index.php?rest_route=\/wp\/v2\/types\/post"}],"author":[{"embeddable":true,"href":"https:\/\/www.diarioimagen.net\/index.php?rest_route=\/wp\/v2\/users\/3"}],"replies":[{"embeddable":true,"href":"https:\/\/www.diarioimagen.net\/index.php?rest_route=%2Fwp%2Fv2%2Fcomments&post=190361"}],"version-history":[{"count":0,"href":"https:\/\/www.diarioimagen.net\/index.php?rest_route=\/wp\/v2\/posts\/190361\/revisions"}],"wp:featuredmedia":[{"embeddable":true,"href":"https:\/\/www.diarioimagen.net\/index.php?rest_route=\/wp\/v2\/media\/190394"}],"wp:attachment":[{"href":"https:\/\/www.diarioimagen.net\/index.php?rest_route=%2Fwp%2Fv2%2Fmedia&parent=190361"}],"wp:term":[{"taxonomy":"category","embeddable":true,"href":"https:\/\/www.diarioimagen.net\/index.php?rest_route=%2Fwp%2Fv2%2Fcategories&post=190361"},{"taxonomy":"post_tag","embeddable":true,"href":"https:\/\/www.diarioimagen.net\/index.php?rest_route=%2Fwp%2Fv2%2Ftags&post=190361"}],"curies":[{"name":"wp","href":"https:\/\/api.w.org\/{rel}","templated":true}]}}