{"id":190471,"date":"2014-09-25T00:01:10","date_gmt":"2014-09-25T05:01:10","guid":{"rendered":"http:\/\/www.diarioimagen.net\/?p=190471"},"modified":"2014-09-25T04:33:51","modified_gmt":"2014-09-25T09:33:51","slug":"alcaldia-de-tlalnepantla-apoyara-a-comerciantes","status":"publish","type":"post","link":"https:\/\/www.diarioimagen.net\/?p=190471","title":{"rendered":"Alcald\u00eda de Tlalnepantla apoyar\u00e1 a comerciantes"},"content":{"rendered":"<ul>\n<li><strong><em>Afectados por incendio<\/em><\/strong><\/li>\n<\/ul>\n<div id=\"attachment_190558\" style=\"width: 250px\" class=\"wp-caption alignleft\"><a href=\"http:\/\/www.diarioimagen.net\/wp-content\/uploads\/2014\/09\/TLALNEPANTLA-2450.jpg\"><img loading=\"lazy\" decoding=\"async\" aria-describedby=\"caption-attachment-190558\" class=\"size-medium wp-image-190558\" src=\"http:\/\/www.diarioimagen.net\/wp-content\/uploads\/2014\/09\/TLALNEPANTLA-2450-240x135.jpg\" alt=\"Los comerciantes del mercado de Tlalnepantla tendr\u00e1n acceso a cr\u00e9ditos blandos para reconstruir sus locales que fueron da\u00f1ados por un incendio.\" width=\"240\" height=\"135\" srcset=\"https:\/\/www.diarioimagen.net\/wp-content\/uploads\/2014\/09\/TLALNEPANTLA-2450-240x135.jpg 240w, https:\/\/www.diarioimagen.net\/wp-content\/uploads\/2014\/09\/TLALNEPANTLA-2450-420x236.jpg 420w, https:\/\/www.diarioimagen.net\/wp-content\/uploads\/2014\/09\/TLALNEPANTLA-2450-235x132.jpg 235w, https:\/\/www.diarioimagen.net\/wp-content\/uploads\/2014\/09\/TLALNEPANTLA-2450-202x114.jpg 202w, https:\/\/www.diarioimagen.net\/wp-content\/uploads\/2014\/09\/TLALNEPANTLA-2450-350x196.jpg 350w, https:\/\/www.diarioimagen.net\/wp-content\/uploads\/2014\/09\/TLALNEPANTLA-2450-220x123.jpg 220w, https:\/\/www.diarioimagen.net\/wp-content\/uploads\/2014\/09\/TLALNEPANTLA-2450-237x132.jpg 237w, https:\/\/www.diarioimagen.net\/wp-content\/uploads\/2014\/09\/TLALNEPANTLA-2450.jpg 480w\" sizes=\"auto, (max-width: 240px) 100vw, 240px\" \/><\/a><p id=\"caption-attachment-190558\" class=\"wp-caption-text\">Los comerciantes del mercado de Tlalnepantla tendr\u00e1n acceso a cr\u00e9ditos blandos para reconstruir sus locales que fueron da\u00f1ados por un incendio.<\/p><\/div>\n<p>El alcalde Pablo Bas\u00e1\u00f1ez Garc\u00eda inform\u00f3 que mantuvo contacto respecto a los hechos con Adri\u00e1n Fuentes Villalobos, secretario de Desarrollo Econ\u00f3mico del Estado de M\u00e9xico, con quien se acord\u00f3 realizar mesas de trabajo de manera coordinada con los comerciantes afectados, para precisar la forma de respaldarlos en sus p\u00e9rdidas, a fin de restablecer su actividad en el mercado Filiberto G\u00f3mez.<\/p>\n<p>El pasado martes se registr\u00f3 un incendio en el mercado Filiberto G\u00f3mez, en la colonia Centro, que da\u00f1\u00f3 36 locales, sin que se registraran lesionados.<\/p>\n<p>Aunque a\u00fan se desconocen las causas que originaron el siniestro, autoridades indicaron que al parecer un corto circuito fue el que inici\u00f3 el fuego.<\/p>\n<p>Al lugar del incendio acudi\u00f3 el presidente municipal, quien asegur\u00f3 que ser\u00e1n los peritajes los que determinen las causas del incidente y con ello se deslinden responsabilidades.<\/p>\n<p>El mercado est\u00e1 ubicado en las calles Filiberto G\u00f3mez y Emilio Carranza, colonia San Javier, cuenta con 360 locales y est\u00e1 conformado como una asociaci\u00f3n de cond\u00f3minos que son locatarios de lo que antes fue un mercado municipal, llevan a cabo su propia administraci\u00f3n.<\/p>\n<p>La oportuna intervenci\u00f3n de elementos de Protecci\u00f3n Civil y bomberos de Tlalnepantla, Atizap\u00e1n, Cuautitl\u00e1n Izcalli y Naucalpan, evitaron que las llamas se propagaran a m\u00e1s locales, dado que el incendio fue reportado a las 20:20 horas y a las 20:28 ya se encontraban las unidades de emergencia, logrando controlar el fuego a las 21:15 horas, es decir, en menos de una hora ya s\u00f3lo realizaban remoci\u00f3n de escombros.<\/p>\n","protected":false},"excerpt":{"rendered":"<p>El alcalde Pablo Bas\u00e1\u00f1ez Garc\u00eda inform\u00f3 que mantuvo contacto respecto a los hechos con Adri\u00e1n Fuentes Villalobos, secretario de Desarrollo Econ\u00f3mico del Estado de M\u00e9xico, con quien se acord\u00f3 realizar mesas de trabajo de manera coordinada con los comerciantes afectados, para precisar la forma de respaldarlos en sus p\u00e9rdidas, a fin de restablecer su actividad en el mercado Filiberto G\u00f3mez.<\/p>\n","protected":false},"author":3,"featured_media":0,"comment_status":"open","ping_status":"open","sticky":false,"template":"","format":"standard","meta":{"_monsterinsights_skip_tracking":false,"_monsterinsights_sitenote_active":false,"_monsterinsights_sitenote_note":"","_monsterinsights_sitenote_category":0,"footnotes":""},"categories":[5],"tags":[10238,43675,8065,21812,169],"class_list":["post-190471","post","type-post","status-publish","format-standard","hentry","category-estado-de-mexico","tag-comerciantes","tag-estado-de-mexico","tag-incendio","tag-pablo-basanez-garcia","tag-tlalnepantla"],"_links":{"self":[{"href":"https:\/\/www.diarioimagen.net\/index.php?rest_route=\/wp\/v2\/posts\/190471","targetHints":{"allow":["GET"]}}],"collection":[{"href":"https:\/\/www.diarioimagen.net\/index.php?rest_route=\/wp\/v2\/posts"}],"about":[{"href":"https:\/\/www.diarioimagen.net\/index.php?rest_route=\/wp\/v2\/types\/post"}],"author":[{"embeddable":true,"href":"https:\/\/www.diarioimagen.net\/index.php?rest_route=\/wp\/v2\/users\/3"}],"replies":[{"embeddable":true,"href":"https:\/\/www.diarioimagen.net\/index.php?rest_route=%2Fwp%2Fv2%2Fcomments&post=190471"}],"version-history":[{"count":0,"href":"https:\/\/www.diarioimagen.net\/index.php?rest_route=\/wp\/v2\/posts\/190471\/revisions"}],"wp:attachment":[{"href":"https:\/\/www.diarioimagen.net\/index.php?rest_route=%2Fwp%2Fv2%2Fmedia&parent=190471"}],"wp:term":[{"taxonomy":"category","embeddable":true,"href":"https:\/\/www.diarioimagen.net\/index.php?rest_route=%2Fwp%2Fv2%2Fcategories&post=190471"},{"taxonomy":"post_tag","embeddable":true,"href":"https:\/\/www.diarioimagen.net\/index.php?rest_route=%2Fwp%2Fv2%2Ftags&post=190471"}],"curies":[{"name":"wp","href":"https:\/\/api.w.org\/{rel}","templated":true}]}}