{"id":190491,"date":"2014-09-25T00:07:37","date_gmt":"2014-09-25T05:07:37","guid":{"rendered":"http:\/\/www.diarioimagen.net\/?p=190491"},"modified":"2014-09-26T01:29:10","modified_gmt":"2014-09-26T06:29:10","slug":"la-onu-debe-cambiar-pena-nieto","status":"publish","type":"post","link":"https:\/\/www.diarioimagen.net\/?p=190491","title":{"rendered":"La ONU debe cambiar: Pe\u00f1a Nieto"},"content":{"rendered":"<h2>Tras la puerta del poder<\/h2>\n<h5>Roberto Vizca\u00edno<\/h5>\n<p>&nbsp;<\/p>\n<ul>\n<li><strong><em>Aparejado a las voces de Obama, Hollande y otros muchos, el Presidente dijo que el cambio s\u00ed es posible<\/em><\/strong><\/li>\n<li><strong><em>Jorge Luis Preciado quiere usar al primer mandatario como pretexto en su pleito con Barbosa<\/em><\/strong><\/li>\n<li><strong><em>Rosario Robles anda ya en Nueva York, donde participar\u00e1 en un encuentro contra el hambre en la ONU<\/em><\/strong><\/li>\n<\/ul>\n<div id=\"attachment_190523\" style=\"width: 250px\" class=\"wp-caption alignleft\"><a href=\"http:\/\/www.diarioimagen.net\/wp-content\/uploads\/2014\/09\/diputado-asesinado-MARAL-2450.jpg\" target=\"_blank\"><img loading=\"lazy\" decoding=\"async\" aria-describedby=\"caption-attachment-190523\" class=\"size-medium wp-image-190523\" src=\"http:\/\/www.diarioimagen.net\/wp-content\/uploads\/2014\/09\/diputado-asesinado-MARAL-2450-240x145.jpg\" alt=\"Diputado asesinado... | Maral\" width=\"240\" height=\"145\" srcset=\"https:\/\/www.diarioimagen.net\/wp-content\/uploads\/2014\/09\/diputado-asesinado-MARAL-2450-240x145.jpg 240w, https:\/\/www.diarioimagen.net\/wp-content\/uploads\/2014\/09\/diputado-asesinado-MARAL-2450-420x255.jpg 420w, https:\/\/www.diarioimagen.net\/wp-content\/uploads\/2014\/09\/diputado-asesinado-MARAL-2450.jpg 1200w\" sizes=\"auto, (max-width: 240px) 100vw, 240px\" \/><\/a><p id=\"caption-attachment-190523\" class=\"wp-caption-text\">Diputado asesinado&#8230; | Maral<\/p><\/div>\n<p>En su primera participaci\u00f3n ante el pleno de Naciones Unidas, el presidente Enrique Pe\u00f1a Nieto consider\u00f3 que los desaf\u00edos a que se enfrenta el mundo y que van desde el combate al terrorismo o la desigualdad y la pobreza, exigen una transformaci\u00f3n, cambio profundo de la ONU.<\/p>\n<p>Pe\u00f1a Nieto plante\u00f3 la transformaci\u00f3n del mayor organismo mundial justo el d\u00eda en que el secretario general, Ban Ki-moon declar\u00f3 abierto el debate y en que se dieron las participaciones m\u00e1s esperadas: la del presidente de Estados Unidos, Barack Obama; de Francia, Francois Hollande; de Brasil, Dilma Rousseff; de Chile, Michelle Bachelet; de Argentina, Cristina Fern\u00e1ndez y de Felipe VI, rey de Espa\u00f1a.<\/p>\n<p>Al abrir el debate, el presidente estadounidense Barack Obama consider\u00f3, al igual que Pe\u00f1a Nieto, que el mundo est\u00e1 en una encrucijada entre la guerra y la paz.<\/p>\n<p>Por ello jur\u00f3 liderar una coalici\u00f3n internacional para acabar con la \u201cred de muerte\u201d del grupo Estado Isl\u00e1mico, que hoy provoca el caos y el terror en el Medio Oriente y que ayer decapit\u00f3 a un franc\u00e9s.<\/p>\n<p>Ah\u00ed mismo, Francois Hollande se daclar\u00f3 horrorizado del hecho y prometi\u00f3 tambi\u00e9n una respuesta contundente para acabar con la barbarie que provoca el Estado Isl\u00e1mico.<\/p>\n<p>En este contexto, el presidente mexicano pidi\u00f3 a sus hom\u00f3logos considerar la necesidad de ir a un redise\u00f1o de la ONU.<\/p>\n<p>\u201cNunca es f\u00e1cil cambiar, menos cuando el cambio pasa por la cooperaci\u00f3n de m\u00faltiples actores con prioridades e intereses distintos. De ah\u00ed que muchos piensen que el cambio en la ONU es imposible\u201d, coment\u00f3.<\/p>\n<p>Luego se\u00f1al\u00f3 que algo similar pasaba en M\u00e9xico, donde muchos exig\u00edan el cambio pero no cre\u00edan posible hacerlo.<\/p>\n<p>No cre\u00edan que gobierno y oposici\u00f3n se pudieran poner de acuerdo, indic\u00f3. Pero se demostr\u00f3 que s\u00ed es posible y <strong>la <\/strong>base para lograrlo fue, explic\u00f3, <strong>el llamado Pacto por M\u00e9xico.\u00a0Y M\u00e9xico cambi\u00f3. \u00a0<\/strong><\/p>\n<p>Por esta experiencia, dijo Pe\u00f1a Nieto,<strong> estoy convencido de que la ONU puede cambiar.<\/strong><\/p>\n<p><strong>Que a 70 a\u00f1os de su fundaci\u00f3n la ONU debe evolucionar y que esto exigir\u00e1 de todos los Estados, voluntad para escuchar, dialogar, tolerar y ceder.<\/strong><\/p>\n<p>De entrada consider\u00f3 que el Consejo de Seguridad de Naciones Unidas debe ser m\u00e1s representativo del nuevo equilibrio mundial, y un mecanismo que no utilice el veto en casos de violaciones graves del derecho internacional\u00a0 humanitario.<\/p>\n<p>De igual forma, agreg\u00f3, la ONU debe impedir el tr\u00e1fico de armas y renovar sus esfuerzos en favor del desarme nuclear.<\/p>\n<p>La pobreza no es s\u00f3lo ingreso insuficiente\u2026 sino carencias que impiden el desarrollo personal y colectivo. Combatirla, indic\u00f3, requiere entonces la inclusi\u00f3n econ\u00f3mica y social.<\/p>\n<p style=\"text-align: center;\"><strong>\u00a1QUE DEBATA!, PIDE PRECIADO<\/strong><\/p>\n<p>Y mientras el presidente mexicano desde Nueva York interven\u00eda en asuntos del contexto global y dialogaba con otros mandatarios que acuden al inicio de sesiones de invierno de la ONU, ac\u00e1 en M\u00e9xico los senadores panistas encabezados por el colimense Jorge Luis Preciado lo quieren usar para ajustarle cuentas al perredista Miguel Barbosa, presidente del Senado.<\/p>\n<p>Resulta que Preciado qued\u00f3 ardido con la designaci\u00f3n de Barbosa al frente del Senado. El colimense cre\u00eda haberse ganado el puesto, pero en la negociaci\u00f3n final perdi\u00f3. Le gan\u00f3 por apenas nada el poblano Barbosa. Y hay que recordar que Preciado aspira a ser candidato de su partido, el PAN, a la gubernatura de Colima, cargo que entra en juego en las elecciones de junio de 2015 junto con otras 8 gubernaturas.<\/p>\n<p>As\u00ed que ahora Preciado le quiere cobrar la afrenta a Barbosa nada menos que confrontando al presidente Enrique Pe\u00f1a Nieto.<\/p>\n<p>\u00bfC\u00f3mo?<\/p>\n<p>Bueno pues resulta que a Barbosa se le ocurri\u00f3 aprovechar la realizaci\u00f3n del Foro Sobre el Federalismo a inaugurarse el martes 30 de este mes, para convocar al presidente Pe\u00f1a Nieto, al presidente de la Suprema Corte de Justicia y a los 31 gobernadores as\u00ed como al jefe de gobierno del DF. Y lo logr\u00f3. Todos le dijeron que s\u00ed acuden.<\/p>\n<p>El poblano estaba feliz, porque ning\u00fan otro presidente del Senado hab\u00eda logrado tal poder de convocatoria\u2026 pero la felicidad se le convirti\u00f3 en una pesadilla porque a Preciado se le ocurri\u00f3 exigirles a los otros coordinadores parlamentarios y al presidente Pe\u00f1a Nieto transformar la visita presidencial en \u00a1un debate!<\/p>\n<p>El coordinador de los senadores panistas quiere que Pe\u00f1a Nieto acepte entrarle a una confrontaci\u00f3n de temas con los senadores.\u00a0 Y en eso anda. Montado en su macho, como dice el dicho.<\/p>\n<p>Y ha llevado a tal punto el asunto que si no aceptan su planteamiento entonces los senadores del PAN no van al encuentro, convirtiendo el foro en un conflicto en el que quien tiene menos culpa es precisamente Pe\u00f1a Nieto, porque \u00e9l es s\u00f3lo el invitado.<\/p>\n<p>Quienes saben de estas cosas advierten que Preciado, como pol\u00edtico y abogado sabe que su exigencia no es procedente.<\/p>\n<p>Y no tiene base porque la Constituci\u00f3n no lo permite. El asunto, sabe Preciado, no se puede subsanar con un acuerdo parlamentario ni siquiera podr\u00eda ser posible si ambas partes se pusieran de acuerdo en hacer el debate. El presidente Pe\u00f1a Nieto no puede debatir con los senadores ni con otros, porque representa al Poder Ejecutivo y a la jefatura del Estado mexicano.<\/p>\n<p>As\u00ed de simple.<\/p>\n<p>En corto, en Los Pinos, en privado el presidente Pe\u00f1a puede conversar con quien quiera. Pero no en p\u00fablico y menos en la sede de otro poder.<\/p>\n<p>Por eso, la exigencia de Preciado s\u00f3lo se entiende dentro de su pleito con Barbosa.<\/p>\n<p style=\"text-align: center;\"><strong>ROSARIO SE CRECE<\/strong><\/p>\n<p>Quien dio la sorpresa fue Rosario Robles, quien luego de una farragosa comparecencia ante senadores, se apareci\u00f3 por la ONU nada m\u00e1s y nada menos que para participar en la Reuni\u00f3n Paralela de Alto Nivel \u201cAlcanzando el Reto del Hambre Cero\u201d.<\/p>\n<p>Por supuesto, Robles lleg\u00f3 acompa\u00f1ada por su consejero m\u00e1s leal, Ram\u00f3n Sosamontes, quien disfruta a m\u00e1s no poder por los \u00e9xitos de su amiga y jefa.<\/p>\n<p>El escenario y contexto de ayer en Nueva York est\u00e1n muy, pero muy lejos de aquella salida del PRD cuando ambos -Rosario y Ram\u00f3n-, sufrieron el m\u00e1s severo de los escarnios.<\/p>\n<p>Al presidente Pe\u00f1a Nieto lo acompa\u00f1aron sus m\u00e1s cercanos -Videgaray, Nu\u00f1o, Meade, Guajardo-, pero la que particip\u00f3 en la ONU fue Rosario.<\/p>\n<p>Resulta adem\u00e1s que la secretaria de Sedesol ser\u00e1 la \u00fanica oradora latinoamericana y quien dar\u00e1 a conocer las experiencias de la Cruzada Nacional Contra el Hambre en M\u00e9xico, sin duda uno de los programas centrales del gobierno de Pe\u00f1a Nieto.<\/p>\n<p>El Reto del Hambre Cero parte de una respuesta del secretario general de la ONU, Ban Ki-moon para alcanzar un futuro sin hambre.<\/p>\n<p>El encuentro entonces proporcionar\u00e1 una plataforma del m\u00e1s alto nivel para evaluar las acciones transformadoras e innovadoras realizadas en el mundo y anunciar nuevos compromisos de los Estados miembros, organismos internacionales, sector privado y sociedad civil, se indic\u00f3.<\/p>\n<p>Los coanfitriones del encuentro son Mark Rutte, primer ministro del Reino de los Pa\u00edses Bajos; Charles Flanagan, Ministro de Asuntos Exteriores y Comercio de Irlanda; Jos\u00e9 Graziano da Silva, director general de la Organizaci\u00f3n de las Naciones Unidas para la Agricultura y la Alimentaci\u00f3n; Kanayo F. Nwanze, presidente del Fondo Internacional para el Desarrollo Agr\u00edcola, y Ertharin Cousin, directora Ejecutiva del Programa Mundial de Alimentos. Hoy Rosario tiene previsto reunirse con Ertharin Cousin, directora del PMA y ma\u00f1ana con Jessica Faieta, subsecretaria general de la ONU y directora del Programa de las Naciones Unidas para el Desarrollo, PNUD, para Am\u00e9rica Latina y el Caribe, as\u00ed como con Mary Ellen McNish, presidenta de Hunger Project.<\/p>\n<p><em><a href=\"mailto:rvizcainoa@gmail.com\">rvizcainoa@gmail.com<\/a><\/em><\/p>\n","protected":false},"excerpt":{"rendered":"<p><span style=\"color: #005497;\"><strong>Roberto Vizca\u00edno<\/strong><\/span><br \/>\n<br \/>\nEn su primera participaci\u00f3n ante el pleno de Naciones Unidas, el presidente Enrique Pe\u00f1a Nieto consider\u00f3 que los desaf\u00edos a que se enfrenta el mundo y que van desde el combate al terrorismo o la desigualdad y la pobreza, exigen una transformaci\u00f3n, cambio profundo de la ONU.<\/p>\n","protected":false},"author":3,"featured_media":190523,"comment_status":"open","ping_status":"open","sticky":false,"template":"","format":"standard","meta":{"_monsterinsights_skip_tracking":false,"_monsterinsights_sitenote_active":false,"_monsterinsights_sitenote_note":"","_monsterinsights_sitenote_category":0,"footnotes":""},"categories":[136],"tags":[43674,764,93,94],"class_list":["post-190491","post","type-post","status-publish","format-standard","has-post-thumbnail","hentry","category-roberto-vizcaino-opinion","tag-opinion","tag-organizacion-de-las-naciones-unidas","tag-roberto-vizcaino","tag-tras-la-puerta-del-poder"],"_links":{"self":[{"href":"https:\/\/www.diarioimagen.net\/index.php?rest_route=\/wp\/v2\/posts\/190491","targetHints":{"allow":["GET"]}}],"collection":[{"href":"https:\/\/www.diarioimagen.net\/index.php?rest_route=\/wp\/v2\/posts"}],"about":[{"href":"https:\/\/www.diarioimagen.net\/index.php?rest_route=\/wp\/v2\/types\/post"}],"author":[{"embeddable":true,"href":"https:\/\/www.diarioimagen.net\/index.php?rest_route=\/wp\/v2\/users\/3"}],"replies":[{"embeddable":true,"href":"https:\/\/www.diarioimagen.net\/index.php?rest_route=%2Fwp%2Fv2%2Fcomments&post=190491"}],"version-history":[{"count":0,"href":"https:\/\/www.diarioimagen.net\/index.php?rest_route=\/wp\/v2\/posts\/190491\/revisions"}],"wp:featuredmedia":[{"embeddable":true,"href":"https:\/\/www.diarioimagen.net\/index.php?rest_route=\/wp\/v2\/media\/190523"}],"wp:attachment":[{"href":"https:\/\/www.diarioimagen.net\/index.php?rest_route=%2Fwp%2Fv2%2Fmedia&parent=190491"}],"wp:term":[{"taxonomy":"category","embeddable":true,"href":"https:\/\/www.diarioimagen.net\/index.php?rest_route=%2Fwp%2Fv2%2Fcategories&post=190491"},{"taxonomy":"post_tag","embeddable":true,"href":"https:\/\/www.diarioimagen.net\/index.php?rest_route=%2Fwp%2Fv2%2Ftags&post=190491"}],"curies":[{"name":"wp","href":"https:\/\/api.w.org\/{rel}","templated":true}]}}