{"id":190503,"date":"2014-09-25T00:08:33","date_gmt":"2014-09-25T05:08:33","guid":{"rendered":"http:\/\/www.diarioimagen.net\/?p=190503"},"modified":"2014-09-25T04:02:51","modified_gmt":"2014-09-25T09:02:51","slug":"la-uaem-sectur-y-colegio-mexiquense-firman-convenio","status":"publish","type":"post","link":"https:\/\/www.diarioimagen.net\/?p=190503","title":{"rendered":"La UAEM, Sectur y Colegio Mexiquense firman convenio"},"content":{"rendered":"<ul>\n<li><strong><em>Investigar\u00e1n y difundir\u00e1n la cultura<\/em><\/strong><\/li>\n<\/ul>\n<div id=\"attachment_190515\" style=\"width: 250px\" class=\"wp-caption alignleft\"><a href=\"http:\/\/www.diarioimagen.net\/wp-content\/uploads\/2014\/09\/UAEM-2450.jpg\"><img loading=\"lazy\" decoding=\"async\" aria-describedby=\"caption-attachment-190515\" class=\"size-medium wp-image-190515\" src=\"http:\/\/www.diarioimagen.net\/wp-content\/uploads\/2014\/09\/UAEM-2450-240x135.jpg\" alt=\"El rector de la UAEM, Jorge Olvera Garc\u00eda, la titular de la Sectur estatal, Rosalinda Elizabeth Ben\u00edtez Gonz\u00e1lez, y el director del Colegio Mexiquense, Humberto Ben\u00edtez Trevi\u00f1o, al firmar el convenio de colaboraci\u00f3n.\" width=\"240\" height=\"135\" srcset=\"https:\/\/www.diarioimagen.net\/wp-content\/uploads\/2014\/09\/UAEM-2450-240x135.jpg 240w, https:\/\/www.diarioimagen.net\/wp-content\/uploads\/2014\/09\/UAEM-2450-420x236.jpg 420w, https:\/\/www.diarioimagen.net\/wp-content\/uploads\/2014\/09\/UAEM-2450-235x132.jpg 235w, https:\/\/www.diarioimagen.net\/wp-content\/uploads\/2014\/09\/UAEM-2450-202x114.jpg 202w, https:\/\/www.diarioimagen.net\/wp-content\/uploads\/2014\/09\/UAEM-2450-350x196.jpg 350w, https:\/\/www.diarioimagen.net\/wp-content\/uploads\/2014\/09\/UAEM-2450-220x123.jpg 220w, https:\/\/www.diarioimagen.net\/wp-content\/uploads\/2014\/09\/UAEM-2450-237x132.jpg 237w, https:\/\/www.diarioimagen.net\/wp-content\/uploads\/2014\/09\/UAEM-2450.jpg 480w\" sizes=\"auto, (max-width: 240px) 100vw, 240px\" \/><\/a><p id=\"caption-attachment-190515\" class=\"wp-caption-text\">El rector de la UAEM, Jorge Olvera Garc\u00eda, la titular de la Sectur estatal, Rosalinda Elizabeth Ben\u00edtez Gonz\u00e1lez, y el director del Colegio Mexiquense, Humberto Ben\u00edtez Trevi\u00f1o, al firmar el convenio de colaboraci\u00f3n.<\/p><\/div>\n<p>La Universidad Aut\u00f3noma del Estado de M\u00e9xico, representada por el rector Jorge Olvera Garc\u00eda; la Secretar\u00eda de Turismo del gobierno del Estado de M\u00e9xico, por su titular, Rosalinda Elizabeth Ben\u00edtez Gonz\u00e1lez, y el Colegio Mexiquense, por su director, Humberto Ben\u00edtez Trevi\u00f1o, signaron un Convenio General de Colaboraci\u00f3n que permitir\u00e1 continuar con los trabajos del Proyecto Arquitect\u00f3nico del Acueducto del Padre Tembleque, entre otros trabajos.<\/p>\n<p>En este marco, el rector de la m\u00e1xima casa de estudios mexiquense consider\u00f3 que este instrumento jur\u00eddico, que pronto dar\u00e1 resultados y al mismo tiempo, fortalece los lazos de cooperaci\u00f3n entre las tres instancias, tiene como objetivo establecer las bases para que de manera conjunta se lleve a cabo la organizaci\u00f3n y desarrollo de actividades acad\u00e9micas, de docencia, investigaci\u00f3n, difusi\u00f3n de la cultura y extensi\u00f3n institucional.<\/p>\n<p>Ante servidores de las tres instancias, quienes se dieron cita en la Sala \u201cBenito Ju\u00e1rez\u201d del Edificio de Rector\u00eda, Jorge Olvera Garc\u00eda abund\u00f3 que para cumplir con este cometido, la UAEM aporta insumos tecnol\u00f3gicos, cient\u00edficos e intelectuales, cumpliendo as\u00ed su prop\u00f3sito de aportar soluciones a los problemas sociales de la entidad y del pa\u00eds en general.<\/p>\n","protected":false},"excerpt":{"rendered":"<p>La Universidad Aut\u00f3noma del Estado de M\u00e9xico, representada por el rector Jorge Olvera Garc\u00eda; la Secretar\u00eda de Turismo del gobierno del Estado de M\u00e9xico, por su titular, Rosalinda Elizabeth Ben\u00edtez Gonz\u00e1lez, y el Colegio Mexiquense, por su director, Humberto Ben\u00edtez Trevi\u00f1o, signaron un Convenio General de Colaboraci\u00f3n que permitir\u00e1 continuar con los trabajos del Proyecto Arquitect\u00f3nico del Acueducto del Padre Tembleque, entre otros trabajos.<\/p>\n","protected":false},"author":3,"featured_media":190515,"comment_status":"open","ping_status":"open","sticky":false,"template":"","format":"standard","meta":{"_monsterinsights_skip_tracking":false,"_monsterinsights_sitenote_active":false,"_monsterinsights_sitenote_note":"","_monsterinsights_sitenote_category":0,"footnotes":""},"categories":[5],"tags":[43675,2865,1490],"class_list":["post-190503","post","type-post","status-publish","format-standard","has-post-thumbnail","hentry","category-estado-de-mexico","tag-estado-de-mexico","tag-sectur","tag-universidad-autonoma-del-estado-de-mexico"],"_links":{"self":[{"href":"https:\/\/www.diarioimagen.net\/index.php?rest_route=\/wp\/v2\/posts\/190503","targetHints":{"allow":["GET"]}}],"collection":[{"href":"https:\/\/www.diarioimagen.net\/index.php?rest_route=\/wp\/v2\/posts"}],"about":[{"href":"https:\/\/www.diarioimagen.net\/index.php?rest_route=\/wp\/v2\/types\/post"}],"author":[{"embeddable":true,"href":"https:\/\/www.diarioimagen.net\/index.php?rest_route=\/wp\/v2\/users\/3"}],"replies":[{"embeddable":true,"href":"https:\/\/www.diarioimagen.net\/index.php?rest_route=%2Fwp%2Fv2%2Fcomments&post=190503"}],"version-history":[{"count":0,"href":"https:\/\/www.diarioimagen.net\/index.php?rest_route=\/wp\/v2\/posts\/190503\/revisions"}],"wp:featuredmedia":[{"embeddable":true,"href":"https:\/\/www.diarioimagen.net\/index.php?rest_route=\/wp\/v2\/media\/190515"}],"wp:attachment":[{"href":"https:\/\/www.diarioimagen.net\/index.php?rest_route=%2Fwp%2Fv2%2Fmedia&parent=190503"}],"wp:term":[{"taxonomy":"category","embeddable":true,"href":"https:\/\/www.diarioimagen.net\/index.php?rest_route=%2Fwp%2Fv2%2Fcategories&post=190503"},{"taxonomy":"post_tag","embeddable":true,"href":"https:\/\/www.diarioimagen.net\/index.php?rest_route=%2Fwp%2Fv2%2Ftags&post=190503"}],"curies":[{"name":"wp","href":"https:\/\/api.w.org\/{rel}","templated":true}]}}