{"id":190566,"date":"2014-09-25T00:04:56","date_gmt":"2014-09-25T05:04:56","guid":{"rendered":"http:\/\/www.diarioimagen.net\/?p=190566"},"modified":"2014-09-25T05:42:23","modified_gmt":"2014-09-25T10:42:23","slug":"sensible-renuncia-panista","status":"publish","type":"post","link":"https:\/\/www.diarioimagen.net\/?p=190566","title":{"rendered":"Sensible renuncia panista"},"content":{"rendered":"<h2>Punto por punto<\/h2>\n<h5>Augusto Corro<\/h5>\n<p>&nbsp;<\/p>\n<p>Juan Ignacio Zavala anunci\u00f3 su renuncia al Partido Acci\u00f3n Nacional (PAN).<\/p>\n<p>Reconoci\u00f3 que su decisi\u00f3n obedece a que no est\u00e1 de acuerdo con la dirigencia blanquiazul y lo que se hace dentro del partido.<\/p>\n<p>Juan Ignacio es cu\u00f1ado del ex presidente Calder\u00f3n y forma parte de una familia de pol\u00edticos, en la que sobresale su hermana Margarita Zavala.<\/p>\n<p>Sin duda, Juan Ignacio se desempe\u00f1aba como un activo muy importante en las filas panistas. Sin embargo, siempre sostuvo diferencias con el actual presidente del partido, Gustavo Madero.<\/p>\n<p>Al ser entrevistado el hermano de Margarita dijo que Acci\u00f3n Nacional pasa por un momento de decadencia y quiz\u00e1 le tome hasta 20 a\u00f1os regresar al poder.<\/p>\n<p>Consider\u00f3 que desde su punto de vista Madero lo est\u00e9 haciendo mal, pero eso no significa que el partido se vaya a ir a pique.<\/p>\n<p>\u201cNo me parece casi nada de lo que pasa en el PAN ni de lo que se hace ni qui\u00e9n lo hace\u201d, recalc\u00f3\u00a0 Juan Ignacio.<\/p>\n<p>En los \u00faltimos meses, los militantes panistas, principalmente los que se encuentran en la c\u00fapula del poder se convirtieron en protagonistas de todo tipo de\u00a0 esc\u00e1ndalos, incluidos actos de corrupci\u00f3n.<\/p>\n<p>Adem\u00e1s, los calderonistas y los maderistas, en su lucha por el control del partido, dividieron al organismo pol\u00edtico.<\/p>\n<p>El divisionismo se acentu\u00f3 cuando el anhelo de Calder\u00f3n consist\u00eda en que Ernesto Cordero fuera el candidato panista en las elecciones presidenciales.<\/p>\n<p>En los comicios del 2012, el PAN cay\u00f3 al tercer lugar y desde entonces los panistas tienen como idea principal la reconstrucci\u00f3n de su partido.<\/p>\n<p>Juan Ignacio por su cercan\u00eda con la familia presidencial era un referente obligado para saber hacia d\u00f3nde se dirig\u00eda Acci\u00f3n Nacional.<\/p>\n<p>A ra\u00edz de las elecciones internas en el PAN, se agudiz\u00f3 su pugna contra Madero, quien dicho sea de paso, gan\u00f3 la presidencia del Comit\u00e9 Ejecutivo Nacional (CEN) del PAN.<\/p>\n<p>Mientras\u00a0 Margarita seguir\u00e1 en el partido y seg\u00fan se dijo, buscar\u00e1 una curul en San L\u00e1zaro, en la pr\u00f3xima legislatura.<\/p>\n<p style=\"text-align: center;\"><strong>LOS DISCURSOS CONTRA \u00a0 LA DELINCUENCIA<\/strong><\/p>\n<p>En teor\u00eda, el gobierno de Jalisco realiza una lucha ejemplar contra la delincuencia organizada; pero en la realidad la situaci\u00f3n es diferente.\u00a0 El gobernador Arist\u00f3teles Sandoval D\u00edaz siempre se ufana de las acciones que emprenden las autoridades para brindar seguridad a los jaliscienses.<\/p>\n<p>Sin embargo,\u00a0 los asesinatos del diputado federal Gabriel G\u00f3mez Michel y de su chofer Heriberto N\u00fa\u00f1ez reflejaron que en aquella entidad, los criminales se desenvuelven sin temor a las autoridades.<\/p>\n<p>El legislador y su asistente fueron secuestrados a plena luz del d\u00eda, la tarde del lunes, en una avenida principal del municipio de Tlaquepaque, Jalisco.\u00a0 Hubo testigos y una c\u00e1mara de video-vigilancia grab\u00f3 el momento del doble plagio.\u00a0 Una de las personas que presenci\u00f3 el hecho, se comunic\u00f3 a la polic\u00eda, pero esta lleg\u00f3 tarde y le reportaron a su jefe que no hab\u00eda novedad.\u00a0 Horas despu\u00e9s, Gabriel y\u00a0 Heriberto fueron encontrados calcinados en el interior de su camioneta en una barranca del municipio de Apulco, en Zacatecas. El gobernador de Jalisco, Arist\u00f3teles Sandoval dijo que \u201cestos hechos no quedar\u00e1n impunes, vamos a ir hasta las \u00faltimas consecuencias\u201d. Ojal\u00e1, porque el reto de la delincuencia a las autoridades sembr\u00f3 de terror a los jaliscienses que conocen muy bien los discursos demag\u00f3gicos del mandatario estatal. Por otra parte, la bancada pri\u00edsta en San L\u00e1zaro, que coordina el diputado Manlio Fabio Beltrones,\u00a0 se pronunci\u00f3 por el esclarecimiento del asesinato del legislador Gabriel G\u00f3mez Michel.<\/p>\n<p style=\"text-align: center;\"><strong>UN TRIUNFO\u00a0ANUNCIADO<\/strong><\/p>\n<p>\u201cLos Chuchos\u201d seguir\u00e1n como due\u00f1os del Partido de la Revoluci\u00f3n Democr\u00e1tica (PRD). Por el momento sus adversarios pol\u00edticos no encuentran al candidato que pudiera contrarrestar su fuerza pol\u00edtica.\u00a0 Como se sabe, Carlos Navarrete, el candidato de Jes\u00fas Zambrano y Jes\u00fas Ortega, es el seguro ganador de las elecciones internas de los perredistas, el pr\u00f3ximo mes de octubre.<\/p>\n<p>Ante ese triunfo inevitable, las tribus antichuchistas no encuentran la f\u00f3rmula para ganar o por lo menos hacerle cosquillas a Carlos Navarrete. Ni Cuauht\u00e9moc C\u00e1rdenas, el l\u00edder moral del PRD, ni Marcelo Ebrard tienen inter\u00e9s alguno en participar como candidatos de las tribus.<\/p>\n<p>Ren\u00e9 Bejarano, que dirige uno de los grupos m\u00e1s importantes en el PRD nuevamente ser\u00e1 derrotado por los \u201cChuchos\u201d de Nueva Izquierda (NI).<\/p>\n<p><em><a href=\"mailto:aco2742@hotmail.com\" target=\"_blank\">aco2742@hotmail.com<\/a><\/em><\/p>\n","protected":false},"excerpt":{"rendered":"<p><span style=\"color: #005497;\"><strong>Augusto Corro<\/strong><\/span><\/p>\n","protected":false},"author":1,"featured_media":0,"comment_status":"open","ping_status":"open","sticky":false,"template":"","format":"standard","meta":{"_monsterinsights_skip_tracking":false,"_monsterinsights_sitenote_active":false,"_monsterinsights_sitenote_note":"","_monsterinsights_sitenote_category":0,"footnotes":""},"categories":[157],"tags":[43686,43674,11515],"class_list":["post-190566","post","type-post","status-publish","format-standard","hentry","category-augusto-corro","tag-augusto-corro","tag-opinion","tag-punto-por-punto"],"_links":{"self":[{"href":"https:\/\/www.diarioimagen.net\/index.php?rest_route=\/wp\/v2\/posts\/190566","targetHints":{"allow":["GET"]}}],"collection":[{"href":"https:\/\/www.diarioimagen.net\/index.php?rest_route=\/wp\/v2\/posts"}],"about":[{"href":"https:\/\/www.diarioimagen.net\/index.php?rest_route=\/wp\/v2\/types\/post"}],"author":[{"embeddable":true,"href":"https:\/\/www.diarioimagen.net\/index.php?rest_route=\/wp\/v2\/users\/1"}],"replies":[{"embeddable":true,"href":"https:\/\/www.diarioimagen.net\/index.php?rest_route=%2Fwp%2Fv2%2Fcomments&post=190566"}],"version-history":[{"count":0,"href":"https:\/\/www.diarioimagen.net\/index.php?rest_route=\/wp\/v2\/posts\/190566\/revisions"}],"wp:attachment":[{"href":"https:\/\/www.diarioimagen.net\/index.php?rest_route=%2Fwp%2Fv2%2Fmedia&parent=190566"}],"wp:term":[{"taxonomy":"category","embeddable":true,"href":"https:\/\/www.diarioimagen.net\/index.php?rest_route=%2Fwp%2Fv2%2Fcategories&post=190566"},{"taxonomy":"post_tag","embeddable":true,"href":"https:\/\/www.diarioimagen.net\/index.php?rest_route=%2Fwp%2Fv2%2Ftags&post=190566"}],"curies":[{"name":"wp","href":"https:\/\/api.w.org\/{rel}","templated":true}]}}