{"id":190610,"date":"2014-09-25T20:42:08","date_gmt":"2014-09-26T01:42:08","guid":{"rendered":"http:\/\/www.diarioimagen.net\/?p=190610"},"modified":"2014-09-26T05:55:18","modified_gmt":"2014-09-26T10:55:18","slug":"odisseo-se-encuentra-en-dias-de-fuego","status":"publish","type":"post","link":"https:\/\/www.diarioimagen.net\/?p=190610","title":{"rendered":"Odisseo se encuentra en \u201cD\u00edas de fuego\u201d"},"content":{"rendered":"<ul>\n<li><strong><em>Asegura que ser\u00e1 espectacular su concierto programado para este s\u00e1bado 27 de septiembre en el Teatro de la Ciudad \u201cEsperanza Iris\u201d<\/em><\/strong><\/li>\n<\/ul>\n<h5><strong>Por Arturo Arellano<\/strong><\/h5>\n<div id=\"attachment_190611\" style=\"width: 250px\" class=\"wp-caption alignleft\"><img loading=\"lazy\" decoding=\"async\" aria-describedby=\"caption-attachment-190611\" class=\"size-medium wp-image-190611\" src=\"http:\/\/www.diarioimagen.net\/wp-content\/uploads\/2014\/09\/odisseo-portal-240x135.jpg\" alt=\"Odisseo es una banda nacida en 2010, cuando en Ecatepec, Estado de M\u00e9xico, Daniel, Edgar y Manuel arrancan con una aventura que hoy contin\u00faa creciendo a pasos agigantados.\" width=\"240\" height=\"135\" srcset=\"https:\/\/www.diarioimagen.net\/wp-content\/uploads\/2014\/09\/odisseo-portal-240x135.jpg 240w, https:\/\/www.diarioimagen.net\/wp-content\/uploads\/2014\/09\/odisseo-portal-420x236.jpg 420w, https:\/\/www.diarioimagen.net\/wp-content\/uploads\/2014\/09\/odisseo-portal-235x132.jpg 235w, https:\/\/www.diarioimagen.net\/wp-content\/uploads\/2014\/09\/odisseo-portal-202x114.jpg 202w, https:\/\/www.diarioimagen.net\/wp-content\/uploads\/2014\/09\/odisseo-portal-350x196.jpg 350w, https:\/\/www.diarioimagen.net\/wp-content\/uploads\/2014\/09\/odisseo-portal-220x123.jpg 220w, https:\/\/www.diarioimagen.net\/wp-content\/uploads\/2014\/09\/odisseo-portal-237x132.jpg 237w, https:\/\/www.diarioimagen.net\/wp-content\/uploads\/2014\/09\/odisseo-portal.jpg 480w\" sizes=\"auto, (max-width: 240px) 100vw, 240px\" \/><p id=\"caption-attachment-190611\" class=\"wp-caption-text\">Odisseo es una banda nacida en 2010, cuando en Ecatepec, Estado de M\u00e9xico, Daniel, Edgar y Manuel arrancan con una aventura que hoy contin\u00faa creciendo a pasos agigantados.<\/p><\/div>\n<p>Odisseo es una banda de rock alternativo con toques de balada rom\u00e1ntica y pop de los a\u00f1os setentas y ochentas en espa\u00f1ol, nacida en el 2010, cuando en el municipio de Ecatepec, Estado de M\u00e9xico, Daniel, Edgar y Manuel arrancan con una aventura que hoy contin\u00faa creciendo a pasos agigantados, ya que despu\u00e9s de una exitosa participaci\u00f3n en la semana de las juventudes, preparan ahora un show espectacular y completo para presentar su nuevo material discogr\u00e1fico \u201cD\u00edas de fuego\u201d, ma\u00f1ana 27 de septiembre en el majestuoso Teatro de la Ciudad \u201cEsperanza Iris\u201d.<\/p>\n<p>Para hablar de ello, Esteban Gonz\u00e1lez, vocalista de la agrupaci\u00f3n, sostuvo una entrevista con <strong>DIARIOIMAGEN<\/strong>. \u201c\u00c9ste es nuestro segundo material de larga duraci\u00f3n, despu\u00e9s de haber hecho \u2018Los Salvajes\u2019 y otros trabajos que le fueron dando forma a lo que hoy es Odisseo, creo que se nota una evoluci\u00f3n de la banda y es por ello que decidimos titular as\u00ed el disco, porque es lo que estamos viviendo: \u2018D\u00edas de fuego\u2019, d\u00edas de cambio, de ser una banda menor, trabajar y ahora poder hacer cosas importantes\u201d.<\/p>\n<p>De las letras se\u00f1al\u00f3, \u201cson experiencias nuestras, puedo decir que surgen de manera org\u00e1nica y son ahora m\u00e1s universales, en este disco tenemos algunas canciones que la gente puede bailar, pero a\u00fan las letras hablan de amor, desamor, deseo, soledad, cambios, como en un principio, que fue por lo que nombramos as\u00ed a la banda, por unir las palabras odio y deseo, que son sentimientos con los que la gente siempre podr\u00e1 identificarse\u201d.<\/p>\n<p>Luego adelant\u00f3 que en el Teatro de la Ciudad el pr\u00f3ximo 27 de septiembre ofrecer\u00e1n un show sin precedente, \u201ccontaremos con una banda abridora que se llama \u2018Camilo S\u00e9ptimo\u2019, son amigos nuestros y consideramos adecuado invitarlos, darles la oportunidad, en \u00e9ste que ser\u00e1 nuestro primer <em>show<\/em> completo en un recinto de semejante tama\u00f1o, ser\u00e1 tanto para gente que no nos conoce como para los fans, porque tocaremos todas las canciones, de modo que para los que no nos conocen, es buen momento para que se den una oportunidad de escucharnos\u201d.<\/p>\n<p>Finalmente, dijo que la banda est\u00e1 comprometida con seguir creciendo. \u201cTenemos que evolucionar para alcanzar la permanencia, ir m\u00e1s all\u00e1, escribiendo y componiendo, siempre alertas a los comentarios\u201d, concluy\u00f3.<\/p>\n","protected":false},"excerpt":{"rendered":"<p>Odisseo es una banda de rock alternativo con toques de balada rom\u00e1ntica y pop de los a\u00f1os setentas y ochentas en espa\u00f1ol, nacida en el 2010, cuando en el municipio de Ecatepec, Estado de M\u00e9xico, Daniel, Edgar y Manuel arrancan con una aventura que hoy contin\u00faa creciendo a pasos agigantados, ya que despu\u00e9s de una exitosa participaci\u00f3n en la semana de las juventudes, preparan ahora un show espectacular y completo para presentar su nuevo material discogr\u00e1fico \u201cD\u00edas de fuego\u201d, ma\u00f1ana 27 de septiembre en el majestuoso Teatro de la Ciudad \u201cEsperanza Iris\u201d.<\/p>\n","protected":false},"author":5,"featured_media":190611,"comment_status":"open","ping_status":"open","sticky":false,"template":"","format":"standard","meta":{"_monsterinsights_skip_tracking":false,"_monsterinsights_sitenote_active":false,"_monsterinsights_sitenote_note":"","_monsterinsights_sitenote_category":0,"footnotes":""},"categories":[17,5],"tags":[454,43682,43675,2857],"class_list":["post-190610","post","type-post","status-publish","format-standard","has-post-thumbnail","hentry","category-especiales","category-estado-de-mexico","tag-ecatepec","tag-espectaculos","tag-estado-de-mexico","tag-teatro-de-la-ciudad"],"_links":{"self":[{"href":"https:\/\/www.diarioimagen.net\/index.php?rest_route=\/wp\/v2\/posts\/190610","targetHints":{"allow":["GET"]}}],"collection":[{"href":"https:\/\/www.diarioimagen.net\/index.php?rest_route=\/wp\/v2\/posts"}],"about":[{"href":"https:\/\/www.diarioimagen.net\/index.php?rest_route=\/wp\/v2\/types\/post"}],"author":[{"embeddable":true,"href":"https:\/\/www.diarioimagen.net\/index.php?rest_route=\/wp\/v2\/users\/5"}],"replies":[{"embeddable":true,"href":"https:\/\/www.diarioimagen.net\/index.php?rest_route=%2Fwp%2Fv2%2Fcomments&post=190610"}],"version-history":[{"count":0,"href":"https:\/\/www.diarioimagen.net\/index.php?rest_route=\/wp\/v2\/posts\/190610\/revisions"}],"wp:featuredmedia":[{"embeddable":true,"href":"https:\/\/www.diarioimagen.net\/index.php?rest_route=\/wp\/v2\/media\/190611"}],"wp:attachment":[{"href":"https:\/\/www.diarioimagen.net\/index.php?rest_route=%2Fwp%2Fv2%2Fmedia&parent=190610"}],"wp:term":[{"taxonomy":"category","embeddable":true,"href":"https:\/\/www.diarioimagen.net\/index.php?rest_route=%2Fwp%2Fv2%2Fcategories&post=190610"},{"taxonomy":"post_tag","embeddable":true,"href":"https:\/\/www.diarioimagen.net\/index.php?rest_route=%2Fwp%2Fv2%2Ftags&post=190610"}],"curies":[{"name":"wp","href":"https:\/\/api.w.org\/{rel}","templated":true}]}}