{"id":190624,"date":"2014-09-26T00:09:48","date_gmt":"2014-09-26T05:09:48","guid":{"rendered":"http:\/\/www.diarioimagen.net\/?p=190624"},"modified":"2014-09-26T03:41:21","modified_gmt":"2014-09-26T08:41:21","slug":"inicia-simposio-internacional-sobre-la-mariposa-monarca","status":"publish","type":"post","link":"https:\/\/www.diarioimagen.net\/?p=190624","title":{"rendered":"Inicia simposio internacional sobre la mariposa monarca"},"content":{"rendered":"<ul>\n<li><strong><em>El gobierno del Estado de M\u00e9xico contribuye al establecer acciones y estrategias de conservaci\u00f3n, protecci\u00f3n y cuidado de la reserva ecol\u00f3gica<\/em><\/strong><\/li>\n<\/ul>\n<div id=\"attachment_190699\" style=\"width: 250px\" class=\"wp-caption alignleft\"><a href=\"http:\/\/www.diarioimagen.net\/wp-content\/uploads\/2014\/09\/mariposa-monarca-2451.jpg\"><img loading=\"lazy\" decoding=\"async\" aria-describedby=\"caption-attachment-190699\" class=\"size-medium wp-image-190699\" src=\"http:\/\/www.diarioimagen.net\/wp-content\/uploads\/2014\/09\/mariposa-monarca-2451-240x135.jpg\" alt=\"Eduardo Gasca Pliego, secretario de Desarrollo Agropecuario y presidente del Gabinete Regional XV Valle de Bravo, en representaci\u00f3n del gobernador Eruviel \u00c1vila Villegas, inaugur\u00f3 este encuentro.\" width=\"240\" height=\"135\" srcset=\"https:\/\/www.diarioimagen.net\/wp-content\/uploads\/2014\/09\/mariposa-monarca-2451-240x135.jpg 240w, https:\/\/www.diarioimagen.net\/wp-content\/uploads\/2014\/09\/mariposa-monarca-2451-420x236.jpg 420w, https:\/\/www.diarioimagen.net\/wp-content\/uploads\/2014\/09\/mariposa-monarca-2451-235x132.jpg 235w, https:\/\/www.diarioimagen.net\/wp-content\/uploads\/2014\/09\/mariposa-monarca-2451-202x114.jpg 202w, https:\/\/www.diarioimagen.net\/wp-content\/uploads\/2014\/09\/mariposa-monarca-2451-350x196.jpg 350w, https:\/\/www.diarioimagen.net\/wp-content\/uploads\/2014\/09\/mariposa-monarca-2451-220x123.jpg 220w, https:\/\/www.diarioimagen.net\/wp-content\/uploads\/2014\/09\/mariposa-monarca-2451-237x132.jpg 237w, https:\/\/www.diarioimagen.net\/wp-content\/uploads\/2014\/09\/mariposa-monarca-2451.jpg 480w\" sizes=\"auto, (max-width: 240px) 100vw, 240px\" \/><\/a><p id=\"caption-attachment-190699\" class=\"wp-caption-text\">Eduardo Gasca Pliego, secretario de Desarrollo Agropecuario y presidente del Gabinete Regional XV Valle de Bravo, en representaci\u00f3n del gobernador Eruviel \u00c1vila Villegas, inaugur\u00f3 este encuentro.<\/p><\/div>\n<p><strong>Valle de Bravo, Estado de M\u00e9xico<\/strong>.- Acad\u00e9micos, investigadores y especialistas participan en el Segundo Simposio Internacional de Investigaci\u00f3n y Conservaci\u00f3n de la Mariposa Monarca, cuyos aportes formar\u00e1n parte de la agenda medioambiental del gobierno de la Rep\u00fablica, por lo que el gobierno del Estado de M\u00e9xico contribuye para implementar acciones y estrategias de conservaci\u00f3n, protecci\u00f3n y cuidado de la Reserva de la Biosfera Mariposa Monarca.<\/p>\n<p>Eduardo Gasca Pliego, secretario de Desarrollo Agropecuario y presidente del Gabinete Regional XV Valle de Bravo, en representaci\u00f3n del gobernador Eruviel \u00c1vila Villegas, inaugur\u00f3 este encuentro, el cual, dijo, es un esfuerzo de colaboraci\u00f3n institucional liderada por la Secretar\u00eda de Medio Ambiente y Recursos Naturales (Semarnat), en coordinaci\u00f3n con los gobiernos de los Estados de M\u00e9xico y Michoac\u00e1n y la Alianza World Wildlife Dund WWF -Telcel.<\/p>\n<p>Omar Olvera Herreros, director general del Instituto Estatal de Energ\u00eda y Cambio Clim\u00e1tico, de la Secretar\u00eda del Medio Ambiente, entreg\u00f3 un cheque por 3 millones de pesos a la WWF, y precis\u00f3 que dicha aportaci\u00f3n es resultado del convenio Peso a Peso entre ambas instancias, para la conservaci\u00f3n, protecci\u00f3n y cuidado de la Reserva de la Biosfera Mariposa Monarca.<\/p>\n<p>Rosalinda Ben\u00edtez Gonz\u00e1lez, secretaria de Turismo mexiquense, destac\u00f3 que en la entidad se promueve un turismo sustentable y responsable en el que todos asumen el compromiso de proteger a la mariposa monarca, que cada a\u00f1o llega a los bosques mexiquenses y de Michoac\u00e1n.<\/p>\n<p>Mauro Ballesteros Figueroa, secretario de Urbanismo y Medio Ambiente del gobierno de Michoac\u00e1n, agradeci\u00f3 a los gobiernos federal y del Estado de M\u00e9xico por el apoyo a la investigaci\u00f3n de la mariposa monarca, as\u00ed como la disposici\u00f3n por trabajar de la mano con la sociedad, en bien de las poblaciones a donde llega cada a\u00f1o la emblem\u00e1tica mariposa.<\/p>\n<p>Luis Fueyto Mcdonald, comisionado Nacional de \u00c1reas Naturales Protegidas y Jorge Ricard, representante de la WWF en M\u00e9xico, reconocieron el apoyo decidido y las acciones que el gobierno mexiquense ha realizado para conservar en buen estado los tres santuarios de la mariposa monarca que existen en la entidad: Piedra Herrada en Temascaltepec, Capul\u00edn-Macheros en Donato Guerra y La Mesa en San Jos\u00e9 del Rinc\u00f3n.<\/p>\n<p>El simposio tendr\u00e1 las conferencias magistrales de Scott Hoffman Black, director ejecutivo de IUCN; Wolfang Haider, investigador de la Universidad Simon Fraser y Carlos Galindo Leal de la CONABIO.<\/p>\n","protected":false},"excerpt":{"rendered":"<p>Acad\u00e9micos, investigadores y especialistas participan en el Segundo Simposio Internacional de Investigaci\u00f3n y Conservaci\u00f3n de la Mariposa Monarca, cuyos aportes formar\u00e1n parte de la agenda medioambiental del gobierno de la Rep\u00fablica, por lo que el gobierno del Estado de M\u00e9xico contribuye para implementar acciones y estrategias de conservaci\u00f3n, protecci\u00f3n y cuidado de la Reserva de la Biosfera Mariposa Monarca.<\/p>\n","protected":false},"author":3,"featured_media":190699,"comment_status":"open","ping_status":"open","sticky":false,"template":"","format":"standard","meta":{"_monsterinsights_skip_tracking":false,"_monsterinsights_sitenote_active":false,"_monsterinsights_sitenote_note":"","_monsterinsights_sitenote_category":0,"footnotes":""},"categories":[5],"tags":[43675,7338,1458],"class_list":["post-190624","post","type-post","status-publish","format-standard","has-post-thumbnail","hentry","category-estado-de-mexico","tag-estado-de-mexico","tag-mariposa-monarca","tag-valle-de-bravo"],"_links":{"self":[{"href":"https:\/\/www.diarioimagen.net\/index.php?rest_route=\/wp\/v2\/posts\/190624","targetHints":{"allow":["GET"]}}],"collection":[{"href":"https:\/\/www.diarioimagen.net\/index.php?rest_route=\/wp\/v2\/posts"}],"about":[{"href":"https:\/\/www.diarioimagen.net\/index.php?rest_route=\/wp\/v2\/types\/post"}],"author":[{"embeddable":true,"href":"https:\/\/www.diarioimagen.net\/index.php?rest_route=\/wp\/v2\/users\/3"}],"replies":[{"embeddable":true,"href":"https:\/\/www.diarioimagen.net\/index.php?rest_route=%2Fwp%2Fv2%2Fcomments&post=190624"}],"version-history":[{"count":0,"href":"https:\/\/www.diarioimagen.net\/index.php?rest_route=\/wp\/v2\/posts\/190624\/revisions"}],"wp:featuredmedia":[{"embeddable":true,"href":"https:\/\/www.diarioimagen.net\/index.php?rest_route=\/wp\/v2\/media\/190699"}],"wp:attachment":[{"href":"https:\/\/www.diarioimagen.net\/index.php?rest_route=%2Fwp%2Fv2%2Fmedia&parent=190624"}],"wp:term":[{"taxonomy":"category","embeddable":true,"href":"https:\/\/www.diarioimagen.net\/index.php?rest_route=%2Fwp%2Fv2%2Fcategories&post=190624"},{"taxonomy":"post_tag","embeddable":true,"href":"https:\/\/www.diarioimagen.net\/index.php?rest_route=%2Fwp%2Fv2%2Ftags&post=190624"}],"curies":[{"name":"wp","href":"https:\/\/api.w.org\/{rel}","templated":true}]}}