{"id":190627,"date":"2014-09-26T00:06:09","date_gmt":"2014-09-26T05:06:09","guid":{"rendered":"http:\/\/www.diarioimagen.net\/?p=190627"},"modified":"2014-09-29T04:10:09","modified_gmt":"2014-09-29T09:10:09","slug":"una-vision-humanista-del-ejercito","status":"publish","type":"post","link":"https:\/\/www.diarioimagen.net\/?p=190627","title":{"rendered":"Una visi\u00f3n humanista del Ej\u00e9rcito"},"content":{"rendered":"<h2>Arco Norte<\/h2>\n<h5>Jos\u00e9 Luis Monta\u00f1ez Aguilar<\/h5>\n<p>&nbsp;<\/p>\n<div id=\"attachment_190694\" style=\"width: 250px\" class=\"wp-caption alignleft\"><a href=\"http:\/\/www.diarioimagen.net\/wp-content\/uploads\/2014\/09\/eruviel-2451.jpg\"><img loading=\"lazy\" decoding=\"async\" aria-describedby=\"caption-attachment-190694\" class=\"size-medium wp-image-190694\" src=\"http:\/\/www.diarioimagen.net\/wp-content\/uploads\/2014\/09\/eruviel-2451-240x160.jpg\" alt=\"El Seminario \u201cLa Defensa Nacional del Estado Mexicano; Ciclo 2014, Las Fuerzas Armadas Mexicanas, una Visi\u00f3n Humanista Para la Conformaci\u00f3n y Defensa del Estado Mexicano, fue clausurado por el gobernador Eruviel \u00c1vila Villegas, junto con los titulares de la Sedena y de la Marina Armada de M\u00e9xico, Salvador Cienfuegos Zepeda y Vidal Francisco Sober\u00f3n Sanz, respectivamente.\" width=\"240\" height=\"160\" srcset=\"https:\/\/www.diarioimagen.net\/wp-content\/uploads\/2014\/09\/eruviel-2451-240x160.jpg 240w, https:\/\/www.diarioimagen.net\/wp-content\/uploads\/2014\/09\/eruviel-2451-420x280.jpg 420w, https:\/\/www.diarioimagen.net\/wp-content\/uploads\/2014\/09\/eruviel-2451.jpg 1200w\" sizes=\"auto, (max-width: 240px) 100vw, 240px\" \/><\/a><p id=\"caption-attachment-190694\" class=\"wp-caption-text\">El Seminario \u201cLa Defensa Nacional del Estado Mexicano; Ciclo 2014, Las Fuerzas Armadas Mexicanas, una Visi\u00f3n Humanista Para la Conformaci\u00f3n y Defensa del Estado Mexicano, fue clausurado por el gobernador Eruviel \u00c1vila Villegas, junto con los titulares de la Sedena y de la Marina Armada de M\u00e9xico, Salvador Cienfuegos Zepeda y Vidal Francisco Sober\u00f3n Sanz, respectivamente.<\/p><\/div>\n<p>El gobernador Eruviel \u00c1vila Villegas, junto con los titulares de la Sedena y de la Marina Armada de M\u00e9xico, Salvador Cienfuegos Zepeda y Vidal Francisco Sober\u00f3n Sanz, respectivamente, clausur\u00f3 el seminario \u201cLa Defensa Nacional del Estado Mexicano; Ciclo 2014, las Fuerzas Armadas Mexicanas, una Visi\u00f3n Humanista para la Conformaci\u00f3n y Defensa del Estado Mexicano\u201d. El mandatario mexiquense estuvo en la mesa magistral \u201cLa igualdad sustantiva de oportunidades como un principio esencial de las Fuerzas Armadas, para coadyuvar a que M\u00e9xico alcance su m\u00e1ximo potencial\u201d, en la que participaron Marcela Eternod Ar\u00e1mburo, secretar\u00eda ejecutiva del Instituto Nacional de las Mujeres y la diputada Rosalba de la Cruz Requena, secretaria de la Comisi\u00f3n de Igualdad de G\u00e9nero de la C\u00e1mara de Diputados federal.<\/p>\n<p style=\"text-align: center;\"><strong>Suspenden clases en Edomex<\/strong><\/p>\n<p>Con el prop\u00f3sito de que los Consejos T\u00e9cnicos Escolares realicen su primera sesi\u00f3n de trabajo del ciclo 2014-2015, hoy se suspender\u00e1n clases en todos los planteles de educaci\u00f3n b\u00e1sica de la entidad, como lo establece el calendario emitido por la Secretar\u00eda de Educaci\u00f3n P\u00fablica. Estos \u00f3rganos deliberativos tienen por objetivo identificar, analizar, atender, dar seguimiento y evaluar situaciones de mejora educativa en beneficio de los estudiantes de cada centro escolar. Est\u00e1n conformados por los directivos y maestros de cada instituci\u00f3n y se rigen a partir de los principios de equidad, pertinencia, eficiencia y eficacia. El Calendario Escolar para el Ciclo 2014-2015 fij\u00f3 del 11 al 15 de agosto pasado como fechas para su organizaci\u00f3n.<\/p>\n<p><em><a href=\"mailto:montanezaguilar@gmail.com\" target=\"_blank\">montanezaguilar@gmail.com<\/a><\/em><\/p>\n","protected":false},"excerpt":{"rendered":"<p><span style=\"color: #005497;\"><strong>Jos\u00e9 Luis Monta\u00f1ez Aguilar<\/strong><\/span><br \/>\n<br \/>\nEl gobernador Eruviel \u00c1vila Villegas, junto con los titulares de la Sedena y de la Marina Armada de M\u00e9xico, Salvador Cienfuegos Zepeda y Vidal Francisco Sober\u00f3n Sanz, respectivamente, clausur\u00f3 el seminario \u201cLa Defensa Nacional del Estado Mexicano; Ciclo 2014, las Fuerzas Armadas Mexicanas, una Visi\u00f3n Humanista para la Conformaci\u00f3n y Defensa del Estado Mexicano\u201d.<\/p>\n","protected":false},"author":3,"featured_media":190694,"comment_status":"open","ping_status":"open","sticky":false,"template":"","format":"standard","meta":{"_monsterinsights_skip_tracking":false,"_monsterinsights_sitenote_active":false,"_monsterinsights_sitenote_note":"","_monsterinsights_sitenote_category":0,"footnotes":""},"categories":[5],"tags":[13284,43704,43674],"class_list":["post-190627","post","type-post","status-publish","format-standard","has-post-thumbnail","hentry","category-estado-de-mexico","tag-arco-norte","tag-jose-luis-montanez-aguilar","tag-opinion"],"_links":{"self":[{"href":"https:\/\/www.diarioimagen.net\/index.php?rest_route=\/wp\/v2\/posts\/190627","targetHints":{"allow":["GET"]}}],"collection":[{"href":"https:\/\/www.diarioimagen.net\/index.php?rest_route=\/wp\/v2\/posts"}],"about":[{"href":"https:\/\/www.diarioimagen.net\/index.php?rest_route=\/wp\/v2\/types\/post"}],"author":[{"embeddable":true,"href":"https:\/\/www.diarioimagen.net\/index.php?rest_route=\/wp\/v2\/users\/3"}],"replies":[{"embeddable":true,"href":"https:\/\/www.diarioimagen.net\/index.php?rest_route=%2Fwp%2Fv2%2Fcomments&post=190627"}],"version-history":[{"count":0,"href":"https:\/\/www.diarioimagen.net\/index.php?rest_route=\/wp\/v2\/posts\/190627\/revisions"}],"wp:featuredmedia":[{"embeddable":true,"href":"https:\/\/www.diarioimagen.net\/index.php?rest_route=\/wp\/v2\/media\/190694"}],"wp:attachment":[{"href":"https:\/\/www.diarioimagen.net\/index.php?rest_route=%2Fwp%2Fv2%2Fmedia&parent=190627"}],"wp:term":[{"taxonomy":"category","embeddable":true,"href":"https:\/\/www.diarioimagen.net\/index.php?rest_route=%2Fwp%2Fv2%2Fcategories&post=190627"},{"taxonomy":"post_tag","embeddable":true,"href":"https:\/\/www.diarioimagen.net\/index.php?rest_route=%2Fwp%2Fv2%2Ftags&post=190627"}],"curies":[{"name":"wp","href":"https:\/\/api.w.org\/{rel}","templated":true}]}}