{"id":190629,"date":"2014-09-26T00:07:49","date_gmt":"2014-09-26T05:07:49","guid":{"rendered":"http:\/\/www.diarioimagen.net\/?p=190629"},"modified":"2014-09-26T03:48:18","modified_gmt":"2014-09-26T08:48:18","slug":"la-tuta-ha-convertido-a-michoacan-en-una-telenovela-aureoles","status":"publish","type":"post","link":"https:\/\/www.diarioimagen.net\/?p=190629","title":{"rendered":"<em>La Tuta<\/em> ha convertido a Michoac\u00e1n en una telenovela: Aureoles"},"content":{"rendered":"<h2>Tras la puerta del poder<\/h2>\n<h5>Roberto Vizca\u00edno<\/h5>\n<p>&nbsp;<\/p>\n<ul>\n<li><strong><em>El presidente de los diputados federales dice que hasta parece ya una broma todo lo referente al <\/em>templario<\/strong><\/li>\n<li><strong><em>La Secretar\u00eda de la Funci\u00f3n P\u00fablica ha logrado reintegrar m\u00e1s de 6 mil millones de pesos a la Tesorer\u00eda<\/em><\/strong><\/li>\n<li><strong><em>Osorio Chong afirm\u00f3 ayer que hay instrucciones de respetar plenamente el debido proceso<\/em><\/strong><\/li>\n<\/ul>\n<div id=\"attachment_190711\" style=\"width: 250px\" class=\"wp-caption alignleft\"><a href=\"http:\/\/www.diarioimagen.net\/wp-content\/uploads\/2014\/09\/de-ninguna-LUIS-XAVIER-2451.jpg\" target=\"_blank\"><img loading=\"lazy\" decoding=\"async\" aria-describedby=\"caption-attachment-190711\" class=\"size-medium wp-image-190711\" src=\"http:\/\/www.diarioimagen.net\/wp-content\/uploads\/2014\/09\/de-ninguna-LUIS-XAVIER-2451-240x185.jpg\" alt=\"De ninguna... | Luis Xavier\" width=\"240\" height=\"185\" srcset=\"https:\/\/www.diarioimagen.net\/wp-content\/uploads\/2014\/09\/de-ninguna-LUIS-XAVIER-2451-240x185.jpg 240w, https:\/\/www.diarioimagen.net\/wp-content\/uploads\/2014\/09\/de-ninguna-LUIS-XAVIER-2451-420x323.jpg 420w, https:\/\/www.diarioimagen.net\/wp-content\/uploads\/2014\/09\/de-ninguna-LUIS-XAVIER-2451.jpg 1200w\" sizes=\"auto, (max-width: 240px) 100vw, 240px\" \/><\/a><p id=\"caption-attachment-190711\" class=\"wp-caption-text\">De ninguna&#8230; | Luis Xavier<\/p><\/div>\n<p>El presidente de la C\u00e1mara de Diputados, el perredista michoacano Silvano Aureoles, afirm\u00f3 ayer que es inadmisible que un solo delincuente tenga en jaque al Estado mexicano, sin que ninguna autoridad pueda someterlo.<\/p>\n<p>Consider\u00f3 que no s\u00f3lo es inadmisible, sino muy vergonzoso, que Servando G\u00f3mez, alias <em>La Tuta,<\/em> haya convertido a Michoac\u00e1n en una telenovela de la cual medios y ciudadanos est\u00e1n pendientes todos los d\u00edas.<\/p>\n<p>\u201cMichoac\u00e1n no puede depender de un delincuente; un delincuente que traiga a todos de arriba para abajo, ll\u00e1mese como se llame\u2026 refleja lo limitado de la capacidad de la autoridad para entregar resultados en la materia.<\/p>\n<p>\u201c\u00a1Ya se convirti\u00f3 en una historia de diario!&#8230; el siguiente cap\u00edtulo del caso de Michoac\u00e1n. Empieza a ser un poco vergonzante\u201d, precis\u00f3 Aureoles.<\/p>\n<p>Indic\u00f3 que todo lo que ocurre alrededor de <em>La Tuta<\/em> y sus videos, de la inutilidad de las acciones en su contra, de que sigue libre pese a que todos los funcionarios del \u00e1rea de seguridad dicen que anda a salto de mata, ya hasta suena a broma.<\/p>\n<p>Comenta Aureoles que es tr\u00e1gico que los michoacanos hagan la broma con eso de que este delincuente anda a <em>salto de mata<\/em>, y lo transformen en que \u201cs\u00ed, los funcionarios tienen raz\u00f3n, <em>La Tuta<\/em> tiene rato que asalta y mata\u201d.<\/p>\n<p style=\"text-align: center;\"><strong>HONORES<\/strong><\/p>\n<p>El presidente de la C\u00e1mara de Diputados hizo sus comentarios luego de que encabez\u00f3 los honores al diputado federal Gabriel G\u00f3mez Michel y a su colaborador, Heriberto N\u00fa\u00f1ez Ramos, quienes fueron levantados y asesinados por criminales en Jalisco.<\/p>\n<p>Aureoles expreso la solidaridad de todos los diputados federales con la familia de ambos, y un amplio reconocimiento al diputado G\u00f3mez Michel a quien todos en San L\u00e1zaro, dijo, recuerdan como un hombre serio, humanista, comprometido con su trabajo y con su vocaci\u00f3n de servicio.<\/p>\n<p>\u201cSu muerte es el resultado de un acto violento perpetrado por la delincuencia. Es un hecho que nos consterna a las diputadas y a los diputados, y a la ciudadan\u00eda en general.<\/p>\n<p>\u201cNo queremos que la muerte del diputado G\u00f3mez Michel forme parte de las estad\u00edsticas como un n\u00famero m\u00e1s de muertes en este pa\u00eds, porque el problema de la inseguridad que se vive en M\u00e9xico es un asunto grave que demanda la firme participaci\u00f3n del Estado mexicano.<\/p>\n<p>\u201cNo podemos acostumbrarnos a que el crimen y la violencia se sigan cobijando con la impunidad. Por ello, pedimos el esclarecimiento inmediato de estos hechos, as\u00ed como la decidida actuaci\u00f3n de la autoridad competente para que se haga justicia\u201d, dijo para luego pedir un minuto de silencio al pleno en su memoria.<\/p>\n<p style=\"text-align: center;\"><strong>CR\u00cdTICA IMPL\u00cdCITA<\/strong><\/p>\n<p>Cuidadoso conforme a su estilo, el secretario de Gobernaci\u00f3n, Miguel \u00c1ngel Osorio Chong, advirti\u00f3 que el \u00e1rea de seguridad del gobierno del presidente Enrique Pe\u00f1a Nieto tiene instrucciones de ajustarse estrictamente al debido proceso en todos los casos en que se act\u00faa contra la delincuencia, a fin de evitar que los criminales puedan ser absueltos debido a fallas en los procedimientos.<\/p>\n<p>El comentario lo hizo ante la absoluci\u00f3n de Mart\u00edn Beltr\u00e1n Coronel, hecha por el juez Segundo de Distrito de Procesos Penales Federales en Jalisco, quien determin\u00f3 que en su aprehensi\u00f3n hubo violaciones al debido proceso.<\/p>\n<p>Mart\u00edn\u00a0Beltr\u00e1n Coronel, alias <em>El \u00c1guila<\/em> &#8211;sobrino de Ignacio Nacho Coronel, a quien relev\u00f3 en 2010 como jefe de plaza del c\u00e1rtel de Sinaloa en Jalisco, luego de la muerte del capo&#8211;, fue detenido el 12 de mayo de 2011 por militares durante un operativo en Zapopan. El gobierno de Felipe Calder\u00f3n afirm\u00f3 que\u00a0Nacho Coronel y luego Mart\u00edn Beltr\u00e1n Coronel, junto con Ismael <em>El Mayo<\/em> Zambada y Joaqu\u00edn <em>El Chapo<\/em> Guzm\u00e1n, dirig\u00edan en ese momento el c\u00e1rtel de Sinaloa en el pa\u00eds.<\/p>\n<p>Durante el juicio de <em>El \u00c1guila<\/em>, el juez corrobor\u00f3 que las declaraciones de los testigos protegidos utilizados en contra de Mart\u00edn, no eran veraces y de que fueron inducidas por agentes ministeriales.<\/p>\n<p>De igual forma, qued\u00f3 establecido que los militares que lo capturaron no cumplieron con el debido proceso. En s\u00edntesis: el material probatorio presentado entonces por la PGR no fue suficiente para acreditar plenamente su participaci\u00f3n en narcotr\u00e1fico.<\/p>\n<p>Osorio indic\u00f3 que este caso y otros est\u00e1n siendo revisados a fondo por la PGR a fin de no incurrir en los mismos errores que se cometieron en el pasado reciente y que han provocado que delincuentes sean liberados por jueces debido a que no se cumpli\u00f3 con el debido proceso.<\/p>\n<p style=\"text-align: center;\"><strong>UNA BUENA<\/strong><\/p>\n<p>Para documentar el optimismo de los mexicanos que todav\u00eda creen en las instituciones, la Secretar\u00eda de la Funci\u00f3n P\u00fablica encabezada por Juli\u00e1n Olivas Ugalde, inform\u00f3 ayer que durante el primer trimestre de este 2014 reintegr\u00f3 a la Tesorer\u00eda de la Federaci\u00f3n, y a las tesorer\u00edas de los estados, 2 mil 868.7 millones de pesos.<\/p>\n<p>Estos cuantiosos recursos fueron recuperados durante las revisiones practicadas por esta dependencia, y sus \u00d3rganos Internos de Control, las OIC\u00b4s, que el a\u00f1o pasado, incluyendo diciembre de 2012, lograron reintegrar de igual manera otros 3 mil 245.9 millones de pesos.<\/p>\n<p>Estos reembolsos son independientes de los procedentes de las sanciones a los servidores p\u00fablicos, que corresponde realizar a otras autoridades, indic\u00f3 la SFP.<\/p>\n<p>En el mismo trimestre de este 2014, CompraNet ejecut\u00f3 56 mil 552 contratos en materia de adquisiciones, arrendamientos, servicios y obras p\u00fablicas, por un monto total de 241 mil 163 millones de pesos mientras que el a\u00f1o pasado se registraron 61 mil 595 contrataciones, por un total de 146 mil 769 millones.<\/p>\n<p>De igual manera, la SFP design\u00f3 a 80 testigos sociales; a diferencia de los 39 registrados el primer semestre de 2013; los 46 correspondientes a 2012, y los 41 testigos sociales nombrados en el mismo lapso de 2011.<\/p>\n<p>Mediante todas estas acciones la dependencia avanza no s\u00f3lo en contener la corrupci\u00f3n dentro del sector p\u00fablico, sino en transparentar el manejo de recursos p\u00fablicos.<\/p>\n<p style=\"text-align: center;\"><strong>RECONOCIMIENTO<\/strong><\/p>\n<p>La que se ha ganado un buen espacio en el \u00e1nimo de servidores y empresarios tur\u00edsticos, y ni qu\u00e9 decir entre la poblaci\u00f3n de Baja California Sur es la secretaria de Turismo, Claudia Ruiz Massieu, quien fue comisionada por el presidente Enrique Pe\u00f1a Nieto como coordinadora de los trabajos de rehabilitaci\u00f3n y atenci\u00f3n de la conflictiva situaci\u00f3n que dej\u00f3 el paso de <em>Odile<\/em> por aquella entidad.<\/p>\n<p>A decir de los titulares de las otras dependencias involucradas en ese esfuerzo, la titular de Sectur ha demostrado una buena mano pol\u00edtica que no ha ni confrontado ni pasado por encima de las \u00e1reas de las otras instituciones.<\/p>\n<p>As\u00ed, como coordinadora de las labores interinstitucionales en Baja California Sur, Ruiz Massieu le ha entregado reportes diarios a su jefe, el presidente Pe\u00f1a Nieto, que lo han mantenido informado paso a paso de todo lo que cada uno de los involucrados ha hecho.<\/p>\n<p>El esfuerzo tampoco ha dejado de lado un hecho: que Baja California Sur es un estado eminentemente tur\u00edstico, que recaba anualmente miles de millones de d\u00f3lares y que es considerado como el destino vacacional m\u00e1s exclusivo y caro de M\u00e9xico. As\u00ed, a \u00a010 d\u00edas del paso de <em>Odile<\/em>, la entidad est\u00e1 ya de pie y en franca recuperaci\u00f3n y con fuertes perspectivas de lograr una buena cobertura para atender a los turistas de fin de a\u00f1o, una de las temporadas m\u00e1s altas en este destino.<\/p>\n<p>Al d\u00eda de ayer, la acci\u00f3n de las dependencias bajo su coordinaci\u00f3n ha permitido, en materia de atenci\u00f3n ciudadana, de acuerdo a informaci\u00f3n proporcionada por la Secretar\u00eda de Gobernaci\u00f3n la distribuci\u00f3n entre los habitantes de Los Cabos, Comond\u00fa, Loreto, Muleg\u00e9 y La Paz de\u00a0 79 mil 280 despensas, 13 mil 892 colchonetas, 20 mil 350 cobertores, 19 mil 695 kits de aseo, 3 mil 975 kits de limpieza y 220 mil 650 litros de agua embotellada, sin contar con la recuperaci\u00f3n de la red el\u00e9ctrica y de agua potable.<\/p>\n<p><em><a href=\"mailto:rvizcainoa@gmail.com\">rvizcainoa@gmail.com<\/a><\/em><\/p>\n","protected":false},"excerpt":{"rendered":"<p><span style=\"color: #005497;\"><strong>Roberto Vizca\u00edno<\/strong><\/span><br \/>\n<br \/>\nEl presidente de la C\u00e1mara de Diputados, el perredista michoacano Silvano Aureoles, afirm\u00f3 ayer que es inadmisible que un solo delincuente tenga en jaque al Estado mexicano, sin que ninguna autoridad pueda someterlo.<\/p>\n","protected":false},"author":3,"featured_media":190711,"comment_status":"open","ping_status":"open","sticky":false,"template":"","format":"standard","meta":{"_monsterinsights_skip_tracking":false,"_monsterinsights_sitenote_active":false,"_monsterinsights_sitenote_note":"","_monsterinsights_sitenote_category":0,"footnotes":""},"categories":[136],"tags":[43674,93,94],"class_list":["post-190629","post","type-post","status-publish","format-standard","has-post-thumbnail","hentry","category-roberto-vizcaino-opinion","tag-opinion","tag-roberto-vizcaino","tag-tras-la-puerta-del-poder"],"_links":{"self":[{"href":"https:\/\/www.diarioimagen.net\/index.php?rest_route=\/wp\/v2\/posts\/190629","targetHints":{"allow":["GET"]}}],"collection":[{"href":"https:\/\/www.diarioimagen.net\/index.php?rest_route=\/wp\/v2\/posts"}],"about":[{"href":"https:\/\/www.diarioimagen.net\/index.php?rest_route=\/wp\/v2\/types\/post"}],"author":[{"embeddable":true,"href":"https:\/\/www.diarioimagen.net\/index.php?rest_route=\/wp\/v2\/users\/3"}],"replies":[{"embeddable":true,"href":"https:\/\/www.diarioimagen.net\/index.php?rest_route=%2Fwp%2Fv2%2Fcomments&post=190629"}],"version-history":[{"count":0,"href":"https:\/\/www.diarioimagen.net\/index.php?rest_route=\/wp\/v2\/posts\/190629\/revisions"}],"wp:featuredmedia":[{"embeddable":true,"href":"https:\/\/www.diarioimagen.net\/index.php?rest_route=\/wp\/v2\/media\/190711"}],"wp:attachment":[{"href":"https:\/\/www.diarioimagen.net\/index.php?rest_route=%2Fwp%2Fv2%2Fmedia&parent=190629"}],"wp:term":[{"taxonomy":"category","embeddable":true,"href":"https:\/\/www.diarioimagen.net\/index.php?rest_route=%2Fwp%2Fv2%2Fcategories&post=190629"},{"taxonomy":"post_tag","embeddable":true,"href":"https:\/\/www.diarioimagen.net\/index.php?rest_route=%2Fwp%2Fv2%2Ftags&post=190629"}],"curies":[{"name":"wp","href":"https:\/\/api.w.org\/{rel}","templated":true}]}}