{"id":190637,"date":"2014-09-26T00:05:44","date_gmt":"2014-09-26T05:05:44","guid":{"rendered":"http:\/\/www.diarioimagen.net\/?p=190637"},"modified":"2014-09-26T03:48:42","modified_gmt":"2014-09-26T08:48:42","slug":"linajes","status":"publish","type":"post","link":"https:\/\/www.diarioimagen.net\/?p=190637","title":{"rendered":"Linajes"},"content":{"rendered":"<h2>De frente y de perfil<\/h2>\n<h5>Ram\u00f3n Zurita Sahag\u00fan<\/h5>\n<p>&nbsp;<\/p>\n<p>Sucede en las mejores familias (aunque no deja de inquietar a los ortodoxos), que pol\u00edticos con linaje abandonen las filas del partido en que militaron.<\/p>\n<p>No se sabe, hasta ahora, que Juan Ignacio Zavala renunci\u00f3 al PAN para formar parte de otro partido pol\u00edtico o postularse como candidato independiente.<\/p>\n<p>Para algunos, su salida, sirve para mostrar el deterioro que vive Acci\u00f3n Nacional bajo la presidencia de Gustavo E. Madero, para otros deja en claro que Zavala nunca alcanz\u00f3 el status de su padre y de su hermana.<\/p>\n<p>Juan Ignacio particip\u00f3 en tres campa\u00f1as presidenciales (como \u00e9l mismo dice), dejando en claro su calidad de asesor, consejero y hasta analista de los temas pol\u00edticos, pero jam\u00e1s fue un referente dentro del PAN.<\/p>\n<p>Se aleja del partido en el que milit\u00f3, como antes lo hicieron otros personajes con mayor peso pol\u00edtico dentro de Acci\u00f3n Nacional, sin que ello significase mayor cosa, m\u00e1s que la sorpresa del momento y del anuncio.<\/p>\n<p>Es cierto que la renuncia de Zavala mete mayor ruido por la circunstancia que dentro de los grupos en pugna por el control del partido se encuentran el grupo calderonista (al que Juan Ignacio pertenec\u00eda) y el de Madero, que mantiene la presidencia del partido.<\/p>\n<p>Pero ello no significa que se produzca la renuncia masiva de los ahora llamados corderistas, principalmente cuando existe un proyecto a futuro que es la construcci\u00f3n de la eventual candidatura presidencial de Margarita Zavala, la hermana menor de Juan Ignacio.<\/p>\n<p>La propia Margarita ha expresado su intenci\u00f3n de competir por una candidatura a la C\u00e1mara de Diputados para la legislatura LXIII, que de alcanzarla, la situar\u00eda en la posibilidad de coordinar a la bancada de su partido.<\/p>\n<p>Tal vez sea por eso que se maneja la posibilidad de que Gustavo E. Madero sea una opci\u00f3n para el Congreso de la Uni\u00f3n y mantendr\u00eda la posibilidad de coordinar a dicha bancada.<\/p>\n<p>\u00a1M\u00e1s claro o transparente se quiere la disputa por el poder dentro de Acci\u00f3n Nacional!<\/p>\n<p>La renuncia de Juan Ignacio solamente es un eslab\u00f3n de algo m\u00e1s grande que podr\u00eda producirse dentro del partido blanquiazul, aunque eso har\u00eda crisis hasta pasada la contienda electoral del 2015, antes no, ya que la rebanada del pastel que se avecina es sumamente apetitosa.<\/p>\n<p style=\"text-align: center;\"><strong>RENUNCIANTES<\/strong><\/p>\n<p>Dentro de los partidos pol\u00edticos las desbandadas son una constante, sin que ello signifique la muerte del partido.<\/p>\n<p>Tal vez, una de las m\u00e1s significativas haya sido la de Cuauht\u00e9moc C\u00e1rdenas Sol\u00f3rzano al PRI, ya que se trataba del hijo de uno de los grandes \u00edconos de ese partido: L\u00e1zaro C\u00e1rdenas del R\u00edo.<\/p>\n<p>Es cierto que la salida de Cuauht\u00e9moc y su posterior candidatura presidencial les hizo un boquete a los tricolores, por la cantidad de militantes y dirigentes que los siguieron.<\/p>\n<p>Pero los pri\u00edstas est\u00e1n acostumbrados a eso, ya que sus principales adversarios en las urnas, hasta antes de la conquista presidencial por parte del PAN, hab\u00edan sido los propios pri\u00edstas renunciantes, como fueron los casos de Ezequiel Padilla, Miguel Henr\u00edquez Guzm\u00e1n y el mencionado C\u00e1rdenas Sol\u00f3rzano.<\/p>\n<p>En el caso de los panistas, las cosas no llegan a ese extremo, ya que han sufrido el \u00e9xodo de algunos de sus candidatos presidenciales, como fueron los casos de Pablo Emilio Madero y Jos\u00e9 Gonz\u00e1lez Torres, entre otros, sin que se alterara el orden de las cosas.<\/p>\n<p>Dos de los hijos de otro candidato presidencial de Acci\u00f3n Nacional tambi\u00e9n renunciaron a su militancia en ese partido, Manuel y Tatiana Clouthier Carrillo, hijos de \u201cMaqu\u00edo\u201d.<\/p>\n<p style=\"text-align: center;\"><strong>\u00a0LOS MICHOACANOS<\/strong><\/p>\n<p>\u00a0Ayer mencion\u00e1bamos a Puebla como el estado que cuenta con el mayor n\u00famero de senadores en la LXII legislatura, pero hay otro que lo iguala con igual n\u00famero de representantes.<\/p>\n<p>Se trata de Michoac\u00e1n, donde los senadores son igualmente seis, dos de Acci\u00f3n Nacional, dos del PRI y dos del PRD.<\/p>\n<p>Michoac\u00e1n cuenta con 12 distritos federales, mientras que Puebla tiene 15, por debajo de los que tienen en el Estado de M\u00e9xico, Distrito Federal, Jalisco y Veracruz, aunque de ellos solamente el asiento de los poderes de la Uni\u00f3n tiene m\u00e1s de seis senadores, por razones obvias<\/p>\n<p>En el caso de los senadores michoacanos, los de Acci\u00f3n Nacional son de lista de partido (representaci\u00f3n proporcional) y ambos pretenden convertirse en el candidato de su partido para el gobierno estatal, que habr\u00e1 de competir en los comicios del a\u00f1o pr\u00f3ximo.<\/p>\n<p>Luisa Mar\u00eda Calder\u00f3n es la segunda vez que es senadora, mientras que Salvador Vega Casillas es la primera, aunque ya form\u00f3 parte de un gabinete presidencial en su calidad de secretario de la Funci\u00f3n P\u00fablica.<\/p>\n<p>Ascenci\u00f3n Orihuela B\u00e1rcenas y Roc\u00edo Pineda Gochi son los pri\u00edstas que ganaron por mayor\u00eda\u00a0de representar a ese estado ante el Senado de la Rep\u00fablica. El primero de ellos es tambi\u00e9n aspirante a la candidatura de su partido al gobierno estatal.<\/p>\n<p>Ra\u00fal Mor\u00f3n Orozco e Irys Vianey Mendoza, son los senadores emanados del Partido de la Revoluci\u00f3n Democr\u00e1tica, aunque llegaron por dos v\u00edas distintas. El primero lo hizo como parte de la primera minor\u00eda, al perder la elecci\u00f3n ante los pri\u00edstas y la segunda lo hizo por la v\u00eda de la representaci\u00f3n partidista. Ninguno de los dos es prospecto para la candidatura gubernamental de su partido.<\/p>\n<p style=\"text-align: center;\"><strong>CENTROAMERICANOS<\/strong><\/p>\n<p>Los Juegos Centroamericanos ya est\u00e1n a la vuelta de la esquina (inician en noviembre) por lo que el director de la Conade, Jes\u00fas Mena, efectuar\u00e1 una visita a la sede de los mismos en el estado de Veracruz. Mena visitar\u00e1 las instalaciones en las que se efectuar\u00e1n las distintas disciplinas, ya que no habr\u00e1 villa para\u00a0\u00a0el hospedaje de los atletas, sino que se alojar\u00e1n en hoteles.<\/p>\n<p>El director de Conade estar\u00e1 acompa\u00f1ado del presidente del COM, Carlos Padilla, y el gobernador de Veracruz, Javier Duarte.<\/p>\n<p><em><a href=\"mailto:ramonzurita44@hotmail.com\" target=\"_blank\">ramonzurita44@hotmail.com<\/a><\/em><br \/>\n<a href=\"mailto:%20zurita_sahagun@hotmail.com\" target=\"_blank\"><em>zurita_sahagun@hotmail.com<\/em><\/a><\/p>\n","protected":false},"excerpt":{"rendered":"<p><span style=\"color: #005497;\"><strong>Ram\u00f3n Zurita Sahag\u00fan<\/strong><\/span><\/p>\n","protected":false},"author":3,"featured_media":0,"comment_status":"open","ping_status":"open","sticky":false,"template":"","format":"standard","meta":{"_monsterinsights_skip_tracking":false,"_monsterinsights_sitenote_active":false,"_monsterinsights_sitenote_note":"","_monsterinsights_sitenote_category":0,"footnotes":""},"categories":[234],"tags":[304,43674,91,43687],"class_list":["post-190637","post","type-post","status-publish","format-standard","hentry","category-ramon-zurita-sahagun","tag-de-frente-y-de-perfil","tag-opinion","tag-pan","tag-ramon-zurita-sahagun"],"_links":{"self":[{"href":"https:\/\/www.diarioimagen.net\/index.php?rest_route=\/wp\/v2\/posts\/190637","targetHints":{"allow":["GET"]}}],"collection":[{"href":"https:\/\/www.diarioimagen.net\/index.php?rest_route=\/wp\/v2\/posts"}],"about":[{"href":"https:\/\/www.diarioimagen.net\/index.php?rest_route=\/wp\/v2\/types\/post"}],"author":[{"embeddable":true,"href":"https:\/\/www.diarioimagen.net\/index.php?rest_route=\/wp\/v2\/users\/3"}],"replies":[{"embeddable":true,"href":"https:\/\/www.diarioimagen.net\/index.php?rest_route=%2Fwp%2Fv2%2Fcomments&post=190637"}],"version-history":[{"count":0,"href":"https:\/\/www.diarioimagen.net\/index.php?rest_route=\/wp\/v2\/posts\/190637\/revisions"}],"wp:attachment":[{"href":"https:\/\/www.diarioimagen.net\/index.php?rest_route=%2Fwp%2Fv2%2Fmedia&parent=190637"}],"wp:term":[{"taxonomy":"category","embeddable":true,"href":"https:\/\/www.diarioimagen.net\/index.php?rest_route=%2Fwp%2Fv2%2Fcategories&post=190637"},{"taxonomy":"post_tag","embeddable":true,"href":"https:\/\/www.diarioimagen.net\/index.php?rest_route=%2Fwp%2Fv2%2Ftags&post=190637"}],"curies":[{"name":"wp","href":"https:\/\/api.w.org\/{rel}","templated":true}]}}