{"id":190644,"date":"2014-09-26T00:08:32","date_gmt":"2014-09-26T05:08:32","guid":{"rendered":"http:\/\/www.diarioimagen.net\/?p=190644"},"modified":"2014-09-26T03:45:41","modified_gmt":"2014-09-26T08:45:41","slug":"la-uaem-se-compromete-a-mejorar-condiciones-laborales","status":"publish","type":"post","link":"https:\/\/www.diarioimagen.net\/?p=190644","title":{"rendered":"La UAEM se compromete a mejorar condiciones laborales"},"content":{"rendered":"<ul>\n<li><strong><em>Rector asiste a informe del sindicato<\/em><\/strong><\/li>\n<\/ul>\n<div id=\"attachment_190703\" style=\"width: 250px\" class=\"wp-caption alignleft\"><a href=\"http:\/\/www.diarioimagen.net\/wp-content\/uploads\/2014\/09\/UAEM-2451.jpg\"><img loading=\"lazy\" decoding=\"async\" aria-describedby=\"caption-attachment-190703\" class=\"size-medium wp-image-190703\" src=\"http:\/\/www.diarioimagen.net\/wp-content\/uploads\/2014\/09\/UAEM-2451-240x135.jpg\" alt=\"El rector Jorge Olvera Garc\u00eda encabez\u00f3 el Primer Informe de Labores del secretario general del SUTESUAEM, Le\u00f3n Carmona Castillo.\" width=\"240\" height=\"135\" srcset=\"https:\/\/www.diarioimagen.net\/wp-content\/uploads\/2014\/09\/UAEM-2451-240x135.jpg 240w, https:\/\/www.diarioimagen.net\/wp-content\/uploads\/2014\/09\/UAEM-2451-420x236.jpg 420w, https:\/\/www.diarioimagen.net\/wp-content\/uploads\/2014\/09\/UAEM-2451-235x132.jpg 235w, https:\/\/www.diarioimagen.net\/wp-content\/uploads\/2014\/09\/UAEM-2451-202x114.jpg 202w, https:\/\/www.diarioimagen.net\/wp-content\/uploads\/2014\/09\/UAEM-2451-350x196.jpg 350w, https:\/\/www.diarioimagen.net\/wp-content\/uploads\/2014\/09\/UAEM-2451-220x123.jpg 220w, https:\/\/www.diarioimagen.net\/wp-content\/uploads\/2014\/09\/UAEM-2451-237x132.jpg 237w, https:\/\/www.diarioimagen.net\/wp-content\/uploads\/2014\/09\/UAEM-2451.jpg 480w\" sizes=\"auto, (max-width: 240px) 100vw, 240px\" \/><\/a><p id=\"caption-attachment-190703\" class=\"wp-caption-text\">El rector Jorge Olvera Garc\u00eda encabez\u00f3 el Primer Informe de Labores del secretario general del SUTESUAEM, Le\u00f3n Carmona Castillo.<\/p><\/div>\n<p><strong>Toluca, Estado de M\u00e9xico<\/strong>.- La administraci\u00f3n 2013-2017 de la Universidad Aut\u00f3noma del Estado de M\u00e9xico asume con responsabilidad, el compromiso de generar mejores condiciones laborales y salariales para todos los servidores universitarios, con la finalidad de fortalecer las circunstancias dignas para su desempe\u00f1o cotidiano, pues son importantes para el\u00a0 fortalecimiento de esta casa de estudios, asegur\u00f3 el rector Jorge Olvera Garc\u00eda, al encabezar el Primer Informe de Labores del secretario general del Sindicato \u00danico de Trabajadores y Empleados al Servicio de la instituci\u00f3n (SUTESUAEM), Le\u00f3n Carmona Castillo.<\/p>\n<p>Acompa\u00f1ado por el secretario general de la Federaci\u00f3n de Asociaciones Aut\u00f3nomas de Personal Acad\u00e9mico de la UAEM, V\u00edctor Manuel Pineda Guti\u00e9rrez, y servidores universitarios, Olvera Garc\u00eda afirm\u00f3 que una de las prioridades de su administraci\u00f3n es el bienestar del personal universitario.<\/p>\n<p>En el Aula Magna \u201cLic. Adolfo L\u00f3pez Mateos\u201d del Edificio de Rector\u00eda, donde se dieron cita los secretarios generales del SUTEyM, Omar Vel\u00e1zquez Ruiz, y del Sindicato de Maestros al Servicio del Estado de M\u00e9xico, H\u00e9ctor Ulises Castro, as\u00ed como la directora del Trabajo del gobierno de la entidad, Evangelina Lara Alc\u00e1ntara, Olvera Garc\u00eda asever\u00f3 que \u201cvelamos por el cumplimiento escrupuloso del contrato colectivo de trabajo, as\u00ed como la mejora permanente de las capacidades profesionales y competencias laborales de todos los integrantes del SUTESUAEM\u201d.<\/p>\n","protected":false},"excerpt":{"rendered":"<p>La administraci\u00f3n 2013-2017 de la Universidad Aut\u00f3noma del Estado de M\u00e9xico asume con responsabilidad<\/p>\n","protected":false},"author":3,"featured_media":190703,"comment_status":"open","ping_status":"open","sticky":false,"template":"","format":"standard","meta":{"_monsterinsights_skip_tracking":false,"_monsterinsights_sitenote_active":false,"_monsterinsights_sitenote_note":"","_monsterinsights_sitenote_category":0,"footnotes":""},"categories":[5],"tags":[43675,452,1491],"class_list":["post-190644","post","type-post","status-publish","format-standard","has-post-thumbnail","hentry","category-estado-de-mexico","tag-estado-de-mexico","tag-toluca","tag-uaem"],"_links":{"self":[{"href":"https:\/\/www.diarioimagen.net\/index.php?rest_route=\/wp\/v2\/posts\/190644","targetHints":{"allow":["GET"]}}],"collection":[{"href":"https:\/\/www.diarioimagen.net\/index.php?rest_route=\/wp\/v2\/posts"}],"about":[{"href":"https:\/\/www.diarioimagen.net\/index.php?rest_route=\/wp\/v2\/types\/post"}],"author":[{"embeddable":true,"href":"https:\/\/www.diarioimagen.net\/index.php?rest_route=\/wp\/v2\/users\/3"}],"replies":[{"embeddable":true,"href":"https:\/\/www.diarioimagen.net\/index.php?rest_route=%2Fwp%2Fv2%2Fcomments&post=190644"}],"version-history":[{"count":0,"href":"https:\/\/www.diarioimagen.net\/index.php?rest_route=\/wp\/v2\/posts\/190644\/revisions"}],"wp:featuredmedia":[{"embeddable":true,"href":"https:\/\/www.diarioimagen.net\/index.php?rest_route=\/wp\/v2\/media\/190703"}],"wp:attachment":[{"href":"https:\/\/www.diarioimagen.net\/index.php?rest_route=%2Fwp%2Fv2%2Fmedia&parent=190644"}],"wp:term":[{"taxonomy":"category","embeddable":true,"href":"https:\/\/www.diarioimagen.net\/index.php?rest_route=%2Fwp%2Fv2%2Fcategories&post=190644"},{"taxonomy":"post_tag","embeddable":true,"href":"https:\/\/www.diarioimagen.net\/index.php?rest_route=%2Fwp%2Fv2%2Ftags&post=190644"}],"curies":[{"name":"wp","href":"https:\/\/api.w.org\/{rel}","templated":true}]}}