{"id":190982,"date":"2014-09-30T00:07:17","date_gmt":"2014-09-30T05:07:17","guid":{"rendered":"http:\/\/www.diarioimagen.net\/?p=190982"},"modified":"2014-10-01T03:27:43","modified_gmt":"2014-10-01T08:27:43","slug":"eruviel-avila-llama-a-ciudadania-denunciar-la-trata-de-personas","status":"publish","type":"post","link":"https:\/\/www.diarioimagen.net\/?p=190982","title":{"rendered":"Eruviel \u00c1vila llama a ciudadan\u00eda denunciar la trata de personas"},"content":{"rendered":"<ul>\n<li><strong><em>El gobernador mexiquense firm\u00f3 un acuerdo de colaboraci\u00f3n con su hom\u00f3logo de la provincia de C\u00f3rdoba, Argentina, Jos\u00e9 Manuel de la Sota<\/em><\/strong><\/li>\n<\/ul>\n<div id=\"attachment_191053\" style=\"width: 250px\" class=\"wp-caption alignleft\"><a href=\"http:\/\/www.diarioimagen.net\/wp-content\/uploads\/2014\/09\/eruviel-2453.jpg\"><img loading=\"lazy\" decoding=\"async\" aria-describedby=\"caption-attachment-191053\" class=\"size-medium wp-image-191053\" src=\"http:\/\/www.diarioimagen.net\/wp-content\/uploads\/2014\/09\/eruviel-2453-240x135.jpg\" alt=\"El gobernador Eruviel \u00c1vila Villegas y su hom\u00f3logo de C\u00f3rdoba, Argentina, Jos\u00e9 Manuel de la Sota, firmaron un convenio de cooperaci\u00f3n en materia educativa, cient\u00edfica, social y cultural.\" width=\"240\" height=\"135\" srcset=\"https:\/\/www.diarioimagen.net\/wp-content\/uploads\/2014\/09\/eruviel-2453-240x135.jpg 240w, https:\/\/www.diarioimagen.net\/wp-content\/uploads\/2014\/09\/eruviel-2453-420x236.jpg 420w, https:\/\/www.diarioimagen.net\/wp-content\/uploads\/2014\/09\/eruviel-2453-235x132.jpg 235w, https:\/\/www.diarioimagen.net\/wp-content\/uploads\/2014\/09\/eruviel-2453-202x114.jpg 202w, https:\/\/www.diarioimagen.net\/wp-content\/uploads\/2014\/09\/eruviel-2453-350x196.jpg 350w, https:\/\/www.diarioimagen.net\/wp-content\/uploads\/2014\/09\/eruviel-2453-220x123.jpg 220w, https:\/\/www.diarioimagen.net\/wp-content\/uploads\/2014\/09\/eruviel-2453-237x132.jpg 237w, https:\/\/www.diarioimagen.net\/wp-content\/uploads\/2014\/09\/eruviel-2453.jpg 480w\" sizes=\"auto, (max-width: 240px) 100vw, 240px\" \/><\/a><p id=\"caption-attachment-191053\" class=\"wp-caption-text\">El gobernador Eruviel \u00c1vila Villegas y su hom\u00f3logo de C\u00f3rdoba, Argentina, Jos\u00e9 Manuel de la Sota, firmaron un convenio de cooperaci\u00f3n en materia educativa, cient\u00edfica, social y cultural.<\/p><\/div>\n<p><strong>Toluca, Estado de M\u00e9xico<\/strong>.- Ante el gobernador de C\u00f3rdoba, Argentina, Jos\u00e9 Manuel de la Sota, promotor en su pa\u00eds de la abolici\u00f3n de la trata de personas, el gobernador Eruviel \u00c1vila Villegas llam\u00f3 a la ciudadan\u00eda a denunciar la existencia de giros donde se presuma \u00e9ste y otros delitos, y asegur\u00f3 que el gobierno estatal no bajar\u00e1 la guardia en este tema, por lo que hasta el momento se han clausurado m\u00e1s de mil establecimientos en la entidad.<\/p>\n<p>\u201cNo debemos bajar la guardia, no lo vamos a permitir; ya esos lugares que han sido clausurados van a seguir siendo clausurados, no se van a aperturar e inclusive, esperamos la denuncia ciudadana para poder cerrar m\u00e1s este tipo de giros, estos negocios que afectan a la poblaci\u00f3n, donde hay delito de trata de personas\u201d.<\/p>\n<p>En el Sal\u00f3n del Pueblo del Palacio de Gobierno y luego de firmar un convenio de cooperaci\u00f3n en materia educativa, cient\u00edfica, social y cultural con su hom\u00f3logo de C\u00f3rdoba, Argentina, Eruviel \u00c1vila reiter\u00f3 que el Estado de M\u00e9xico es aliado en el combate a la trata de personas, tema en el cual esa provincia sudamericana ha actuado decididamente, logrando que sea declarada libre de esta actividad, al promulgar la ley 10060.<\/p>\n<p>Agreg\u00f3 que el Estado de M\u00e9xico trabaja de manera coordinada con organizaciones no gubernamentales, con presidentes municipales y los poderes p\u00fablicos del Estado de M\u00e9xico, a quienes reconoci\u00f3 su participaci\u00f3n en este tema, ya que la legislatura local aprob\u00f3 reformas en materia sanitaria y a partir de julio de 2013 la licencia para la apertura de sitios con venta de alcohol la expide el gobierno estatal, en tanto el Poder Judicial ejecuta las sentencias contra quienes cometen este il\u00edcito.<\/p>\n<p>A su vez, Jos\u00e9 Manuel de la Sota, gobernador de C\u00f3rdoba, Argentina, reiter\u00f3 su voluntad de trabajar en coordinaci\u00f3n con el Estado de M\u00e9xico, que es motor de crecimiento y desarrollo del pa\u00eds, y destac\u00f3 que luchar contra la trata es hacerlo en favor de la dignidad de las personas y contra la esclavitud laboral.<\/p>\n<p>\u201cQuiero felicitar al querido amigo gobernador de este estado, por su lucha, porque s\u00e9 que \u00e9l ha llevado adelante lo mismo que nosotros hemos hecho en C\u00f3rdoba, la persecuci\u00f3n de aquellos que atentan contra la dignidad de las mujeres, de los trabajadores y de los ni\u00f1os. Lo ha hecho con \u00e9xito y con el apoyo de los organismos no gubernamentales, de las fundaciones y asociaciones de este querido pa\u00eds. Quiero desearle el mayor de los \u00e9xitos, s\u00e9 que nuestro desaf\u00edo no es f\u00e1cil, sin embargo, no hemos dejado de mantener nuestra firmeza, porque estamos convencidos de que la dignidad hace fundamentalmente\u00a0 a la persona humana\u201d.<\/p>\n<p>Rosi Orozco, presidenta de la Comisi\u00f3n Unidos Contra la Trata, reconoci\u00f3 el cierre de establecimientos que promueven la trata de personas en el Estado de M\u00e9xico y destac\u00f3 que la entidad avanza y confi\u00f3 que es posible acabar con este tipo de esclavitud; adem\u00e1s, resalt\u00f3 que por parte del Poder Judicial, hay 12 sentencias por este il\u00edcito, y que en el estado se cumple con los tres ejes rectores del protocolo de Palermo: prevenci\u00f3n, protecci\u00f3n y persecuci\u00f3n del delito.<\/p>\n<p>\u201cEl Estado de M\u00e9xico avanza y un d\u00eda de \u00e9stos podremos decir que se puede acabar con la esclavitud, ha habido naciones que han hecho posible esto cuando hay un gobernante determinado. Cuando vemos el ejemplo del mandatario de la provincia de C\u00f3rdoba, de cerrar todos los giros negros, de cerrar todos los lugares de esclavitud, de una mano firme como la ha tenido el gobernador Eruviel \u00c1vila\u201d.<\/p>\n","protected":false},"excerpt":{"rendered":"<p>Ante el gobernador de C\u00f3rdoba, Argentina, Jos\u00e9 Manuel de la Sota, promotor en su pa\u00eds de la abolici\u00f3n de la trata de personas, el gobernador Eruviel \u00c1vila Villegas llam\u00f3 a la ciudadan\u00eda a denunciar la existencia de giros donde se presuma \u00e9ste y otros delitos, y asegur\u00f3 que el gobierno estatal no bajar\u00e1 la guardia en este tema, por lo que hasta el momento se han clausurado m\u00e1s de mil establecimientos en la entidad.<\/p>\n","protected":false},"author":3,"featured_media":191053,"comment_status":"open","ping_status":"open","sticky":false,"template":"","format":"standard","meta":{"_monsterinsights_skip_tracking":false,"_monsterinsights_sitenote_active":false,"_monsterinsights_sitenote_note":"","_monsterinsights_sitenote_category":0,"footnotes":""},"categories":[5],"tags":[5828,43675,452],"class_list":["post-190982","post","type-post","status-publish","format-standard","has-post-thumbnail","hentry","category-estado-de-mexico","tag-eruviel-avila-villegas","tag-estado-de-mexico","tag-toluca"],"_links":{"self":[{"href":"https:\/\/www.diarioimagen.net\/index.php?rest_route=\/wp\/v2\/posts\/190982","targetHints":{"allow":["GET"]}}],"collection":[{"href":"https:\/\/www.diarioimagen.net\/index.php?rest_route=\/wp\/v2\/posts"}],"about":[{"href":"https:\/\/www.diarioimagen.net\/index.php?rest_route=\/wp\/v2\/types\/post"}],"author":[{"embeddable":true,"href":"https:\/\/www.diarioimagen.net\/index.php?rest_route=\/wp\/v2\/users\/3"}],"replies":[{"embeddable":true,"href":"https:\/\/www.diarioimagen.net\/index.php?rest_route=%2Fwp%2Fv2%2Fcomments&post=190982"}],"version-history":[{"count":0,"href":"https:\/\/www.diarioimagen.net\/index.php?rest_route=\/wp\/v2\/posts\/190982\/revisions"}],"wp:featuredmedia":[{"embeddable":true,"href":"https:\/\/www.diarioimagen.net\/index.php?rest_route=\/wp\/v2\/media\/191053"}],"wp:attachment":[{"href":"https:\/\/www.diarioimagen.net\/index.php?rest_route=%2Fwp%2Fv2%2Fmedia&parent=190982"}],"wp:term":[{"taxonomy":"category","embeddable":true,"href":"https:\/\/www.diarioimagen.net\/index.php?rest_route=%2Fwp%2Fv2%2Fcategories&post=190982"},{"taxonomy":"post_tag","embeddable":true,"href":"https:\/\/www.diarioimagen.net\/index.php?rest_route=%2Fwp%2Fv2%2Ftags&post=190982"}],"curies":[{"name":"wp","href":"https:\/\/api.w.org\/{rel}","templated":true}]}}