{"id":190984,"date":"2014-09-30T00:13:14","date_gmt":"2014-09-30T05:13:14","guid":{"rendered":"http:\/\/www.diarioimagen.net\/?p=190984"},"modified":"2014-09-30T02:57:18","modified_gmt":"2014-09-30T07:57:18","slug":"seguira-el-combate-a-giros-rojos","status":"publish","type":"post","link":"https:\/\/www.diarioimagen.net\/?p=190984","title":{"rendered":"Seguir\u00e1 el combate a giros rojos"},"content":{"rendered":"<h2>Arco Norte<\/h2>\n<h5>Jos\u00e9 Luis Monta\u00f1ez Aguilar<\/h5>\n<p>&nbsp;<\/p>\n<div id=\"attachment_191058\" style=\"width: 250px\" class=\"wp-caption alignleft\"><a href=\"http:\/\/www.diarioimagen.net\/wp-content\/uploads\/2014\/09\/arco-2453.jpg\"><img loading=\"lazy\" decoding=\"async\" aria-describedby=\"caption-attachment-191058\" class=\"size-medium wp-image-191058\" src=\"http:\/\/www.diarioimagen.net\/wp-content\/uploads\/2014\/09\/arco-2453-240x164.jpg\" alt=\"Ante el gobernador de C\u00f3rdoba, Argentina, Jos\u00e9 Manuel de la Sota, promotor en su pa\u00eds de la abolici\u00f3n de la trata de personas, el gobernador Eruviel \u00c1vila Villegas reconoci\u00f3 la participaci\u00f3n de los poderes p\u00fablicos del Estado de M\u00e9xico para el combate a este delito, con la aprobaci\u00f3n de reformas en materia sanitaria y sentencias en contra de quienes cometen esta pr\u00e1ctica.\" width=\"240\" height=\"164\" srcset=\"https:\/\/www.diarioimagen.net\/wp-content\/uploads\/2014\/09\/arco-2453-240x164.jpg 240w, https:\/\/www.diarioimagen.net\/wp-content\/uploads\/2014\/09\/arco-2453-420x287.jpg 420w, https:\/\/www.diarioimagen.net\/wp-content\/uploads\/2014\/09\/arco-2453.jpg 1200w\" sizes=\"auto, (max-width: 240px) 100vw, 240px\" \/><\/a><p id=\"caption-attachment-191058\" class=\"wp-caption-text\">Ante el gobernador de C\u00f3rdoba, Argentina, Jos\u00e9 Manuel de la Sota, promotor en su pa\u00eds de la abolici\u00f3n de la trata de personas, el gobernador Eruviel \u00c1vila Villegas reconoci\u00f3 la participaci\u00f3n de los poderes p\u00fablicos del Estado de M\u00e9xico para el combate a este delito, con la aprobaci\u00f3n de reformas en materia sanitaria y sentencias en contra de quienes cometen esta pr\u00e1ctica.<\/p><\/div>\n<p>El gobernador Eruviel \u00c1vila Villegas llam\u00f3 a la ciudadan\u00eda a denunciar la existencia de giros donde se presuma existe trata de personas, adem\u00e1s de otro tipo de delitos, y asegur\u00f3 que el gobierno estatal no bajar\u00e1 la guardia en este tema, por lo que hasta el momento se han clausurado m\u00e1s de mil establecimientos en la entidad. Ante el gobernador de C\u00f3rdoba, Argentina, Jos\u00e9 Manuel de la Sota, promotor en su pa\u00eds de la abolici\u00f3n de la trata, se\u00f1al\u00f3: \u201cNo debemos bajar la guardia, no lo vamos a permitir; ya esos lugares que han sido clausurados van a seguir siendo clausurados, no se van a aperturar e inclusive, esperamos la denuncia ciudadana para poder cerrar m\u00e1s este tipo de giros, estos negocios que afectan a la poblaci\u00f3n, donde hay delito de trata de personas\u201d. En el Sal\u00f3n del Pueblo del Palacio de Gobierno y luego de firmar un convenio de cooperaci\u00f3n en materia educativa, cient\u00edfica, social y cultural con su hom\u00f3logo de C\u00f3rdoba, Argentina, Eruviel \u00c1vila reiter\u00f3 que el Estado de M\u00e9xico es aliado en el combate a la trata de personas, tema en el cual esa provincia sudamericana ha actuado decididamente, logrando que sea declarada libre de esta actividad, al promulgar la ley 10060. Agreg\u00f3 que el Estado de M\u00e9xico trabaja de manera coordinada con organizaciones no gubernamentales, con presidentes municipales y los poderes p\u00fablicos del Estado de M\u00e9xico, a quienes reconoci\u00f3 su participaci\u00f3n en este tema, ya que la legislatura local aprob\u00f3 reformas en materia sanitaria y a partir de julio de 2013 la licencia para la apertura de sitios con venta de alcohol la expide el gobierno estatal, en tanto el Poder Judicial ejecuta las sentencias contra quienes cometen este il\u00edcito.<\/p>\n<p><em><a href=\"mailto:montanezaguilar@gmail.com\" target=\"_blank\">montanezaguilar@gmail.com<\/a><\/em><\/p>\n","protected":false},"excerpt":{"rendered":"<p><span style=\"color: #005497;\"><strong>Jos\u00e9 Luis Monta\u00f1ez Aguilar<\/strong><\/span><br \/>\n<br \/>\nEl gobernador Eruviel \u00c1vila Villegas llam\u00f3 a la ciudadan\u00eda a denunciar la existencia de giros donde se presuma existe trata de personas, adem\u00e1s de otro tipo de delitos, y asegur\u00f3 que el gobierno estatal no bajar\u00e1 la guardia en este tema, por lo que hasta el momento se han clausurado m\u00e1s de mil establecimientos en la entidad.<\/p>\n","protected":false},"author":3,"featured_media":191058,"comment_status":"open","ping_status":"open","sticky":false,"template":"","format":"standard","meta":{"_monsterinsights_skip_tracking":false,"_monsterinsights_sitenote_active":false,"_monsterinsights_sitenote_note":"","_monsterinsights_sitenote_category":0,"footnotes":""},"categories":[5],"tags":[13284,43704,43674],"class_list":["post-190984","post","type-post","status-publish","format-standard","has-post-thumbnail","hentry","category-estado-de-mexico","tag-arco-norte","tag-jose-luis-montanez-aguilar","tag-opinion"],"_links":{"self":[{"href":"https:\/\/www.diarioimagen.net\/index.php?rest_route=\/wp\/v2\/posts\/190984","targetHints":{"allow":["GET"]}}],"collection":[{"href":"https:\/\/www.diarioimagen.net\/index.php?rest_route=\/wp\/v2\/posts"}],"about":[{"href":"https:\/\/www.diarioimagen.net\/index.php?rest_route=\/wp\/v2\/types\/post"}],"author":[{"embeddable":true,"href":"https:\/\/www.diarioimagen.net\/index.php?rest_route=\/wp\/v2\/users\/3"}],"replies":[{"embeddable":true,"href":"https:\/\/www.diarioimagen.net\/index.php?rest_route=%2Fwp%2Fv2%2Fcomments&post=190984"}],"version-history":[{"count":0,"href":"https:\/\/www.diarioimagen.net\/index.php?rest_route=\/wp\/v2\/posts\/190984\/revisions"}],"wp:featuredmedia":[{"embeddable":true,"href":"https:\/\/www.diarioimagen.net\/index.php?rest_route=\/wp\/v2\/media\/191058"}],"wp:attachment":[{"href":"https:\/\/www.diarioimagen.net\/index.php?rest_route=%2Fwp%2Fv2%2Fmedia&parent=190984"}],"wp:term":[{"taxonomy":"category","embeddable":true,"href":"https:\/\/www.diarioimagen.net\/index.php?rest_route=%2Fwp%2Fv2%2Fcategories&post=190984"},{"taxonomy":"post_tag","embeddable":true,"href":"https:\/\/www.diarioimagen.net\/index.php?rest_route=%2Fwp%2Fv2%2Ftags&post=190984"}],"curies":[{"name":"wp","href":"https:\/\/api.w.org\/{rel}","templated":true}]}}