{"id":191056,"date":"2014-09-30T00:07:16","date_gmt":"2014-09-30T05:07:16","guid":{"rendered":"http:\/\/www.diarioimagen.net\/?p=191056"},"modified":"2014-09-30T03:26:11","modified_gmt":"2014-09-30T08:26:11","slug":"mexico-presenta-sus-avances-en-salud","status":"publish","type":"post","link":"https:\/\/www.diarioimagen.net\/?p=191056","title":{"rendered":"M\u00e9xico presenta sus avances en salud"},"content":{"rendered":"<ul>\n<li><strong><em>Reuni\u00f3n de la OPS en Washington<\/em><\/strong><\/li>\n<\/ul>\n<div id=\"attachment_191089\" style=\"width: 250px\" class=\"wp-caption alignleft\"><a href=\"http:\/\/www.diarioimagen.net\/wp-content\/uploads\/2014\/09\/mercedes-juan-2453.jpg\" target=\"_blank\"><img loading=\"lazy\" decoding=\"async\" aria-describedby=\"caption-attachment-191089\" class=\"size-medium wp-image-191089\" src=\"http:\/\/www.diarioimagen.net\/wp-content\/uploads\/2014\/09\/mercedes-juan-2453-240x135.jpg\" alt=\"Mercedes Juan L\u00f3pez, titular de la Secretar\u00eda de Salud, durante su participaci\u00f3n en la reuni\u00f3n de la OPS.\" width=\"240\" height=\"135\" srcset=\"https:\/\/www.diarioimagen.net\/wp-content\/uploads\/2014\/09\/mercedes-juan-2453-240x135.jpg 240w, https:\/\/www.diarioimagen.net\/wp-content\/uploads\/2014\/09\/mercedes-juan-2453-420x236.jpg 420w, https:\/\/www.diarioimagen.net\/wp-content\/uploads\/2014\/09\/mercedes-juan-2453-235x132.jpg 235w, https:\/\/www.diarioimagen.net\/wp-content\/uploads\/2014\/09\/mercedes-juan-2453-202x114.jpg 202w, https:\/\/www.diarioimagen.net\/wp-content\/uploads\/2014\/09\/mercedes-juan-2453-350x196.jpg 350w, https:\/\/www.diarioimagen.net\/wp-content\/uploads\/2014\/09\/mercedes-juan-2453-220x123.jpg 220w, https:\/\/www.diarioimagen.net\/wp-content\/uploads\/2014\/09\/mercedes-juan-2453-237x132.jpg 237w, https:\/\/www.diarioimagen.net\/wp-content\/uploads\/2014\/09\/mercedes-juan-2453.jpg 480w\" sizes=\"auto, (max-width: 240px) 100vw, 240px\" \/><\/a><p id=\"caption-attachment-191089\" class=\"wp-caption-text\">Mercedes Juan L\u00f3pez, titular de la Secretar\u00eda de Salud, durante su participaci\u00f3n en la reuni\u00f3n de la OPS.<\/p><\/div>\n<p><strong>Washington, EU<\/strong>.- M\u00e9xico present\u00f3 ayer sus avances en materia de cobertura m\u00e9dica universal, control de obesidad infantil y diabetes, entre otros, en la reuni\u00f3n de ministros de la Organizaci\u00f3n Panamericana de Salud (OPS).<\/p>\n<p>La secretaria de Salud de M\u00e9xico, Mercedes Juan L\u00f3pez, participa en el 53 encuentro del Consejo Directivo de la OPS en la capital estadunidense, donde ministros del ramo abordar\u00e1n esta semana las prioridades sanitarias en las Am\u00e9ricas.<\/p>\n<p>\u201cM\u00e9xico ha trabajado fundamentalmente en la cobertura universal que se destaca como uno de los temas de esta reuni\u00f3n y tambi\u00e9n en uno muy importante coordinado por el propio se\u00f1or presidente de la Rep\u00fablica, que es el de la obesidad, sobre todo en poblaci\u00f3n infantil, y diabetes\u201d, declar\u00f3 Juan L\u00f3pez.<\/p>\n<p>Record\u00f3 que el presidente Enrique Pe\u00f1a Nieto lanz\u00f3 la Estrategia Nacional de Prevenci\u00f3n y Control de Sobrepeso, Obesidad y Diabetes en octubre de 2013, en un trabajo conjunto entre el gobierno, la sociedad y la industria.<\/p>\n<p>Uno de los temas prioritarios de la cita de la OPS este a\u00f1o es la obesidad y diabetes en el rubro de \u201cinclusi\u00f3n de los determinantes sociales de la salud y las enfermedades no transmisibles\u201d.<\/p>\n<p>La funcionaria mexicana dijo que su pa\u00eds trabaj\u00f3 su estrategia en tres ejes, por un lado la salud p\u00fablica que incluye las campa\u00f1as, la educaci\u00f3n, as\u00ed como los lineamientos para las escuelas en materia de alimentos y bebidas que se coordinaron con la Secretar\u00eda de Educaci\u00f3n P\u00fablica y la Secretar\u00eda de Salud.<\/p>\n","protected":false},"excerpt":{"rendered":"<p>M\u00e9xico present\u00f3 ayer sus avances en materia de cobertura m\u00e9dica universal, control de obesidad infantil y diabetes, entre otros, en la reuni\u00f3n de ministros de la Organizaci\u00f3n Panamericana de Salud (OPS).<\/p>\n","protected":false},"author":3,"featured_media":191089,"comment_status":"open","ping_status":"open","sticky":false,"template":"","format":"standard","meta":{"_monsterinsights_skip_tracking":false,"_monsterinsights_sitenote_active":false,"_monsterinsights_sitenote_note":"","_monsterinsights_sitenote_category":0,"footnotes":""},"categories":[877],"tags":[2786,25540,43692,336],"class_list":["post-191056","post","type-post","status-publish","format-standard","has-post-thumbnail","hentry","category-salud","tag-eu","tag-mercedes-juan-lopez","tag-salud","tag-washington"],"_links":{"self":[{"href":"https:\/\/www.diarioimagen.net\/index.php?rest_route=\/wp\/v2\/posts\/191056","targetHints":{"allow":["GET"]}}],"collection":[{"href":"https:\/\/www.diarioimagen.net\/index.php?rest_route=\/wp\/v2\/posts"}],"about":[{"href":"https:\/\/www.diarioimagen.net\/index.php?rest_route=\/wp\/v2\/types\/post"}],"author":[{"embeddable":true,"href":"https:\/\/www.diarioimagen.net\/index.php?rest_route=\/wp\/v2\/users\/3"}],"replies":[{"embeddable":true,"href":"https:\/\/www.diarioimagen.net\/index.php?rest_route=%2Fwp%2Fv2%2Fcomments&post=191056"}],"version-history":[{"count":0,"href":"https:\/\/www.diarioimagen.net\/index.php?rest_route=\/wp\/v2\/posts\/191056\/revisions"}],"wp:featuredmedia":[{"embeddable":true,"href":"https:\/\/www.diarioimagen.net\/index.php?rest_route=\/wp\/v2\/media\/191089"}],"wp:attachment":[{"href":"https:\/\/www.diarioimagen.net\/index.php?rest_route=%2Fwp%2Fv2%2Fmedia&parent=191056"}],"wp:term":[{"taxonomy":"category","embeddable":true,"href":"https:\/\/www.diarioimagen.net\/index.php?rest_route=%2Fwp%2Fv2%2Fcategories&post=191056"},{"taxonomy":"post_tag","embeddable":true,"href":"https:\/\/www.diarioimagen.net\/index.php?rest_route=%2Fwp%2Fv2%2Ftags&post=191056"}],"curies":[{"name":"wp","href":"https:\/\/api.w.org\/{rel}","templated":true}]}}