{"id":191122,"date":"2014-10-01T00:03:53","date_gmt":"2014-10-01T05:03:53","guid":{"rendered":"http:\/\/www.diarioimagen.net\/?p=191122"},"modified":"2014-10-02T05:37:09","modified_gmt":"2014-10-02T10:37:09","slug":"policias-mataron-estudiantes-aguirre","status":"publish","type":"post","link":"https:\/\/www.diarioimagen.net\/?p=191122","title":{"rendered":"Los polic\u00edas mataron a estudiantes: \u00c1ngel Aguirre"},"content":{"rendered":"<ul>\n<li><em><strong>Y comando de encapuchados dispar\u00f3 contra autob\u00fas del equipo de futbol Los Avispones de Chilpancingo<\/strong><\/em><\/li>\n<\/ul>\n<div id=\"attachment_191123\" style=\"width: 250px\" class=\"wp-caption alignleft\"><img loading=\"lazy\" decoding=\"async\" aria-describedby=\"caption-attachment-191123\" class=\"wp-image-191123 size-medium\" src=\"http:\/\/www.diarioimagen.net\/wp-content\/uploads\/2014\/09\/iguala-portal-240x135.jpg\" alt=\"Acapulco.- Polic\u00edas ministeriales trasladan a polic\u00edas municipales de Iguala detenidos. \" width=\"240\" height=\"135\" srcset=\"https:\/\/www.diarioimagen.net\/wp-content\/uploads\/2014\/09\/iguala-portal-240x135.jpg 240w, https:\/\/www.diarioimagen.net\/wp-content\/uploads\/2014\/09\/iguala-portal-420x236.jpg 420w, https:\/\/www.diarioimagen.net\/wp-content\/uploads\/2014\/09\/iguala-portal-235x132.jpg 235w, https:\/\/www.diarioimagen.net\/wp-content\/uploads\/2014\/09\/iguala-portal-202x114.jpg 202w, https:\/\/www.diarioimagen.net\/wp-content\/uploads\/2014\/09\/iguala-portal-350x196.jpg 350w, https:\/\/www.diarioimagen.net\/wp-content\/uploads\/2014\/09\/iguala-portal-220x123.jpg 220w, https:\/\/www.diarioimagen.net\/wp-content\/uploads\/2014\/09\/iguala-portal-237x132.jpg 237w, https:\/\/www.diarioimagen.net\/wp-content\/uploads\/2014\/09\/iguala-portal.jpg 480w\" sizes=\"auto, (max-width: 240px) 100vw, 240px\" \/><p id=\"caption-attachment-191123\" class=\"wp-caption-text\">El gobernador de Guerrero, \u00c1ngel Aguirre, confirm\u00f3 que fueron los polic\u00edas de Iguala quienes asesinaron a los estudiantes de la normal de Ayotzinapa.<\/p><\/div>\n<p>El gobernador de Guerrero, \u00c1ngel Aguirre, afirm\u00f3 que polic\u00edas del municipio de Iguala son los responsables de las muertes de los estudiantes de la Normal de Ayotzinapa.<\/p>\n<p>Dijo que \u201cseg\u00fan las declaraciones que hemos recogido de polic\u00edas municipales, \u00e9stos fueron apedreados; en ese momento, sin respetar ning\u00fan protocolo, accionaron sus armas y ah\u00ed fue donde mataron a dos de los j\u00f3venes de la Escuela Normal Rural de Ayotzinapa\u201d.<\/p>\n<p>Explic\u00f3 que el viernes le fue reportado que los normalistas pretend\u00edan, desde Chilpancingo, tomar camiones; sin embargo, la Polic\u00eda se los impidi\u00f3, por lo que se trasladaron a Iguala. Ah\u00ed lograron apoderarse de tres camiones y cuando pretend\u00edan salir fue cuando se dio el enfrentamiento con polic\u00edas.<\/p>\n<p>El mandatario dijo que despu\u00e9s de este primer enfrentamiento en Iguala, pasada la media noche se da el otro enfrentamiento, cuando los estudiantes daban una conferencia de prensa. Reconoci\u00f3 que en el municipio de Iguala hay presencia del grupo criminal de Guerreros Unidos, mientras que en Chilpancingo est\u00e1n Los Rojos.<\/p>\n<p>Aguirre tambi\u00e9n asegur\u00f3 que fue un comando de encapuchados el que dispar\u00f3 contra el autob\u00fas en el que viajaba el equipo de futbol Los Avispones de Chilpancingo. \u201cNo eran polic\u00edas, se trataba de un comando con pasamonta\u00f1as, cubiertos, les hicieron algunas r\u00e1fagas\u201d. A las 12:00 de la noche el comando armado dispar\u00f3 contra el autob\u00fas en el que viajaban los futbolistas, hechos en los que muri\u00f3 un ni\u00f1o de 15 a\u00f1os, el chofer y una mujer que viajaba en un taxi.<\/p>\n<p>En tanto, Uriel Alonso Ortiz, representante del comit\u00e9 estudiantil de la Escuela Normal de Ayotzinapa, confirm\u00f3 que ya contactaron a 13 de sus compa\u00f1eros y que falta localizar a 43 j\u00f3venes desaparecidos.<\/p>\n","protected":false},"excerpt":{"rendered":"<p>El gobernador de Guerrero, \u00c1ngel Aguirre, afirm\u00f3 que polic\u00edas del municipio de Iguala son los responsables de las muertes de los estudiantes de la Normal de Ayotzinapa.<\/p>\n","protected":false},"author":5,"featured_media":191123,"comment_status":"open","ping_status":"open","sticky":false,"template":"","format":"standard","meta":{"_monsterinsights_skip_tracking":false,"_monsterinsights_sitenote_active":false,"_monsterinsights_sitenote_note":"","_monsterinsights_sitenote_category":0,"footnotes":""},"categories":[3],"tags":[1676,43673,1126],"class_list":["post-191122","post","type-post","status-publish","format-standard","has-post-thumbnail","hentry","category-nacional","tag-matanza","tag-nacional","tag-policias"],"_links":{"self":[{"href":"https:\/\/www.diarioimagen.net\/index.php?rest_route=\/wp\/v2\/posts\/191122","targetHints":{"allow":["GET"]}}],"collection":[{"href":"https:\/\/www.diarioimagen.net\/index.php?rest_route=\/wp\/v2\/posts"}],"about":[{"href":"https:\/\/www.diarioimagen.net\/index.php?rest_route=\/wp\/v2\/types\/post"}],"author":[{"embeddable":true,"href":"https:\/\/www.diarioimagen.net\/index.php?rest_route=\/wp\/v2\/users\/5"}],"replies":[{"embeddable":true,"href":"https:\/\/www.diarioimagen.net\/index.php?rest_route=%2Fwp%2Fv2%2Fcomments&post=191122"}],"version-history":[{"count":0,"href":"https:\/\/www.diarioimagen.net\/index.php?rest_route=\/wp\/v2\/posts\/191122\/revisions"}],"wp:featuredmedia":[{"embeddable":true,"href":"https:\/\/www.diarioimagen.net\/index.php?rest_route=\/wp\/v2\/media\/191123"}],"wp:attachment":[{"href":"https:\/\/www.diarioimagen.net\/index.php?rest_route=%2Fwp%2Fv2%2Fmedia&parent=191122"}],"wp:term":[{"taxonomy":"category","embeddable":true,"href":"https:\/\/www.diarioimagen.net\/index.php?rest_route=%2Fwp%2Fv2%2Fcategories&post=191122"},{"taxonomy":"post_tag","embeddable":true,"href":"https:\/\/www.diarioimagen.net\/index.php?rest_route=%2Fwp%2Fv2%2Ftags&post=191122"}],"curies":[{"name":"wp","href":"https:\/\/api.w.org\/{rel}","templated":true}]}}