{"id":191187,"date":"2014-10-01T00:07:29","date_gmt":"2014-10-01T05:07:29","guid":{"rendered":"http:\/\/www.diarioimagen.net\/?p=191187"},"modified":"2014-10-01T03:41:57","modified_gmt":"2014-10-01T08:41:57","slug":"disminuye-60-indice-delictivo-en-los-cetram","status":"publish","type":"post","link":"https:\/\/www.diarioimagen.net\/?p=191187","title":{"rendered":"Disminuye 60% \u00edndice delictivo en los Cetram"},"content":{"rendered":"<ul>\n<li><strong><em>Tras inaugurar un biciestacionamiento masivo en el Metro Pantitl\u00e1n, asegur\u00f3 que al d\u00eda se registran 15 hechos delictivos<\/em><\/strong><\/li>\n<\/ul>\n<div id=\"attachment_191260\" style=\"width: 250px\" class=\"wp-caption alignleft\"><a href=\"http:\/\/www.diarioimagen.net\/wp-content\/uploads\/2014\/10\/MANCERA-2454.jpg\"><img loading=\"lazy\" decoding=\"async\" aria-describedby=\"caption-attachment-191260\" class=\"size-medium wp-image-191260\" src=\"http:\/\/www.diarioimagen.net\/wp-content\/uploads\/2014\/10\/MANCERA-2454-240x135.jpg\" alt=\"Miguel \u00c1ngel Mancera, jefe del GDF, asisti\u00f3 a la ceremonia inaugural del seminario: Encuentro por la Federaci\u00f3n y la Unidad Nacional, organizado por la Mesa Directiva del Senado de la Rep\u00fablica.\" width=\"240\" height=\"135\" srcset=\"https:\/\/www.diarioimagen.net\/wp-content\/uploads\/2014\/10\/MANCERA-2454-240x135.jpg 240w, https:\/\/www.diarioimagen.net\/wp-content\/uploads\/2014\/10\/MANCERA-2454-420x236.jpg 420w, https:\/\/www.diarioimagen.net\/wp-content\/uploads\/2014\/10\/MANCERA-2454-235x132.jpg 235w, https:\/\/www.diarioimagen.net\/wp-content\/uploads\/2014\/10\/MANCERA-2454-202x114.jpg 202w, https:\/\/www.diarioimagen.net\/wp-content\/uploads\/2014\/10\/MANCERA-2454-350x196.jpg 350w, https:\/\/www.diarioimagen.net\/wp-content\/uploads\/2014\/10\/MANCERA-2454-220x123.jpg 220w, https:\/\/www.diarioimagen.net\/wp-content\/uploads\/2014\/10\/MANCERA-2454-237x132.jpg 237w, https:\/\/www.diarioimagen.net\/wp-content\/uploads\/2014\/10\/MANCERA-2454.jpg 480w\" sizes=\"auto, (max-width: 240px) 100vw, 240px\" \/><\/a><p id=\"caption-attachment-191260\" class=\"wp-caption-text\">Miguel \u00c1ngel Mancera, jefe del GDF, asisti\u00f3 a la ceremonia inaugural del seminario: Encuentro por la Federaci\u00f3n y la Unidad Nacional, organizado por la Mesa Directiva del Senado de la Rep\u00fablica.<\/p><\/div>\n<p>En m\u00e1s del 60 por ciento se ha disminuido la incidencia delictiva en los Centros de Transferencia Modal, asegur\u00f3 el director de los Cetram, Jes\u00fas Lucatero Rivera.<\/p>\n<p>Entrevistado despu\u00e9s de participar en la inauguraci\u00f3n del biciestacionamiento masivo en el paradero del Metro Pantitl\u00e1n, el funcionario afirm\u00f3 que antes se comet\u00edan 45 delitos diarios, principalmente robo, y ahora s\u00f3lo 15 en todos los Cetram.<\/p>\n<p>Por ejemplo, se\u00f1al\u00f3 que en el Centro de Transferencia Modal Pantitl\u00e1n se registran dos delitos todos los d\u00edas. \u201cAqu\u00ed (en el paradero de Pantitl\u00e1n) hay quienes arrebatan la bolsa, el celular, pero la incidencia delictiva ha disminuido much\u00edsimo\u201d.<\/p>\n<p>Lo anterior, presumi\u00f3, se debe a la presencia de elementos polic\u00edacos, incluidos los de la Bancaria e Industrial.<\/p>\n<p>Al cuestionarle sobre el riesgo que implica la permanencia de comerciantes ambulantes en las inmediaciones de los Cetram, Lucatero Rivera respondi\u00f3 que se trata de un problema social que \u201cas\u00ed encontramos, es un tema que se tendr\u00e1 que revisar en su oportunidad\u201d.<\/p>\n<p>Asegur\u00f3 que en los \u00faltimos meses han retirado el n\u00famero de comerciantes ambulantes de los diferentes Centros de Transferencia Modal, que se encuentran en Chapultepec, Taxque\u00f1a e Indios Verdes.<\/p>\n<p>Dijo que esta problem\u00e1tica debe abordarse de manera conjunta con las delegaciones, aunque los Cetram se encarguen exclusivamente del transporte.<\/p>\n<p>\u201cHasta ahorita yo les puedo asegurar que hemos disminuido entre el 12 y 15 por ciento el n\u00famero de comerciantes en los Centros de Transferencia Modal, por diversas circunstancias\u201d, coment\u00f3.<\/p>\n<p>Por \u00faltimo, el funcionario inform\u00f3 que a diario 24 mil unidades utilizan los Cetram, de las cuales el 55 por ciento son del Estado de M\u00e9xico y el 45 por ciento del Distrito Federal.<\/p>\n","protected":false},"excerpt":{"rendered":"<p>En m\u00e1s del 60 por ciento se ha disminuido la incidencia delictiva en los Centros de Transferencia Modal, asegur\u00f3 el director de los Cetram, Jes\u00fas Lucatero Rivera.<\/p>\n","protected":false},"author":3,"featured_media":191260,"comment_status":"open","ping_status":"open","sticky":false,"template":"","format":"standard","meta":{"_monsterinsights_skip_tracking":false,"_monsterinsights_sitenote_active":false,"_monsterinsights_sitenote_note":"","_monsterinsights_sitenote_category":0,"footnotes":""},"categories":[6],"tags":[4156,204,8654,5314],"class_list":["post-191187","post","type-post","status-publish","format-standard","has-post-thumbnail","hentry","category-cd-de-mexico","tag-cetram","tag-ciudad-de-mexico","tag-delincuencia","tag-miguel-angel-mancera-espinosa"],"_links":{"self":[{"href":"https:\/\/www.diarioimagen.net\/index.php?rest_route=\/wp\/v2\/posts\/191187","targetHints":{"allow":["GET"]}}],"collection":[{"href":"https:\/\/www.diarioimagen.net\/index.php?rest_route=\/wp\/v2\/posts"}],"about":[{"href":"https:\/\/www.diarioimagen.net\/index.php?rest_route=\/wp\/v2\/types\/post"}],"author":[{"embeddable":true,"href":"https:\/\/www.diarioimagen.net\/index.php?rest_route=\/wp\/v2\/users\/3"}],"replies":[{"embeddable":true,"href":"https:\/\/www.diarioimagen.net\/index.php?rest_route=%2Fwp%2Fv2%2Fcomments&post=191187"}],"version-history":[{"count":0,"href":"https:\/\/www.diarioimagen.net\/index.php?rest_route=\/wp\/v2\/posts\/191187\/revisions"}],"wp:featuredmedia":[{"embeddable":true,"href":"https:\/\/www.diarioimagen.net\/index.php?rest_route=\/wp\/v2\/media\/191260"}],"wp:attachment":[{"href":"https:\/\/www.diarioimagen.net\/index.php?rest_route=%2Fwp%2Fv2%2Fmedia&parent=191187"}],"wp:term":[{"taxonomy":"category","embeddable":true,"href":"https:\/\/www.diarioimagen.net\/index.php?rest_route=%2Fwp%2Fv2%2Fcategories&post=191187"},{"taxonomy":"post_tag","embeddable":true,"href":"https:\/\/www.diarioimagen.net\/index.php?rest_route=%2Fwp%2Fv2%2Ftags&post=191187"}],"curies":[{"name":"wp","href":"https:\/\/api.w.org\/{rel}","templated":true}]}}