{"id":191489,"date":"2014-10-03T00:07:07","date_gmt":"2014-10-03T05:07:07","guid":{"rendered":"http:\/\/www.diarioimagen.net\/?p=191489"},"modified":"2014-10-06T03:57:53","modified_gmt":"2014-10-06T08:57:53","slug":"bloquean-autopista-del-sol-exigen-vuelta-de-desaparecidos","status":"publish","type":"post","link":"https:\/\/www.diarioimagen.net\/?p=191489","title":{"rendered":"Bloquean Autopista del Sol; exigen vuelta de desaparecidos"},"content":{"rendered":"<ul>\n<li><strong><em>En el marco del 2 de octubre, demandan justicia por estudiantes que murieron<\/em><\/strong><\/li>\n<\/ul>\n<div id=\"attachment_191490\" style=\"width: 250px\" class=\"wp-caption alignleft\"><img loading=\"lazy\" decoding=\"async\" aria-describedby=\"caption-attachment-191490\" class=\"wp-image-191490 size-medium\" src=\"http:\/\/www.diarioimagen.net\/wp-content\/uploads\/2014\/10\/autopista-portal-240x135.jpg\" alt=\"Antes, al menos ocho mil personas caminaron por las principales calles de la capital de Guerrero y se dirigieron al palacio de gobierno. \" width=\"240\" height=\"135\" srcset=\"https:\/\/www.diarioimagen.net\/wp-content\/uploads\/2014\/10\/autopista-portal-240x135.jpg 240w, https:\/\/www.diarioimagen.net\/wp-content\/uploads\/2014\/10\/autopista-portal-420x236.jpg 420w, https:\/\/www.diarioimagen.net\/wp-content\/uploads\/2014\/10\/autopista-portal-235x132.jpg 235w, https:\/\/www.diarioimagen.net\/wp-content\/uploads\/2014\/10\/autopista-portal-202x114.jpg 202w, https:\/\/www.diarioimagen.net\/wp-content\/uploads\/2014\/10\/autopista-portal-350x196.jpg 350w, https:\/\/www.diarioimagen.net\/wp-content\/uploads\/2014\/10\/autopista-portal-220x123.jpg 220w, https:\/\/www.diarioimagen.net\/wp-content\/uploads\/2014\/10\/autopista-portal-237x132.jpg 237w, https:\/\/www.diarioimagen.net\/wp-content\/uploads\/2014\/10\/autopista-portal.jpg 480w\" sizes=\"auto, (max-width: 240px) 100vw, 240px\" \/><p id=\"caption-attachment-191490\" class=\"wp-caption-text\">Los normalistas de Ayotzinapa organizaron una manifestaci\u00f3n en Chilpancingo y bloqueo a la Autopista del Sol, en demanda de que aparezcan alumnos secuestrados.<\/p><\/div>\n<p>Estudiantes, maestros y padres de familia bloquearon la Autopista del Sol, en sus cuatro carriles para exigir en Chilpancingo, Guerrero, el regreso con vida de los 44 normalistas desaparecidos en Iguala el s\u00e1bado pasado. El bloqueo fue declarado por tiempo indefinido.<\/p>\n<p>Los manifestantes hicieron una parada en el punto conocido como el Parador del Marqu\u00e9s, donde hace dos a\u00f1os se enfrentaron con la polic\u00eda, ah\u00ed decidieron cerrar la v\u00eda de comunicaci\u00f3n.<\/p>\n<p>La marcha fue convocada por la Coordinadora Estatal de Trabajadores de la Educaci\u00f3n de Guerrero, CETEG y fue encabezada por los familiares de los desaparecidos.<\/p>\n<p>Antes, al menos ocho mil personas caminaron por las principales calles de la capital de Guerrero y se dirigieron al palacio de gobierno. A la concentraci\u00f3n se sumaron mil 500 estudiantes de la Universidad Aut\u00f3noma de Guerrero, quienes hicieron caso omiso a la rector\u00eda para que no acudieran a la marcha de hoy.<\/p>\n<p>El martes se dijo que aparecieron 13 normalistas, por lo que la lista baj\u00f3 a 44, seg\u00fan la lista que dio a conocer la Procuradur\u00eda General de Justicia de Guerrero; para las autoridades escolares faltan 43 estudiantes.<\/p>\n<p>En Acapulco, estudiantes de escuelas preparatorias rurales realizaron una marcha de la Diana Cazadora hasta llegar al ayuntamiento en el Parque Papagayo, donde realizaron el bloqueo de la Avenida Cuauht\u00e9moc para exigir al Ayuntamiento recursos para sus escuelas.<\/p>\n<p>Mientras, polic\u00edas municipales de Acapulco, que se encuentran en paro desde hace dos meses, realizaron tambi\u00e9n un plant\u00f3n para exigir a las autoridades que se les pague la segunda quincena de septiembre, pues no han recibido el pago.<\/p>\n","protected":false},"excerpt":{"rendered":"<p><span style=\"color: #005497;\"><strong>Jos\u00e9 Luis Monta\u00f1ez<\/strong><\/span><br \/>\n<br \/>\nEstudiantes, maestros y padres de familia bloquearon la Autopista del Sol, en sus cuatro carriles para exigir en Chilpancingo, Guerrero, el regreso con vida de los 44 normalistas desaparecidos en Iguala el s\u00e1bado pasado. El bloqueo fue declarado por tiempo indefinido.<\/p>\n","protected":false},"author":5,"featured_media":191490,"comment_status":"open","ping_status":"open","sticky":false,"template":"","format":"standard","meta":{"_monsterinsights_skip_tracking":false,"_monsterinsights_sitenote_active":false,"_monsterinsights_sitenote_note":"","_monsterinsights_sitenote_category":0,"footnotes":""},"categories":[3],"tags":[11567,19218,26503,8099,3244,43673],"class_list":["post-191489","post","type-post","status-publish","format-standard","has-post-thumbnail","hentry","category-nacional","tag-autopista-del-sol","tag-bloqueo","tag-ceteg","tag-chilpancingo","tag-guerrero","tag-nacional"],"_links":{"self":[{"href":"https:\/\/www.diarioimagen.net\/index.php?rest_route=\/wp\/v2\/posts\/191489","targetHints":{"allow":["GET"]}}],"collection":[{"href":"https:\/\/www.diarioimagen.net\/index.php?rest_route=\/wp\/v2\/posts"}],"about":[{"href":"https:\/\/www.diarioimagen.net\/index.php?rest_route=\/wp\/v2\/types\/post"}],"author":[{"embeddable":true,"href":"https:\/\/www.diarioimagen.net\/index.php?rest_route=\/wp\/v2\/users\/5"}],"replies":[{"embeddable":true,"href":"https:\/\/www.diarioimagen.net\/index.php?rest_route=%2Fwp%2Fv2%2Fcomments&post=191489"}],"version-history":[{"count":0,"href":"https:\/\/www.diarioimagen.net\/index.php?rest_route=\/wp\/v2\/posts\/191489\/revisions"}],"wp:featuredmedia":[{"embeddable":true,"href":"https:\/\/www.diarioimagen.net\/index.php?rest_route=\/wp\/v2\/media\/191490"}],"wp:attachment":[{"href":"https:\/\/www.diarioimagen.net\/index.php?rest_route=%2Fwp%2Fv2%2Fmedia&parent=191489"}],"wp:term":[{"taxonomy":"category","embeddable":true,"href":"https:\/\/www.diarioimagen.net\/index.php?rest_route=%2Fwp%2Fv2%2Fcategories&post=191489"},{"taxonomy":"post_tag","embeddable":true,"href":"https:\/\/www.diarioimagen.net\/index.php?rest_route=%2Fwp%2Fv2%2Ftags&post=191489"}],"curies":[{"name":"wp","href":"https:\/\/api.w.org\/{rel}","templated":true}]}}