{"id":191512,"date":"2014-10-03T00:13:14","date_gmt":"2014-10-03T05:13:14","guid":{"rendered":"http:\/\/www.diarioimagen.net\/?p=191512"},"modified":"2014-10-03T04:01:43","modified_gmt":"2014-10-03T09:01:43","slug":"el-gem-adelantara-aguinaldos","status":"publish","type":"post","link":"https:\/\/www.diarioimagen.net\/?p=191512","title":{"rendered":"El GEM adelantar\u00e1 aguinaldos"},"content":{"rendered":"<h2>Arco Norte<\/h2>\n<h5>Jos\u00e9 Luis Monta\u00f1ez Aguilar<\/h5>\n<p>&nbsp;<\/p>\n<div id=\"attachment_191583\" style=\"width: 250px\" class=\"wp-caption alignleft\"><a href=\"http:\/\/www.diarioimagen.net\/wp-content\/uploads\/2014\/10\/arco-2456.jpg\"><img loading=\"lazy\" decoding=\"async\" aria-describedby=\"caption-attachment-191583\" class=\"size-medium wp-image-191583\" src=\"http:\/\/www.diarioimagen.net\/wp-content\/uploads\/2014\/10\/arco-2456-240x135.jpg\" alt=\"Con el prop\u00f3sito de que trabajadores del gobierno estatal puedan aprovechar las promociones y descuentos que se ofrecen durante El Buen Fin, que se llevar\u00e1 a cabo del 14 al 17 de noviembre a nivel nacional, se coordinar\u00e1 con organismos sindicales para adelantar el pago de aguinaldo, inform\u00f3 el gobernador Eruviel \u00c1vila Villegas.\" width=\"240\" height=\"135\" srcset=\"https:\/\/www.diarioimagen.net\/wp-content\/uploads\/2014\/10\/arco-2456-240x135.jpg 240w, https:\/\/www.diarioimagen.net\/wp-content\/uploads\/2014\/10\/arco-2456-420x236.jpg 420w, https:\/\/www.diarioimagen.net\/wp-content\/uploads\/2014\/10\/arco-2456-235x132.jpg 235w, https:\/\/www.diarioimagen.net\/wp-content\/uploads\/2014\/10\/arco-2456-202x114.jpg 202w, https:\/\/www.diarioimagen.net\/wp-content\/uploads\/2014\/10\/arco-2456-350x196.jpg 350w, https:\/\/www.diarioimagen.net\/wp-content\/uploads\/2014\/10\/arco-2456-220x123.jpg 220w, https:\/\/www.diarioimagen.net\/wp-content\/uploads\/2014\/10\/arco-2456-237x132.jpg 237w, https:\/\/www.diarioimagen.net\/wp-content\/uploads\/2014\/10\/arco-2456.jpg 480w\" sizes=\"auto, (max-width: 240px) 100vw, 240px\" \/><\/a><p id=\"caption-attachment-191583\" class=\"wp-caption-text\">Con el prop\u00f3sito de que trabajadores del gobierno estatal puedan aprovechar las promociones y descuentos que se ofrecen durante El Buen Fin, que se llevar\u00e1 a cabo del 14 al 17 de noviembre a nivel nacional, se coordinar\u00e1 con organismos sindicales para adelantar el pago de aguinaldo, inform\u00f3 el gobernador Eruviel \u00c1vila Villegas.<\/p><\/div>\n<p>El gobierno del Estado de M\u00e9xico respalda y se suma al programa El Buen Fin que se realizar\u00e1 del 14 al 17 de noviembre, por lo que se coordinar\u00e1 con organismos sindicales de trabajadores de la administraci\u00f3n estatal para adelantar el pago del aguinaldo, con el prop\u00f3sito de que puedan aprovechar las promociones y descuentos que se ofrecen durante estos d\u00edas en los establecimientos participantes, se\u00f1al\u00f3 ayer el gobernador Eruviel \u00c1vila Villegas. \u201cC\u00f3mo nos vamos a sumar a El Buen Fin, primeramente nos habremos de coordinar con los sindicatos del gobierno estatal, para que quienes as\u00ed lo deseen podamos adelantarles parte de su aguinaldo para que aprovechen las ofertas\u201d, expres\u00f3.<\/p>\n<p style=\"text-align: center;\"><strong>Con el IEEM se trabajar\u00e1 en equipo<\/strong><\/p>\n<p>Por otra parte, Eruviel \u00c1vila manifest\u00f3 la disposici\u00f3n del gobierno del Estado de M\u00e9xico para trabajar de manera coordinada con los nuevos integrantes del consejo general del Instituto Electoral del Estado de M\u00e9xico (IEEM), toda vez que ambas instancias tienen el deber, desde sus respectivos \u00e1mbitos de competencia, de asegurar que los comicios se lleven a cabo de manera transparente y equitativa. \u201cLes expreso la disposici\u00f3n para poder trabajar en equipo, como lo mandata la Constituci\u00f3n de nuestra entidad y las leyes correspondientes. Es un deber, lo hago por mandato legal, pero tambi\u00e9n por convicci\u00f3n, porque al igual que ellos tenemos la misi\u00f3n de garantizar elecciones limpias, transparentes, equitativas e imparciales. As\u00ed es que bienvenidos las nuevas y nuevos\u00a0consejeros electorales de este instituto de nuestra entidad\u201d.<\/p>\n<p><em><a href=\"mailto:montanezaguilar@gmail.com\" target=\"_blank\">montanezaguilar@gmail.com<\/a><\/em><\/p>\n<p>&nbsp;<\/p>\n","protected":false},"excerpt":{"rendered":"<p><span style=\"color: #005497;\"><strong>Jos\u00e9 Luis Monta\u00f1ez Aguilar<\/strong><\/span><br \/>\n<br \/>\nEl gobierno del Estado de M\u00e9xico respalda y se suma al programa El Buen Fin que se realizar\u00e1 del 14 al 17 de noviembre, por lo que se coordinar\u00e1 con organismos sindicales de trabajadores de la administraci\u00f3n estatal para adelantar el pago del aguinaldo, con el prop\u00f3sito de que puedan aprovechar las promociones y descuentos que se ofrecen durante estos d\u00edas en los establecimientos participantes, se\u00f1al\u00f3 ayer el gobernador Eruviel \u00c1vila Villegas.<\/p>\n","protected":false},"author":3,"featured_media":191583,"comment_status":"open","ping_status":"open","sticky":false,"template":"","format":"standard","meta":{"_monsterinsights_skip_tracking":false,"_monsterinsights_sitenote_active":false,"_monsterinsights_sitenote_note":"","_monsterinsights_sitenote_category":0,"footnotes":""},"categories":[5],"tags":[13284,25239,43704,43674],"class_list":["post-191512","post","type-post","status-publish","format-standard","has-post-thumbnail","hentry","category-estado-de-mexico","tag-arco-norte","tag-el-buen-fin","tag-jose-luis-montanez-aguilar","tag-opinion"],"_links":{"self":[{"href":"https:\/\/www.diarioimagen.net\/index.php?rest_route=\/wp\/v2\/posts\/191512","targetHints":{"allow":["GET"]}}],"collection":[{"href":"https:\/\/www.diarioimagen.net\/index.php?rest_route=\/wp\/v2\/posts"}],"about":[{"href":"https:\/\/www.diarioimagen.net\/index.php?rest_route=\/wp\/v2\/types\/post"}],"author":[{"embeddable":true,"href":"https:\/\/www.diarioimagen.net\/index.php?rest_route=\/wp\/v2\/users\/3"}],"replies":[{"embeddable":true,"href":"https:\/\/www.diarioimagen.net\/index.php?rest_route=%2Fwp%2Fv2%2Fcomments&post=191512"}],"version-history":[{"count":0,"href":"https:\/\/www.diarioimagen.net\/index.php?rest_route=\/wp\/v2\/posts\/191512\/revisions"}],"wp:featuredmedia":[{"embeddable":true,"href":"https:\/\/www.diarioimagen.net\/index.php?rest_route=\/wp\/v2\/media\/191583"}],"wp:attachment":[{"href":"https:\/\/www.diarioimagen.net\/index.php?rest_route=%2Fwp%2Fv2%2Fmedia&parent=191512"}],"wp:term":[{"taxonomy":"category","embeddable":true,"href":"https:\/\/www.diarioimagen.net\/index.php?rest_route=%2Fwp%2Fv2%2Fcategories&post=191512"},{"taxonomy":"post_tag","embeddable":true,"href":"https:\/\/www.diarioimagen.net\/index.php?rest_route=%2Fwp%2Fv2%2Ftags&post=191512"}],"curies":[{"name":"wp","href":"https:\/\/api.w.org\/{rel}","templated":true}]}}