{"id":191514,"date":"2014-10-03T00:07:28","date_gmt":"2014-10-03T05:07:28","guid":{"rendered":"http:\/\/www.diarioimagen.net\/?p=191514"},"modified":"2014-10-06T02:02:26","modified_gmt":"2014-10-06T07:02:26","slug":"osorio-no-lo-pense-lo-hice-hoy-solucion-a-fondo","status":"publish","type":"post","link":"https:\/\/www.diarioimagen.net\/?p=191514","title":{"rendered":"Osorio: no lo pens\u00e9, lo hice; hoy soluci\u00f3n a fondo"},"content":{"rendered":"<h2>Tras la puerta del poder<\/h2>\n<h5>Roberto Vizca\u00edno<\/h5>\n<p>&nbsp;<\/p>\n<ul>\n<li><strong><em>El secretario de Gobernaci\u00f3n afirm\u00f3 que ni \u00e9l ni su equipo de seguridad sintieron temor<\/em><\/strong><\/li>\n<li><strong><em>Preciado aclar\u00f3 ayer que Gustavo Madero no fue el \u00fanico dirigente en pedir licencia dentro del PAN<\/em><\/strong><\/li>\n<li><strong><em>El senador R\u00edos P\u00edter demanda que se reconozca al \u00e1rea tur\u00edstica como un sector prioritario<\/em><\/strong><\/li>\n<\/ul>\n<div id=\"attachment_191613\" style=\"width: 250px\" class=\"wp-caption alignleft\"><a href=\"http:\/\/www.diarioimagen.net\/wp-content\/uploads\/2014\/10\/confundida-LUIS-XAVIER-2456.jpg\" target=\"_blank\"><img loading=\"lazy\" decoding=\"async\" aria-describedby=\"caption-attachment-191613\" class=\"size-medium wp-image-191613\" src=\"http:\/\/www.diarioimagen.net\/wp-content\/uploads\/2014\/10\/confundida-LUIS-XAVIER-2456-240x185.jpg\" alt=\"\u00bfConfundida?... | Luis Xavier\" width=\"240\" height=\"185\" srcset=\"https:\/\/www.diarioimagen.net\/wp-content\/uploads\/2014\/10\/confundida-LUIS-XAVIER-2456-240x185.jpg 240w, https:\/\/www.diarioimagen.net\/wp-content\/uploads\/2014\/10\/confundida-LUIS-XAVIER-2456-420x323.jpg 420w, https:\/\/www.diarioimagen.net\/wp-content\/uploads\/2014\/10\/confundida-LUIS-XAVIER-2456.jpg 1200w\" sizes=\"auto, (max-width: 240px) 100vw, 240px\" \/><\/a><p id=\"caption-attachment-191613\" class=\"wp-caption-text\">\u00bfConfundida?&#8230; | Luis Xavier<\/p><\/div>\n<p>Asediado por los medios, el secretario de Gobernaci\u00f3n, Miguel \u00c1ngel Osorio Chong, sali\u00f3 ayer a dar explicaciones sobre su aparici\u00f3n arriba de un templete ante miles de estudiantes, respecto del caso Tlatlaya, de la violencia en Guerrero y para dar su opini\u00f3n de las lecciones dejadas por los hechos del 2 de octubre de 1968.<\/p>\n<p>De entrada consider\u00f3 que lo ocurrido el 2 de octubre de 1968 es una lecci\u00f3n de lo que no debe volver a suceder en este pa\u00eds.<\/p>\n<p>\u201cLos malos momentos en nuestra historia que hoy (ayer) se conmemoran, no s\u00f3lo se recuerdan por quienes se manifiestan, sino por todos en este pa\u00eds. As\u00ed se debe hacer, recordar para aprender de la historia y desde el gobierno. Por supuesto que esto es algo que es una lecci\u00f3n y que por eso debemos de tomar siempre decisiones oportunas, para que no sucedan momentos como estos que hoy se celebran\u2026 Lo peor es no aprender de nuestra historia\u2026\u201d, indic\u00f3.<\/p>\n<p>Osorio no eludi\u00f3 ning\u00fan tema.<\/p>\n<p>As\u00ed explic\u00f3 que su decisi\u00f3n de salir a hablar con los estudiantes desde un templete fue algo asumido \u201cen ese momento\u201d y que no hubo temores al respecto.<\/p>\n<p>\u201cSi lo revisan, sub\u00ed s\u00f3lo, no estaba atr\u00e1s de m\u00ed ning\u00fan cuerpo de seguridad&#8230; yo estaba muy satisfecho de ver a los j\u00f3venes en un gran comportamiento\u2026 de como estudiantes, j\u00f3venes con inquietudes y por supuesto, con molestias\u2026 y nuestra responsabilidad era solucion\u00e1rselas y, la verdad, es que me dio mucho gusto\u201d.<\/p>\n<p>Adelant\u00f3 que hoy, como lo prometi\u00f3, volver\u00e1 a presentarse ante los estudiantes para darles una soluci\u00f3n a sus 10 demandas incluida la de la permanencia o no de la directora del IPN. Soluciones en las que intervendr\u00e1 el secretario de la SEP, Emilio Chuayffet, asegur\u00f3.<\/p>\n<p>Interrogado respecto a si no le inquieta que en lo adelante todos quienes realicen marchas vayan a exigir que salga, Osorio Chong dijo que no, que su salida la determinar\u00e1n las circunstancias ya que en pr\u00e1cticamente todos los casos se atiende a quienes protestan y se hace dentro de las oficinas porque ellos deciden designar representantes para sus negociaciones.<\/p>\n<p>Del caso Guerrero dijo haber hablado con el gobernador \u00c1ngel Aguirre a quien \u201cle ofrec\u00ed apoyo\u2026 pero con quien dej\u00e9 en claro que las soluciones est\u00e1n en su \u00e1mbito\u2026 la investigaci\u00f3n que determine que ocurri\u00f3 y el castigo de responsables\u2026\u201d, precis\u00f3.<\/p>\n<p>De la b\u00fasqueda de los normalistas desaparecidos, dijo, \u201call\u00e1 est\u00e1 el Ej\u00e9rcito Mexicano trabajando, est\u00e1 la Polic\u00eda Federal, est\u00e1n con todo el apoyo y todo el respaldo, es muy importante dar con el paradero de los j\u00f3venes y hay todo un ejercicio de grupos de instituciones de seguridad busc\u00e1ndolos\u201d, indic\u00f3.<\/p>\n<p>Del caso Tlatlaya se\u00f1al\u00f3 que lo primero que hay que hacer es que la PGR determine qu\u00e9 ocurri\u00f3.<\/p>\n<p>Y subray\u00f3 que como la gran instituci\u00f3n que es, el Ej\u00e9rcito no puede ser deteriorado por la actuaci\u00f3n de un grupo.<\/p>\n<p style=\"text-align: center;\"><strong>MADERO NO FUE EL \u00daNICO<\/strong><\/p>\n<p>Considerado como uno de sus incondicionales, el coordinador de los senadores del PAN, el colimense Jorge Luis Preciado, aclar\u00f3 ayer que Gustavo Madero no fue el \u00fanico dirigente que pidi\u00f3 licencia en estos d\u00edas para buscar una candidatura, sino que son muchos en todo el pa\u00eds que hicieron lo mismo.<\/p>\n<p>\u201cMiren, nosotros, si mal no recuerdo\u2026 era el art\u00edculo 43 del Estatuto, en el cual ten\u00edamos un debate muy interesante en la Asamblea Nacional, y ese Estatuto, ese art\u00edculo lo que establec\u00eda era la imposibilidad de quien fuera dirigente pudiera participar en una elecci\u00f3n. Se debati\u00f3 muchos d\u00edas en muchas mesas, porque tenemos dirigentes estatales que son liderazgos muy importantes en los estados que tienen una fuerza pol\u00edtica amplia y que les permite ganar elecciones.<\/p>\n<p>\u201cEntonces, ese era por un lado el debate de c\u00f3mo resolverlo, y se decide que se autoriza que puedan pedir licencia, pero estaba la otra situaci\u00f3n: c\u00f3mo lograr que la dirigencia de un partido no tuviera una ventaja competitiva al ser dirigente y ser candidato.<\/p>\n<p>\u201cEntonces, la forma en que lo resolvimos fue que antes de que iniciara formalmente el proceso electoral para la renovaci\u00f3n de alcald\u00edas, diputaciones, gubernaturas, etc\u00e9tera, quienes tuvieran un cargo directivo, esto incluye a los presidentes, tuviera que renunciar, de tal forma que fuera en igualdad de condiciones a competir con el resto de los compa\u00f1eros del PAN que pretend\u00edan una candidatura.<\/p>\n<p>\u201cEntonces, fue una salida intermedia: S\u00ed se les autoriza que se vayan, pero tienen que hacerlo con muchos meses antes para que no se genere una competencia inequitativa, y bueno, as\u00ed fue como lo resolvi\u00f3 la Asamblea Nacional, y ellos est\u00e1n acatando lo que el Estatuto y el Reglamento que aprob\u00f3 la Asamblea Nacional del PAN el a\u00f1o pasado\u201d, explic\u00f3.<\/p>\n<p>Por ello considera que Madero tuvo que dejar ahora la presidencia nacional del PAN y que eso de ninguna forma provocar\u00e1 inestabilidad, como advierten algunos militantes y legisladores blanquiazules.<\/p>\n<p>\u201cNo, el partido es una instituci\u00f3n. Si el presidente pide licencia, pues asume la presidencia alguien que tambi\u00e9n fue electo y que es el diputado Ricardo Anaya que, dentro de otras cosas, es un hombre muy preparado, muy institucional y creo que va hacer las cosas muy bien\u201d.<\/p>\n<p>Se le record\u00f3 que la cr\u00edtica interna surge de que Madero podr\u00eda querer ser diputado, para luego asumir la coordinaci\u00f3n de su bancada y despu\u00e9s regresar al partido como presidente, en lo que algunos han llamado \u201cel triple play\u201d.<\/p>\n<p>\u201cNo, yo respeto mucho la opini\u00f3n de todas las personas de mi partido, no las comparto algunas, pero ustedes saben que tengo como regla de panista, jam\u00e1s contradecir, ni conflictuar, ni se\u00f1alar ni atacar a nadie que sea de Acci\u00f3n Nacional\u2026\u201d<\/p>\n<p>&#8211;\u00a0\u00a0\u00a0\u00a0\u00a0\u00a0 \u201cEntonces fue leg\u00edtimo que se fuera Madero en \u00e9stos momentos?, se le insisti\u00f3.<\/p>\n<p>\u201cFue legal\u2026 el Estatuto lo prev\u00e9, la ley electoral lo prev\u00e9, y bueno, yo creo que fue eso lo que permiti\u00f3 que casi por unanimidad la Comisi\u00f3n Permanente votara a favor de su licencia\u201d, respondi\u00f3.<\/p>\n<p>&#8211;\u00a0\u00a0\u00a0\u00a0\u00a0\u00a0 \u00bfPero fue el mejor momento de dejar al PAN?<\/p>\n<p>\u201cEso yo no lo podr\u00eda calificar, eso es una decisi\u00f3n personal\u00edsima del presidente, la cual respaldo\u201d, subray\u00f3.<\/p>\n<p style=\"text-align: center;\"><strong>\u00a0TURISMO, \u00c1REA PRIORITARIA<\/strong><\/p>\n<p>Para refutar a quienes advierten que la oposici\u00f3n critica y se opone a todos pero no propone nada, el senador perredista guerrerense Armando R\u00edos P\u00edter present\u00f3 ayer a nombre propio y de los grupos parlamentarios del PRD, PRI, PAN, PVEM y PT una propuesta, plante\u00f3 establecer en el art\u00edculo 28 constitucional que el sector tur\u00edstico sea un \u00e1rea prioritaria para la econom\u00eda nacional.<\/p>\n<p>Esta iniciativa precisa adem\u00e1s que el Estado debe promover pol\u00edticas de financiamiento para fortalecer la infraestructura tur\u00edstica con sustentabilidad, a fin de elevar la competitividad a nivel internacional.<\/p>\n<p>El legislador, quien es uno de los aspirantes sobresalientes a la gubernatura de su estado, destac\u00f3 que el andamiaje institucional que por d\u00e9cadas puso a M\u00e9xico como potencia tur\u00edstica, tiene que replantearse, pues se debe impulsar la competitividad frente a los nuevos polos emergentes y los cambios del perfil de la demanda.<\/p>\n<p>Indic\u00f3 que existe hoy la necesidad de hacer una revisi\u00f3n puntual del turismo, sobre todo, porque recientemente el Ejecutivo env\u00edo a la C\u00e1mara de Diputados una iniciativa sobre competitividad, en la que debe tenerse en cuenta que el turismo es una de las actividades que m\u00e1s ingresos genera en el pa\u00eds y que ha ido perdiendo competitividad.<\/p>\n<p>La actividad tur\u00edstica, record\u00f3, representa la cuarta fuente de ingresos de divisas al pa\u00eds. En este sentido, destac\u00f3 que de enero a mayo del 2014, el Banco de M\u00e9xico inform\u00f3 que las divisas por turistas internacionales ascendieron a siete mil 22 millones de d\u00f3lares, 16.7 por ciento superior a lo captado el a\u00f1o pasado en el mismo periodo, que fue de 6 mil 15 millones de d\u00f3lares.<\/p>\n<p><em><a href=\"mailto:rvizcainoa@gmail.com\">rvizcainoa@gmail.com<\/a><\/em><\/p>\n","protected":false},"excerpt":{"rendered":"<p><span style=\"color: #005497;\"><strong>Roberto Vizca\u00edno<\/strong><\/span><br \/>\n<br \/>\nAsediado por los medios, el secretario de Gobernaci\u00f3n, Miguel \u00c1ngel Osorio Chong, sali\u00f3 ayer a dar explicaciones sobre su aparici\u00f3n arriba de un templete ante miles de estudiantes, respecto del caso Tlatlaya, de la violencia en Guerrero y para dar su opini\u00f3n de las lecciones dejadas por los hechos del 2 de octubre de 1968.<\/p>\n","protected":false},"author":3,"featured_media":191613,"comment_status":"open","ping_status":"open","sticky":false,"template":"","format":"standard","meta":{"_monsterinsights_skip_tracking":false,"_monsterinsights_sitenote_active":false,"_monsterinsights_sitenote_note":"","_monsterinsights_sitenote_category":0,"footnotes":""},"categories":[136],"tags":[43674,93,94],"class_list":["post-191514","post","type-post","status-publish","format-standard","has-post-thumbnail","hentry","category-roberto-vizcaino-opinion","tag-opinion","tag-roberto-vizcaino","tag-tras-la-puerta-del-poder"],"_links":{"self":[{"href":"https:\/\/www.diarioimagen.net\/index.php?rest_route=\/wp\/v2\/posts\/191514","targetHints":{"allow":["GET"]}}],"collection":[{"href":"https:\/\/www.diarioimagen.net\/index.php?rest_route=\/wp\/v2\/posts"}],"about":[{"href":"https:\/\/www.diarioimagen.net\/index.php?rest_route=\/wp\/v2\/types\/post"}],"author":[{"embeddable":true,"href":"https:\/\/www.diarioimagen.net\/index.php?rest_route=\/wp\/v2\/users\/3"}],"replies":[{"embeddable":true,"href":"https:\/\/www.diarioimagen.net\/index.php?rest_route=%2Fwp%2Fv2%2Fcomments&post=191514"}],"version-history":[{"count":0,"href":"https:\/\/www.diarioimagen.net\/index.php?rest_route=\/wp\/v2\/posts\/191514\/revisions"}],"wp:featuredmedia":[{"embeddable":true,"href":"https:\/\/www.diarioimagen.net\/index.php?rest_route=\/wp\/v2\/media\/191613"}],"wp:attachment":[{"href":"https:\/\/www.diarioimagen.net\/index.php?rest_route=%2Fwp%2Fv2%2Fmedia&parent=191514"}],"wp:term":[{"taxonomy":"category","embeddable":true,"href":"https:\/\/www.diarioimagen.net\/index.php?rest_route=%2Fwp%2Fv2%2Fcategories&post=191514"},{"taxonomy":"post_tag","embeddable":true,"href":"https:\/\/www.diarioimagen.net\/index.php?rest_route=%2Fwp%2Fv2%2Ftags&post=191514"}],"curies":[{"name":"wp","href":"https:\/\/api.w.org\/{rel}","templated":true}]}}