{"id":191590,"date":"2014-10-03T00:04:42","date_gmt":"2014-10-03T05:04:42","guid":{"rendered":"http:\/\/www.diarioimagen.net\/?p=191590"},"modified":"2014-10-03T04:56:15","modified_gmt":"2014-10-03T09:56:15","slug":"operador-financiero-del-narco-ligado-a-politicos","status":"publish","type":"post","link":"https:\/\/www.diarioimagen.net\/?p=191590","title":{"rendered":"Operador financiero del narco, ligado a pol\u00edticos"},"content":{"rendered":"<ul>\n<li><strong><em>Arturo Escobar, dirigente del PVEM, se\u00f1ala que Germ\u00e1n Goyeneche Ortega ser\u00e1 expulsado<\/em><\/strong><\/li>\n<\/ul>\n<div id=\"attachment_191633\" style=\"width: 250px\" class=\"wp-caption alignleft\"><a href=\"http:\/\/www.diarioimagen.net\/wp-content\/uploads\/2014\/10\/goyenche-2456.jpg\"><img loading=\"lazy\" decoding=\"async\" aria-describedby=\"caption-attachment-191633\" class=\"size-medium wp-image-191633\" src=\"http:\/\/www.diarioimagen.net\/wp-content\/uploads\/2014\/10\/goyenche-2456-240x135.jpg\" alt=\"Germ\u00e1n Goyeneche Ortega estuvo presente en un acto que presidi\u00f3 el diputado panista Ricardo Villarreal en San Miguel de Allende, Guanajuato.\" width=\"240\" height=\"135\" srcset=\"https:\/\/www.diarioimagen.net\/wp-content\/uploads\/2014\/10\/goyenche-2456-240x135.jpg 240w, https:\/\/www.diarioimagen.net\/wp-content\/uploads\/2014\/10\/goyenche-2456-420x236.jpg 420w, https:\/\/www.diarioimagen.net\/wp-content\/uploads\/2014\/10\/goyenche-2456-235x132.jpg 235w, https:\/\/www.diarioimagen.net\/wp-content\/uploads\/2014\/10\/goyenche-2456-202x114.jpg 202w, https:\/\/www.diarioimagen.net\/wp-content\/uploads\/2014\/10\/goyenche-2456-350x196.jpg 350w, https:\/\/www.diarioimagen.net\/wp-content\/uploads\/2014\/10\/goyenche-2456-220x123.jpg 220w, https:\/\/www.diarioimagen.net\/wp-content\/uploads\/2014\/10\/goyenche-2456-237x132.jpg 237w, https:\/\/www.diarioimagen.net\/wp-content\/uploads\/2014\/10\/goyenche-2456.jpg 480w\" sizes=\"auto, (max-width: 240px) 100vw, 240px\" \/><\/a><p id=\"caption-attachment-191633\" class=\"wp-caption-text\">Germ\u00e1n Goyeneche Ortega estuvo presente en un acto que presidi\u00f3 el diputado panista Ricardo Villarreal en San Miguel de Allende, Guanajuato.<\/p><\/div>\n<p>Germ\u00e1n Goyeneche Ortega, presunto operador financiero del c\u00e1rtel de los Beltr\u00e1n Leyva, detenido junto con H\u00e9ctor Beltr\u00e1n Leyva el mi\u00e9rcoles en un restaurante de San Miguel de Allende, Guanajuato, es identificado en el estado de Quer\u00e9taro como empresario del sector inmobiliario y militante del Partido Verde Ecologista de M\u00e9xico (PVEM).<\/p>\n<p>Ante ello, el dirigente de ese partido, Arturo Escobar, inform\u00f3 que ser\u00e1 expulsado del mismo en los pr\u00f3ximos d\u00edas.<\/p>\n<p>Sostuvo que la Comisi\u00f3n Nacional de Honor y Justicia del PVEM se reuni\u00f3 ayer y suspendi\u00f3 los derechos pol\u00edticos como militante a Goyeneche. \u201cEste se\u00f1or presuntamente es parte de la delincuencia organizada y ojal\u00e1 que si se le encuentra responsabilidad se le aplique toda la ley, y en el caso respectivo al Partido Verde, ya le fueron suspendidos sus derechos como militante y seguramente ser\u00e1 expulsado en los pr\u00f3ximos d\u00edas\u201d, declar\u00f3.<\/p>\n<p>Escobar mencion\u00f3 que ning\u00fan partido pol\u00edtico est\u00e1 exento de que se afilien personas que violan la ley.<\/p>\n<p>\u201cObviamente no somos Ministerio P\u00fablico y no podemos conocer la vida privada de la gente. Todos los partidos pol\u00edticos, toda la vida p\u00fablica del pa\u00eds est\u00e1 inmersa y sujeta a ese tipo de riesgos. Lo \u00fanico que nos queda es encontrar instrumentos que nos permitan tener m\u00e1s seguridad sobre los afiliados\u201d, afirm\u00f3.<\/p>\n<p>\u201cPero es sumamente complejo porque son afiliaciones de car\u00e1cter masivo, y, en este caso, a lo que apelamos es que se le aplique todo el peso de la ley, de conformidad a la norma de nuestro pa\u00eds\u201d, coment\u00f3.<\/p>\n<p>En tanto, el diputado del Partido Acci\u00f3n Nacional (PAN) Ricardo Villarreal se deslind\u00f3 de Germ\u00e1n Goyeneche.<\/p>\n<p>Villarreal admiti\u00f3 que Goyeneche asisti\u00f3 el lunes pasado a un evento convocado por el Consejo Coordinador Empresarial en San Miguel de Allende, en el que el legislador fue el orador principal. \u201cEn ese sentido fue invitado, supongo yo, por el Consejo Coordinador Empresarial, a la reuni\u00f3n. En San Miguel de Allende y en Quer\u00e9taro era una persona conocida como empresario, si el tiene v\u00ednculo con Beltr\u00e1n Leyva es algo que tendr\u00eda que decir la PGR\u201d.<\/p>\n","protected":false},"excerpt":{"rendered":"<p>Germ\u00e1n Goyeneche Ortega, presunto operador financiero del c\u00e1rtel de los Beltr\u00e1n Leyva, detenido junto con H\u00e9ctor Beltr\u00e1n Leyva el mi\u00e9rcoles en un restaurante de San Miguel de Allende, Guanajuato, es identificado en el estado de Quer\u00e9taro como empresario del sector inmobiliario y militante del Partido Verde Ecologista de M\u00e9xico (PVEM).<\/p>\n","protected":false},"author":3,"featured_media":191633,"comment_status":"open","ping_status":"open","sticky":false,"template":"","format":"standard","meta":{"_monsterinsights_skip_tracking":false,"_monsterinsights_sitenote_active":false,"_monsterinsights_sitenote_note":"","_monsterinsights_sitenote_category":0,"footnotes":""},"categories":[7],"tags":[5782,1416,43677],"class_list":["post-191590","post","type-post","status-publish","format-standard","has-post-thumbnail","hentry","category-seguridad","tag-beltran-leyva","tag-pvem","tag-seguridad"],"_links":{"self":[{"href":"https:\/\/www.diarioimagen.net\/index.php?rest_route=\/wp\/v2\/posts\/191590","targetHints":{"allow":["GET"]}}],"collection":[{"href":"https:\/\/www.diarioimagen.net\/index.php?rest_route=\/wp\/v2\/posts"}],"about":[{"href":"https:\/\/www.diarioimagen.net\/index.php?rest_route=\/wp\/v2\/types\/post"}],"author":[{"embeddable":true,"href":"https:\/\/www.diarioimagen.net\/index.php?rest_route=\/wp\/v2\/users\/3"}],"replies":[{"embeddable":true,"href":"https:\/\/www.diarioimagen.net\/index.php?rest_route=%2Fwp%2Fv2%2Fcomments&post=191590"}],"version-history":[{"count":0,"href":"https:\/\/www.diarioimagen.net\/index.php?rest_route=\/wp\/v2\/posts\/191590\/revisions"}],"wp:featuredmedia":[{"embeddable":true,"href":"https:\/\/www.diarioimagen.net\/index.php?rest_route=\/wp\/v2\/media\/191633"}],"wp:attachment":[{"href":"https:\/\/www.diarioimagen.net\/index.php?rest_route=%2Fwp%2Fv2%2Fmedia&parent=191590"}],"wp:term":[{"taxonomy":"category","embeddable":true,"href":"https:\/\/www.diarioimagen.net\/index.php?rest_route=%2Fwp%2Fv2%2Fcategories&post=191590"},{"taxonomy":"post_tag","embeddable":true,"href":"https:\/\/www.diarioimagen.net\/index.php?rest_route=%2Fwp%2Fv2%2Ftags&post=191590"}],"curies":[{"name":"wp","href":"https:\/\/api.w.org\/{rel}","templated":true}]}}