{"id":191701,"date":"2014-10-06T00:13:02","date_gmt":"2014-10-06T05:13:02","guid":{"rendered":"http:\/\/www.diarioimagen.net\/?p=191701"},"modified":"2014-10-06T03:19:45","modified_gmt":"2014-10-06T08:19:45","slug":"reconocen-el-trabajo-contra-trata","status":"publish","type":"post","link":"https:\/\/www.diarioimagen.net\/?p=191701","title":{"rendered":"Reconocen el trabajo contra trata"},"content":{"rendered":"<h2>Arco Norte<\/h2>\n<h5>Jos\u00e9 Luis Monta\u00f1ez Aguilar<\/h5>\n<p>&nbsp;<\/p>\n<div id=\"attachment_191761\" style=\"width: 250px\" class=\"wp-caption alignleft\"><a href=\"http:\/\/www.diarioimagen.net\/wp-content\/uploads\/2014\/10\/arco-2457.jpg\"><img loading=\"lazy\" decoding=\"async\" aria-describedby=\"caption-attachment-191761\" class=\"size-medium wp-image-191761\" src=\"http:\/\/www.diarioimagen.net\/wp-content\/uploads\/2014\/10\/arco-2457-240x135.jpg\" alt=\"El gobernador Eruviel \u00c1vila Villegas recibi\u00f3 el reconocimiento Todos Dejamos Huella, por parte de la Comisi\u00f3n Unidos Contra la Trata, presidida por Rosi Orozco, por el trabajo realizado en el combate y prevenci\u00f3n de este delito.\" width=\"240\" height=\"135\" srcset=\"https:\/\/www.diarioimagen.net\/wp-content\/uploads\/2014\/10\/arco-2457-240x135.jpg 240w, https:\/\/www.diarioimagen.net\/wp-content\/uploads\/2014\/10\/arco-2457-420x236.jpg 420w, https:\/\/www.diarioimagen.net\/wp-content\/uploads\/2014\/10\/arco-2457-235x132.jpg 235w, https:\/\/www.diarioimagen.net\/wp-content\/uploads\/2014\/10\/arco-2457-202x114.jpg 202w, https:\/\/www.diarioimagen.net\/wp-content\/uploads\/2014\/10\/arco-2457-350x196.jpg 350w, https:\/\/www.diarioimagen.net\/wp-content\/uploads\/2014\/10\/arco-2457-220x123.jpg 220w, https:\/\/www.diarioimagen.net\/wp-content\/uploads\/2014\/10\/arco-2457-237x132.jpg 237w, https:\/\/www.diarioimagen.net\/wp-content\/uploads\/2014\/10\/arco-2457.jpg 480w\" sizes=\"auto, (max-width: 240px) 100vw, 240px\" \/><\/a><p id=\"caption-attachment-191761\" class=\"wp-caption-text\">El gobernador Eruviel \u00c1vila Villegas recibi\u00f3 el reconocimiento Todos Dejamos Huella, por parte de la Comisi\u00f3n Unidos Contra la Trata, presidida por Rosi Orozco, por el trabajo realizado en el combate y prevenci\u00f3n de este delito.<\/p><\/div>\n<p>El gobernador Eruviel \u00c1vila Villegas recibi\u00f3 el reconocimiento <em>Todos Dejamos Huella<\/em>, por parte de la Comisi\u00f3n Unidos Contra la Trata, presidida por Rosi Orozco, por el trabajo realizado en el combate y prevenci\u00f3n de este delito, donde reiter\u00f3 la disposici\u00f3n del gobierno del Estado de M\u00e9xico para continuar trabajando, junto con la sociedad civil, en contra del lastre social que es la trata de personas. \u201cEste reconocimiento lo recibo con todo coraz\u00f3n, pero lo hago tambi\u00e9n inspirado en la labor que realiza Rosi Orozco, entusiasm\u00e1ndonos y contagi\u00e1ndonos para poder generar reflexi\u00f3n, inter\u00e9s para poder prevenir y combatir este atroz delito. A toda la sociedad civil hoy le reitero, nuestro compromiso de seguir trabajando de la mano para prevenir, para sancionar, para combatir este mal\u201d, expres\u00f3. A este evento asistieron Roberto Borge Angulo y Manuel Velasco Coello, gobernadores de Quintana Roo y Chiapas, respectivamente; as\u00ed como el gobernador argentino de C\u00f3rdoba, Jos\u00e9 Manuel de la Sota, con quien el gobierno del Estado de M\u00e9xico firm\u00f3 recientemente un convenio de colaboraci\u00f3n, quienes tambi\u00e9n recibieron dicho reconocimiento. Eruviel \u00c1vila destac\u00f3 que unidos, sociedad civil y autoridades, llevan a cabo grandes cosas por M\u00e9xico, por lo que dicha distinci\u00f3n, la acepta con humildad en nombre de los supervivientes v\u00edctimas de la trata de personas, considerada la esclavitud del siglo 21. El gobernador reconoci\u00f3 a sus hom\u00f3logos y autoridades presentes Puebla, Tlaxcala, Veracruz y Coahuila, as\u00ed como del Distrito Federal y la Secretar\u00eda de Turismo del gobierno de la Rep\u00fablica, que tambi\u00e9n recibieron la distinci\u00f3n.<\/p>\n<p><em><a href=\"mailto:montanezaguilar@gmail.com\" target=\"_blank\">montanezaguilar@gmail.com<\/a><\/em><\/p>\n","protected":false},"excerpt":{"rendered":"<p><span style=\"color: #005497;\"><strong>Jos\u00e9 Luis Monta\u00f1ez Aguilar<\/strong><\/span><br \/>\n<br \/>\nEl gobernador Eruviel \u00c1vila Villegas recibi\u00f3 el reconocimiento <em>Todos Dejamos Huella<\/em>, por parte de la Comisi\u00f3n Unidos Contra la Trata, presidida por Rosi Orozco, por el trabajo realizado en el combate y prevenci\u00f3n de este delito, donde reiter\u00f3 la disposici\u00f3n del gobierno del Estado de M\u00e9xico para continuar trabajando, junto con la sociedad civil, en contra del lastre social que es la trata de personas.<\/p>\n","protected":false},"author":3,"featured_media":191761,"comment_status":"open","ping_status":"open","sticky":false,"template":"","format":"standard","meta":{"_monsterinsights_skip_tracking":false,"_monsterinsights_sitenote_active":false,"_monsterinsights_sitenote_note":"","_monsterinsights_sitenote_category":0,"footnotes":""},"categories":[5],"tags":[13284,5828,43704,43674],"class_list":["post-191701","post","type-post","status-publish","format-standard","has-post-thumbnail","hentry","category-estado-de-mexico","tag-arco-norte","tag-eruviel-avila-villegas","tag-jose-luis-montanez-aguilar","tag-opinion"],"_links":{"self":[{"href":"https:\/\/www.diarioimagen.net\/index.php?rest_route=\/wp\/v2\/posts\/191701","targetHints":{"allow":["GET"]}}],"collection":[{"href":"https:\/\/www.diarioimagen.net\/index.php?rest_route=\/wp\/v2\/posts"}],"about":[{"href":"https:\/\/www.diarioimagen.net\/index.php?rest_route=\/wp\/v2\/types\/post"}],"author":[{"embeddable":true,"href":"https:\/\/www.diarioimagen.net\/index.php?rest_route=\/wp\/v2\/users\/3"}],"replies":[{"embeddable":true,"href":"https:\/\/www.diarioimagen.net\/index.php?rest_route=%2Fwp%2Fv2%2Fcomments&post=191701"}],"version-history":[{"count":0,"href":"https:\/\/www.diarioimagen.net\/index.php?rest_route=\/wp\/v2\/posts\/191701\/revisions"}],"wp:featuredmedia":[{"embeddable":true,"href":"https:\/\/www.diarioimagen.net\/index.php?rest_route=\/wp\/v2\/media\/191761"}],"wp:attachment":[{"href":"https:\/\/www.diarioimagen.net\/index.php?rest_route=%2Fwp%2Fv2%2Fmedia&parent=191701"}],"wp:term":[{"taxonomy":"category","embeddable":true,"href":"https:\/\/www.diarioimagen.net\/index.php?rest_route=%2Fwp%2Fv2%2Fcategories&post=191701"},{"taxonomy":"post_tag","embeddable":true,"href":"https:\/\/www.diarioimagen.net\/index.php?rest_route=%2Fwp%2Fv2%2Ftags&post=191701"}],"curies":[{"name":"wp","href":"https:\/\/api.w.org\/{rel}","templated":true}]}}