{"id":191715,"date":"2014-10-06T00:08:37","date_gmt":"2014-10-06T05:08:37","guid":{"rendered":"http:\/\/www.diarioimagen.net\/?p=191715"},"modified":"2014-10-06T03:36:24","modified_gmt":"2014-10-06T08:36:24","slug":"acaban-con-la-educacion-tecnologica","status":"publish","type":"post","link":"https:\/\/www.diarioimagen.net\/?p=191715","title":{"rendered":"Acaban con la educaci\u00f3n tecnol\u00f3gica"},"content":{"rendered":"<h2>\u00cdndice pol\u00edtico<\/h2>\n<h5>Francisco Rodr\u00edguez<\/h5>\n<p>&nbsp;<\/p>\n<p>Mano de obra barata. Y no capacitada, para que sea todav\u00eda m\u00e1s barata. Esa es la oferta a los inversionistas extranjeros. Traigan su dinero, erijan plantas productivas, les regalamos terrenos, agua, energ\u00eda y paguen salarios de miseria: por no estar instruida, la masa laboral es acr\u00edtica y est\u00e1 sometida al control de sindicatos charros, paleros.<\/p>\n<p>Lo intentaron en el IPN. Y su comunidad lo detuvo, aunque a\u00fan no lo impide.<\/p>\n<p>Pero ya lo llevaron a cabo en todas las escuelas dependientes de la Direcci\u00f3n General de Educaci\u00f3n Tecnol\u00f3gica (DGETI) de la SEP, merced a la Reforma Educativa Integral de la Educaci\u00f3n Media Superior (REIMS).<\/p>\n<p>Me lo explican: Caracterizaba a la educaci\u00f3n tecnol\u00f3gica el apoyo e impulso a la actividad productiva. Ese prop\u00f3sito se ha sepultado, degradado o diluido.<\/p>\n<p>Las especialidades tecnol\u00f3gicas que impart\u00eda, tend\u00edan a vincularse con los requerimientos de las econom\u00edas locales y regionales del pa\u00eds, mediante las modalidades de Bachilleratos Tecnol\u00f3gicos y de T\u00e9cnicos Profesionales Especializados, as\u00ed como una oferta educativa diversa y plural.<\/p>\n<p>Los Centros de Bachillerato Tecnol\u00f3gico Industrial y de Servicios (CBTIS), como los Centros Tecnol\u00f3gico Industrial y de Servicios (CETIS), respectivamente, cumpl\u00edan con esa finalidad estrat\u00e9gica de la educaci\u00f3n tecnol\u00f3gica, hoy obsoleta o desactualizada y, en consecuencia, desarticulada con la realidad. Con ellos, se apoy\u00f3 el crecimiento y expansi\u00f3n de la actividad econ\u00f3mica del pa\u00eds. Los CBETIS formaron a j\u00f3venes con vocaci\u00f3n tecnol\u00f3gica y, a su vez, fomentaron la aspiraci\u00f3n de quienes leg\u00edtimamente buscaban continuar estudios de educaci\u00f3n superior. Los CETIS propiciaron la formaci\u00f3n de t\u00e9cnicos profesionales calificados que la industria y los servicios demandaban.<\/p>\n<p>Hoy, en la pr\u00e1ctica, los CETIS han desaparecido y, los existentes, operan y funcionan como CBETIS, sin los contenidos ni la fortaleza curricular correspondiente. Esa degradaci\u00f3n la ocasiona la reducci\u00f3n horaria de las materias tecnol\u00f3gicas, as\u00ed como su desvinculaci\u00f3n con la utilizaci\u00f3n de maquinaria y equipo digitalizado que emplean crecientemente la planta industrial y los servicios.<\/p>\n<p>As\u00ed, la impartici\u00f3n marginal de las especialidades tecnol\u00f3gicas a partir del segundo semestre de la educaci\u00f3n media superior, se realiza mediante un sistema modular y sub-modular que fracciona el conocimiento, disociando los procesos de la totalidad existente en la diaria realidad, en aras de alcanzar vol\u00e1tiles competencias y habilidades para el educando, como m\u00e1ximo resultado de su formaci\u00f3n escolar.<\/p>\n<p>A esas circunstancias de gesti\u00f3n acad\u00e9mica prevalecientes en la DGETI, hay que sumar la diluci\u00f3n de la cultura humanista, comprimida en la materia denominada Ciencia, Tecnolog\u00eda y Valores. De modo que, en un riguroso an\u00e1lisis la Historia, la Filosof\u00eda o la L\u00f3gica desaparecen para el alumnado, por lo comprendido de dicha materia, con lo cual su capacidad de ubicaci\u00f3n y reconocimiento de su entorno aqu\u00ed y ahora es, en los hechos, nulo. No hay, de ese modo, condiciones para propiciar la formaci\u00f3n del hombre con capacidad para pensar por cuenta propia el mundo y la vida.<\/p>\n<p>Con esa deficiente preparaci\u00f3n acad\u00e9mica y baja calificaci\u00f3n tecnol\u00f3gica, los egresados de la DGETI no son aptos ni para continuar seriamente con estudios superiores, ni para colocarse en los exigentes mercados laborales. La REIMS ha despojado al pa\u00eds de los CETIS y ha privado a la industria y los servicios de los t\u00e9cnicos profesionales. A las familias y a la sociedad, vinculada a la educaci\u00f3n tecnol\u00f3gica que imparte la DGETI, les ha impedido acceder a mejores niveles de bienestar y, contrariamente, los ha hecho vulnerables ante la delincuencia organizada.<\/p>\n<p>Ese modelo educativo sustentado en una visi\u00f3n y pr\u00e1ctica modular de las especialidades tecnol\u00f3gicas, as\u00ed como la desaparici\u00f3n o simplificaci\u00f3n de grados acad\u00e9micos instituidos en la DGETI, ahora, mutatis mutandi, se pretende ensayar y poner en marcha en el IPN, precisamente por el mismo equipo que lo instal\u00f3 en esa Dependencia de la educaci\u00f3n media superior, encabezado por Dafnny J. Rosado Moreno, ahora desde la plataforma de la revista Innovaci\u00f3n Educativa y la Secretar\u00eda Acad\u00e9mica de ese Instituto.<\/p>\n<p>La reforma educativa camina&#8230; hacia atr\u00e1s.<\/p>\n<p style=\"text-align: center;\"><strong>DE BURROS A ENFERMOS<\/strong><\/p>\n<p>Cuando Alejandro Encinas \u2014aqu\u00ed entre nos, el m\u00e1s obediente de los cercanos a AMLO\u2014 orden\u00f3 que metieran, encajuelado, a San L\u00e1zaro al dipunarco michoacano, hermano de Leonel Godoy, para esconderlo atr\u00e1s de las curules, jam\u00e1s se imagin\u00f3 las repercusiones que iba a tener su \u201carrojo\u201d \u200ec\u00f3mplice.<\/p>\n<p>Ahora, es el flamante presidente de la mesa y coordinador de la bancada amarilla, el inteligente y audaz diputado Silvano Aureoles, quien busca la mano de \u201cDo\u00f1a Leonor\u201d en Michoac\u00e1n \u2014y se la van a dar por m\u00e9ritos impropios\u2014, quien comete la segunda burrada,\u200e digna del mejor aborto de Serrano Lim\u00f3n, aqu\u00e9l tristemente c\u00e9lebre pudibundo de ProVida.<\/p>\n<p>Propone el pobre de Aureoles que las secretar\u00edas de Defensa, Marina, el Cisen, la PGR y todos los \u00f3rganos de inteligencia le apliquen el pol\u00edgrafo y el detector de mentiras\u200e, m\u00e1s lo que se agregue, but of course, a todos los candidatos de todos los partidos, \u201cporque luego nos llevamos sorpresas\u201d (\u00bfnos, Kemo Sabi?).<\/p>\n<p>Vamos a hacer de cuenta que no lo o\u00edmos ni tampoco le\u00edmos sus declaraciones, en pro de la vida civilizada y el respeto al inter\u00e9s p\u00fablico, se\u00f1or diputado. El hecho de que su partido haya cometido esos desprop\u00f3sitos no alcanza para querer militarizar la vida pol\u00edtica. Demasiado tenemos que lamentar con Tlatlaya, Iguala, Tierra Caliente y Oaxaca, entre otros.<\/p>\n<p>Lo que hace Aureoles para ponerse el huarache y quedar bien en Los Pinos\u200e, es propio de mentecatos, y de los que rinden culto al patr\u00f3n y se despiden de su borrachita porque los mandaron llamar a la capital. No de quien quiere lidiar, sin calzones, con un estado bronco, como sin duda es Michoac\u00e1n.<\/p>\n<p>\u00bfPor qu\u00e9 todo mundo quiere que se solucionen las cosas, s\u00f3lo para olvidar sus errores? \u00a1Demasiadas desgracias suceden a diario para todav\u00eda hacerles caso a enajenados e ignorantes enfermos de poder!<\/p>\n<p><strong><em>\u00cdndice Flam\u00edgero:<\/em><\/strong> Expectaci\u00f3n excesiva. Un raro caso en que se impone el mercado de productores sobre el mercado de compradores. Inusual, in\u00e9dita, la demanda saturada de boletos en taquilla electr\u00f3nica para un estreno teatral que, dice la productora Ocesa, \u201char\u00e1 \u00e9poca\u201d. Pol\u00edticos de ambos sexos, del pasado reciente y de la actualidad se arrebatan la oportunidad de acudir al estreno de la obra \u201cSin censura\u201d, que marca la reaparici\u00f3n en M\u00e9xico del cubano William Levi y la actuaci\u00f3n de algunos galanes j\u00f3venes de la pantalla chica, como David Zepeda y Salvador Zerboni, \u00edconos generacionales, toda una camada de relevo. Los espectaculares en calles de la ciudad, sugerentes y atrevidos, muestran una pl\u00e9yade de \u201cactores\u201d, con el torso desnudo y gestos provocativos que revivir\u00e1n los sonados \u00e9xitos de finales de los ochenta, \u201cChippendale\u201d y \u201cS\u00f3lo para mujeres\u201d, que marcaron un hito en la sociedad mexicana del \u201cdestape\u201d. Ojal\u00e1 sea para bien del espect\u00e1culo y no para exhibir flaquezas, debilidades y adicciones de personajes de la vida p\u00fablica, pues \u00a1ser\u00eda el colmo! Bastante hemos aguantado verdades crudas, sin derecho a obtener ninguna recompensa en desagravio social. Por cierto, todo parece indicar que la L\u00ednea 12 a Tl\u00e1huac, empezar\u00e1 a funcionar a principios del 2016. \u00bfQu\u00e9 le parece? + + + Hay m\u00e1s fosas en Iguala. Todo se hubiera evitado, de no haber liberado la PFP \u2014\u00bfa cambio de 9 millones?, \u00bfde pesos?, \u00bfde d\u00f3lares?\u2014 a Miguel Ben\u00edtez Palacios aka \u201cEl Oso\u201d, quien controla la zona con ayuda de los tres niveles del dizque gobierno de Guerrero. Por cierto, \u00bfser\u00e1 cierta la versi\u00f3n que por all\u00e1 corre de que en el helic\u00f3ptero que usa el \u201cgobernador\u201d transportan chiva? De 50 a 70 kilos de hero\u00edna se producen mensualmente en la zona. + + + Por su amplia y brillante trayectoria acad\u00e9mica como alumna y catedr\u00e1tica de la Facultad de Derecho de la Universidad Nacional Aut\u00f3noma de M\u00e9xico; su larga, comprometida y sobresaliente carrera en el Poder Judicial de la Federaci\u00f3n, donde ha ocupado pr\u00e1cticamente todos y cada uno de los puestos que integran la curr\u00edcula en este poder federal, entre otros atributos, la ministra Margarita Luna Ramos ingresa hoy \u2014ceremonia en Bellas Artes\u2014 a la Academia Mexicana de Ciencia Pol\u00edtica. \u00a1Enhorabuena!<\/p>\n<p><em><a href=\"http:\/\/www.indicepolitico.com\/\" target=\"_blank\">www.indicepolitico.com<\/a><br \/>\n<\/em><em><a href=\"mailto:pacorodriguez@journalist.com\" target=\"_blank\">pacorodriguez@journalist.com<\/a><\/em><\/p>\n","protected":false},"excerpt":{"rendered":"<p><span style=\"color: #005497;\"><strong>Francisco Rodr\u00edguez<\/strong><\/span><\/p>\n","protected":false},"author":3,"featured_media":0,"comment_status":"open","ping_status":"open","sticky":false,"template":"","format":"standard","meta":{"_monsterinsights_skip_tracking":false,"_monsterinsights_sitenote_active":false,"_monsterinsights_sitenote_note":"","_monsterinsights_sitenote_category":0,"footnotes":""},"categories":[549],"tags":[43689,550,43674],"class_list":["post-191715","post","type-post","status-publish","format-standard","hentry","category-francisco-rodriguez","tag-francisco-rodriguez","tag-indice-politico","tag-opinion"],"_links":{"self":[{"href":"https:\/\/www.diarioimagen.net\/index.php?rest_route=\/wp\/v2\/posts\/191715","targetHints":{"allow":["GET"]}}],"collection":[{"href":"https:\/\/www.diarioimagen.net\/index.php?rest_route=\/wp\/v2\/posts"}],"about":[{"href":"https:\/\/www.diarioimagen.net\/index.php?rest_route=\/wp\/v2\/types\/post"}],"author":[{"embeddable":true,"href":"https:\/\/www.diarioimagen.net\/index.php?rest_route=\/wp\/v2\/users\/3"}],"replies":[{"embeddable":true,"href":"https:\/\/www.diarioimagen.net\/index.php?rest_route=%2Fwp%2Fv2%2Fcomments&post=191715"}],"version-history":[{"count":0,"href":"https:\/\/www.diarioimagen.net\/index.php?rest_route=\/wp\/v2\/posts\/191715\/revisions"}],"wp:attachment":[{"href":"https:\/\/www.diarioimagen.net\/index.php?rest_route=%2Fwp%2Fv2%2Fmedia&parent=191715"}],"wp:term":[{"taxonomy":"category","embeddable":true,"href":"https:\/\/www.diarioimagen.net\/index.php?rest_route=%2Fwp%2Fv2%2Fcategories&post=191715"},{"taxonomy":"post_tag","embeddable":true,"href":"https:\/\/www.diarioimagen.net\/index.php?rest_route=%2Fwp%2Fv2%2Ftags&post=191715"}],"curies":[{"name":"wp","href":"https:\/\/api.w.org\/{rel}","templated":true}]}}