{"id":191717,"date":"2014-10-06T00:09:58","date_gmt":"2014-10-06T05:09:58","guid":{"rendered":"http:\/\/www.diarioimagen.net\/?p=191717"},"modified":"2014-10-06T03:29:31","modified_gmt":"2014-10-06T08:29:31","slug":"buscan-9-mil-jovenes-ir-a-su-primer-empleo","status":"publish","type":"post","link":"https:\/\/www.diarioimagen.net\/?p=191717","title":{"rendered":"Buscan 9 mil j\u00f3venes ir a su primer empleo"},"content":{"rendered":"<ul>\n<li><strong><em>Programa de la Sedesol del GDF<\/em><\/strong><\/li>\n<\/ul>\n<div id=\"attachment_191779\" style=\"width: 250px\" class=\"wp-caption alignleft\"><a href=\"http:\/\/www.diarioimagen.net\/wp-content\/uploads\/2014\/10\/rosa-icela-2457.jpg\"><img loading=\"lazy\" decoding=\"async\" aria-describedby=\"caption-attachment-191779\" class=\"size-medium wp-image-191779\" src=\"http:\/\/www.diarioimagen.net\/wp-content\/uploads\/2014\/10\/rosa-icela-2457-240x135.jpg\" alt=\"Rosa Icela Rodr\u00edguez, titular de la Secretar\u00eda de Desarrollo Social del gobierno del Distrito Federal.\" width=\"240\" height=\"135\" srcset=\"https:\/\/www.diarioimagen.net\/wp-content\/uploads\/2014\/10\/rosa-icela-2457-240x135.jpg 240w, https:\/\/www.diarioimagen.net\/wp-content\/uploads\/2014\/10\/rosa-icela-2457-420x236.jpg 420w, https:\/\/www.diarioimagen.net\/wp-content\/uploads\/2014\/10\/rosa-icela-2457-235x132.jpg 235w, https:\/\/www.diarioimagen.net\/wp-content\/uploads\/2014\/10\/rosa-icela-2457-202x114.jpg 202w, https:\/\/www.diarioimagen.net\/wp-content\/uploads\/2014\/10\/rosa-icela-2457-350x196.jpg 350w, https:\/\/www.diarioimagen.net\/wp-content\/uploads\/2014\/10\/rosa-icela-2457-220x123.jpg 220w, https:\/\/www.diarioimagen.net\/wp-content\/uploads\/2014\/10\/rosa-icela-2457-237x132.jpg 237w, https:\/\/www.diarioimagen.net\/wp-content\/uploads\/2014\/10\/rosa-icela-2457.jpg 480w\" sizes=\"auto, (max-width: 240px) 100vw, 240px\" \/><\/a><p id=\"caption-attachment-191779\" class=\"wp-caption-text\">Rosa Icela Rodr\u00edguez, titular de la Secretar\u00eda de Desarrollo Social del gobierno del Distrito Federal.<\/p><\/div>\n<p>La titular de la Secretar\u00eda de Desarrollo Social del gobierno del Distrito Federal dio a conocer que se encuentran en proceso de revisi\u00f3n 9 mil solicitudes de j\u00f3venes que quieren incorporarse al programa Mi Primer Trabajo.<\/p>\n<p>A trav\u00e9s de esa acci\u00f3n, los beneficiados se capacitar\u00e1n y obtendr\u00e1n un apoyo econ\u00f3mico para incorporarse a la vida laboral, agreg\u00f3 la dependencia en un comunicado.<\/p>\n<p>En la estrategia de gobierno participan la Injuve, del Distrito Federal, para incorporar a la vida laboral a 10 mil j\u00f3venes de esta ciudad con secundaria, preparatoria o licenciatura inconclusas o terminadas.<\/p>\n<p>En s\u00f3lo 10 d\u00edas cerca de nueve mil j\u00f3venes solicitaron su registro al programa y en lo que va del proceso de revisi\u00f3n se detectaron m\u00e1s de dos mil casos que son de estados circunvecinos, a pesar de que el programa es \u00fanicamente para habitantes del Distrito Federal.<\/p>\n","protected":false},"excerpt":{"rendered":"<p>La titular de la Secretar\u00eda de Desarrollo Social del gobierno del Distrito Federal dio a conocer que se encuentran en proceso de revisi\u00f3n 9 mil solicitudes de j\u00f3venes que quieren incorporarse al programa Mi Primer Trabajo.<\/p>\n","protected":false},"author":3,"featured_media":191779,"comment_status":"open","ping_status":"open","sticky":false,"template":"","format":"standard","meta":{"_monsterinsights_skip_tracking":false,"_monsterinsights_sitenote_active":false,"_monsterinsights_sitenote_note":"","_monsterinsights_sitenote_category":0,"footnotes":""},"categories":[6],"tags":[204],"class_list":["post-191717","post","type-post","status-publish","format-standard","has-post-thumbnail","hentry","category-cd-de-mexico","tag-ciudad-de-mexico"],"_links":{"self":[{"href":"https:\/\/www.diarioimagen.net\/index.php?rest_route=\/wp\/v2\/posts\/191717","targetHints":{"allow":["GET"]}}],"collection":[{"href":"https:\/\/www.diarioimagen.net\/index.php?rest_route=\/wp\/v2\/posts"}],"about":[{"href":"https:\/\/www.diarioimagen.net\/index.php?rest_route=\/wp\/v2\/types\/post"}],"author":[{"embeddable":true,"href":"https:\/\/www.diarioimagen.net\/index.php?rest_route=\/wp\/v2\/users\/3"}],"replies":[{"embeddable":true,"href":"https:\/\/www.diarioimagen.net\/index.php?rest_route=%2Fwp%2Fv2%2Fcomments&post=191717"}],"version-history":[{"count":0,"href":"https:\/\/www.diarioimagen.net\/index.php?rest_route=\/wp\/v2\/posts\/191717\/revisions"}],"wp:featuredmedia":[{"embeddable":true,"href":"https:\/\/www.diarioimagen.net\/index.php?rest_route=\/wp\/v2\/media\/191779"}],"wp:attachment":[{"href":"https:\/\/www.diarioimagen.net\/index.php?rest_route=%2Fwp%2Fv2%2Fmedia&parent=191717"}],"wp:term":[{"taxonomy":"category","embeddable":true,"href":"https:\/\/www.diarioimagen.net\/index.php?rest_route=%2Fwp%2Fv2%2Fcategories&post=191717"},{"taxonomy":"post_tag","embeddable":true,"href":"https:\/\/www.diarioimagen.net\/index.php?rest_route=%2Fwp%2Fv2%2Ftags&post=191717"}],"curies":[{"name":"wp","href":"https:\/\/api.w.org\/{rel}","templated":true}]}}