{"id":191754,"date":"2014-10-06T00:08:58","date_gmt":"2014-10-06T05:08:58","guid":{"rendered":"http:\/\/www.diarioimagen.net\/?p=191754"},"modified":"2014-10-06T03:32:36","modified_gmt":"2014-10-06T08:32:36","slug":"naucalpan-celebra-los-32-anos-del-parque-naucalli","status":"publish","type":"post","link":"https:\/\/www.diarioimagen.net\/?p=191754","title":{"rendered":"Naucalpan celebra los 32 a\u00f1os del parque Naucalli"},"content":{"rendered":"<ul>\n<li><strong><em>Tiene nueva vida, afirma el edil<\/em><\/strong><\/li>\n<\/ul>\n<p><strong><a href=\"http:\/\/www.diarioimagen.net\/wp-content\/uploads\/2014\/10\/NAUCALPAN-2457.jpg\"><img loading=\"lazy\" decoding=\"async\" class=\"alignleft size-medium wp-image-191785\" src=\"http:\/\/www.diarioimagen.net\/wp-content\/uploads\/2014\/10\/NAUCALPAN-2457-240x135.jpg\" alt=\"NAUCALPAN-2457\" width=\"240\" height=\"135\" srcset=\"https:\/\/www.diarioimagen.net\/wp-content\/uploads\/2014\/10\/NAUCALPAN-2457-240x135.jpg 240w, https:\/\/www.diarioimagen.net\/wp-content\/uploads\/2014\/10\/NAUCALPAN-2457-420x236.jpg 420w, https:\/\/www.diarioimagen.net\/wp-content\/uploads\/2014\/10\/NAUCALPAN-2457-235x132.jpg 235w, https:\/\/www.diarioimagen.net\/wp-content\/uploads\/2014\/10\/NAUCALPAN-2457-202x114.jpg 202w, https:\/\/www.diarioimagen.net\/wp-content\/uploads\/2014\/10\/NAUCALPAN-2457-350x196.jpg 350w, https:\/\/www.diarioimagen.net\/wp-content\/uploads\/2014\/10\/NAUCALPAN-2457-220x123.jpg 220w, https:\/\/www.diarioimagen.net\/wp-content\/uploads\/2014\/10\/NAUCALPAN-2457-237x132.jpg 237w, https:\/\/www.diarioimagen.net\/wp-content\/uploads\/2014\/10\/NAUCALPAN-2457.jpg 480w\" sizes=\"auto, (max-width: 240px) 100vw, 240px\" \/><\/a>Naucalpan, Estado de M\u00e9xico<\/strong>.- El presidente municipal David S\u00e1nchez Guevara celebr\u00f3 el 32 aniversario del parque Naucalli, donde asegur\u00f3 que el parque tiene una nueva vida, y reconoci\u00f3 que la Plaza Estado de M\u00e9xico, construida por el gobernador Eruviel \u00c1vila, es un gran legado que disfrutar\u00e1n los mexiquenses.<\/p>\n<p>\u201cHoy celebramos los 32 a\u00f1os del parque Naucalli, y debemos reconocer el gran legado que nos deja un hombre que piensa y logra en grande, nuestro gobernador Eruviel \u00c1vila Villegas, con la Plaza Estado de M\u00e9xico, que se convierte en un punto de convivencia para las familias no s\u00f3lo de nuestro querido Naucalpan, sino de todos los mexiquenses que vienen aqu\u00ed\u201d, afirm\u00f3 el alcalde.<\/p>\n<p>S\u00e1nchez Guevara record\u00f3 que el 1 de enero de 2013, cuando asumi\u00f3 el cargo, lament\u00f3 las condiciones en que se encontraba el parque, pero de la mano de la directora del mismo, Jessica Valencia, \u00e9ste ha cobrado nuevos br\u00edos.<\/p>\n<p>\u201cHoy hemos forjado la transformaci\u00f3n de este espacio, que sigue y seguir\u00e1 siendo el punto de reuni\u00f3n de miles de familias, no s\u00f3lo de Naucalpan, sino de todo el Estado de M\u00e9xico, y de estados vecinos que vienen a disfrutar de \u00e9l\u201d.<\/p>\n<p>Acompa\u00f1ado por el secretario del ayuntamiento, Carlos Gabriel Villasana; el s\u00edndico Jos\u00e9 Juan Vergara Mill\u00e1n, y las regidoras Lucina Cort\u00e9s Cornejo y Linda D\u00e9bora Gleason Ruiz, as\u00ed como directores del gobierno municipal, S\u00e1nchez Guevara parti\u00f3 el pastel que disfrut\u00f3 junto a los asistentes.<\/p>\n","protected":false},"excerpt":{"rendered":"<p>El presidente municipal David S\u00e1nchez Guevara celebr\u00f3 el 32 aniversario del parque Naucalli, donde asegur\u00f3 que el parque tiene una nueva vida, y reconoci\u00f3 que la Plaza Estado de M\u00e9xico, construida por el gobernador Eruviel \u00c1vila, es un gran legado que disfrutar\u00e1n los mexiquenses.<\/p>\n","protected":false},"author":3,"featured_media":191785,"comment_status":"open","ping_status":"open","sticky":false,"template":"","format":"standard","meta":{"_monsterinsights_skip_tracking":false,"_monsterinsights_sitenote_active":false,"_monsterinsights_sitenote_note":"","_monsterinsights_sitenote_category":0,"footnotes":""},"categories":[5],"tags":[43675,970,36117],"class_list":["post-191754","post","type-post","status-publish","format-standard","has-post-thumbnail","hentry","category-estado-de-mexico","tag-estado-de-mexico","tag-naucalpan","tag-parque-naucalli"],"_links":{"self":[{"href":"https:\/\/www.diarioimagen.net\/index.php?rest_route=\/wp\/v2\/posts\/191754","targetHints":{"allow":["GET"]}}],"collection":[{"href":"https:\/\/www.diarioimagen.net\/index.php?rest_route=\/wp\/v2\/posts"}],"about":[{"href":"https:\/\/www.diarioimagen.net\/index.php?rest_route=\/wp\/v2\/types\/post"}],"author":[{"embeddable":true,"href":"https:\/\/www.diarioimagen.net\/index.php?rest_route=\/wp\/v2\/users\/3"}],"replies":[{"embeddable":true,"href":"https:\/\/www.diarioimagen.net\/index.php?rest_route=%2Fwp%2Fv2%2Fcomments&post=191754"}],"version-history":[{"count":0,"href":"https:\/\/www.diarioimagen.net\/index.php?rest_route=\/wp\/v2\/posts\/191754\/revisions"}],"wp:featuredmedia":[{"embeddable":true,"href":"https:\/\/www.diarioimagen.net\/index.php?rest_route=\/wp\/v2\/media\/191785"}],"wp:attachment":[{"href":"https:\/\/www.diarioimagen.net\/index.php?rest_route=%2Fwp%2Fv2%2Fmedia&parent=191754"}],"wp:term":[{"taxonomy":"category","embeddable":true,"href":"https:\/\/www.diarioimagen.net\/index.php?rest_route=%2Fwp%2Fv2%2Fcategories&post=191754"},{"taxonomy":"post_tag","embeddable":true,"href":"https:\/\/www.diarioimagen.net\/index.php?rest_route=%2Fwp%2Fv2%2Ftags&post=191754"}],"curies":[{"name":"wp","href":"https:\/\/api.w.org\/{rel}","templated":true}]}}